{"id":5987,"date":"2010-01-10T12:47:14","date_gmt":"2010-01-10T11:47:14","guid":{"rendered":"http:\/\/www.po-l.com\/belogue\/?p=5987"},"modified":"2011-12-19T12:09:28","modified_gmt":"2011-12-19T10:09:28","slug":"shooting-people-59","status":"publish","type":"post","link":"https:\/\/www.wallendorff.com\/belogue\/2010\/01\/10\/shooting-people-59\/","title":{"rendered":"Shooting people #59."},"content":{"rendered":"<div id=\"photo\">\n<p><img decoding=\"async\" src=\"https:\/\/www.wallendorff.com\/belogue\/photo\/2010\/01\/20100110.jpg\" \/><br \/>\n  <em>L&rsquo;Insoutenable solitude du non-fumeur pendant le trou nicotinique<\/em>. Assemblement en deux dimensions de lumi&egrave;re capt&eacute;e au moyen d&rsquo;un dispositif de conversion photo&eacute;lectrique, d&eacute;but du XXI<sup>e<\/sup> si&egrave;cle, mus&eacute;e d&rsquo;Histoire pr&eacute;-reptilienne de Paris 47.<\/p>\n<\/div>\n<div id=\"bandeson\">\n<p><img decoding=\"async\" src=\"https:\/\/www.wallendorff.com\/belogue\/photo\/pochettes\/k\/kills_the-keep_on_your_mean_side.jpg\" align=\"left\" \/>&nbsp;<a href=\"http:\/\/www.thekills.tv\/\">The Kills<\/a> &ndash; <em>Gispy Death &amp; You<\/em><\/p>\n<\/div>\n","protected":false},"excerpt":{"rendered":"<p>L&rsquo;Insoutenable solitude du non-fumeur pendant le trou nicotinique. Assemblement en deux dimensions de lumi&egrave;re capt&eacute;e au moyen d&rsquo;un dispositif de conversion photo&eacute;lectrique, d&eacute;but du XXIe si&egrave;cle, mus&eacute;e d&rsquo;Histoire pr&eacute;-reptilienne de Paris 47. &nbsp;The Kills &ndash; Gispy Death &amp; You<\/p>\n","protected":false},"author":1,"featured_media":25658,"comment_status":"open","ping_status":"open","sticky":false,"template":"","format":"standard","meta":{"_acf_changed":false,"ngg_post_thumbnail":0,"jetpack_post_was_ever_published":false,"_jetpack_newsletter_access":"","_jetpack_dont_email_post_to_subs":false,"_jetpack_newsletter_tier_id":0,"_jetpack_memberships_contains_paywalled_content":false,"_jetpack_memberships_contains_paid_content":false,"footnotes":"","jetpack_publicize_message":"","jetpack_publicize_feature_enabled":true,"jetpack_social_post_already_shared":false,"jetpack_social_options":{"image_generator_settings":{"template":"highway","default_image_id":0,"font":"","enabled":false},"version":2}},"categories":[8],"tags":[10268,10115,2571,2615,10120,3377,10121,3376,143,10098,10540,10334,10212],"class_list":["post-5987","post","type-post","status-publish","format-standard","has-post-thumbnail","hentry","category-portraits","tag-10268","tag-bar","tag-ef-16-35-mm-f28l-ii-usm","tag-eos-5d-mark-ii","tag-france","tag-gipsy-death-you","tag-ile-de-france","tag-le-bastringue","tag-noir-et-blanc","tag-paris","tag-restaurant","tag-table","tag-the-kills"],"acf":[],"geo":{"latitude":48.8879967,"longitude":2.3769736,"description":null},"jetpack_publicize_connections":[],"jetpack_featured_media_url":"https:\/\/www.wallendorff.com\/belogue\/wp-content\/uploads\/2015\/04\/201001101.jpg","jetpack_shortlink":"https:\/\/wp.me\/p3b35P-1yz","jetpack_sharing_enabled":true,"jetpack-related-posts":[{"id":129839,"url":"https:\/\/www.wallendorff.com\/belogue\/2024\/08\/05\/a-paris-a-velo-on-passe-devant-le-mcdo\/","url_meta":{"origin":5987,"position":0},"title":"\u00c0 Paris, \u00e0 v\u00e9lo [on passe devant le McDo].","author":"dpc","date":"5 ao\u00fbt 2024","format":false,"excerpt":"Bien :Je n'avais jamais chout\u00e9 de course v\u00e9locip\u00e9dique. C'\u00e9tait int\u00e9ressant \u00e0 faire.Maintenant je pourrai raconter \u00e0 tout le monde que oui oui j'ai d\u00e9j\u00e0 fait des photos aux jeux olympiques.Pas bien :J'aurais d\u00fb prendre un t\u00e9l\u00e9objectif car il y a bien des choses vues que je n'ai pu attraper.","rel":"","context":"Dans &quot;DPC&quot;","block_context":{"text":"DPC","link":"https:\/\/www.wallendorff.com\/belogue\/category\/dpc\/"},"img":{"alt_text":"","src":"https:\/\/i0.wp.com\/www.wallendorff.com\/belogue\/wp-content\/uploads\/2024\/08\/20240805-05.jpg?resize=350%2C200&ssl=1","width":350,"height":200,"srcset":"https:\/\/i0.wp.com\/www.wallendorff.com\/belogue\/wp-content\/uploads\/2024\/08\/20240805-05.jpg?resize=350%2C200&ssl=1 1x, https:\/\/i0.wp.com\/www.wallendorff.com\/belogue\/wp-content\/uploads\/2024\/08\/20240805-05.jpg?resize=525%2C300&ssl=1 1.5x, https:\/\/i0.wp.com\/www.wallendorff.com\/belogue\/wp-content\/uploads\/2024\/08\/20240805-05.jpg?resize=700%2C400&ssl=1 2x, https:\/\/i0.wp.com\/www.wallendorff.com\/belogue\/wp-content\/uploads\/2024\/08\/20240805-05.jpg?resize=1050%2C600&ssl=1 3x"},"classes":[]},{"id":130781,"url":"https:\/\/www.wallendorff.com\/belogue\/2024\/10\/10\/reinstallation-de-la-croix-du-chevet-de-notre-dame\/","url_meta":{"origin":5987,"position":1},"title":"R\u00e9installation de la croix du chevet de Notre-Dame","author":"dpc","date":"10 octobre 2024","format":false,"excerpt":"","rel":"","context":"Dans &quot;DPC&quot;","block_context":{"text":"DPC","link":"https:\/\/www.wallendorff.com\/belogue\/category\/dpc\/"},"img":{"alt_text":"","src":"https:\/\/i0.wp.com\/www.wallendorff.com\/belogue\/wp-content\/uploads\/2024\/10\/20241010-23.jpg?resize=350%2C200&ssl=1","width":350,"height":200,"srcset":"https:\/\/i0.wp.com\/www.wallendorff.com\/belogue\/wp-content\/uploads\/2024\/10\/20241010-23.jpg?resize=350%2C200&ssl=1 1x, https:\/\/i0.wp.com\/www.wallendorff.com\/belogue\/wp-content\/uploads\/2024\/10\/20241010-23.jpg?resize=525%2C300&ssl=1 1.5x, https:\/\/i0.wp.com\/www.wallendorff.com\/belogue\/wp-content\/uploads\/2024\/10\/20241010-23.jpg?resize=700%2C400&ssl=1 2x, https:\/\/i0.wp.com\/www.wallendorff.com\/belogue\/wp-content\/uploads\/2024\/10\/20241010-23.jpg?resize=1050%2C600&ssl=1 3x"},"classes":[]},{"id":134068,"url":"https:\/\/www.wallendorff.com\/belogue\/2025\/10\/16\/the-cat-empire-le-bataclan-paris-14-octobre-2025\/","url_meta":{"origin":5987,"position":2},"title":"The Cat Empire @ le Bataclan, Paris, 14 octobre 2025.","author":"dpc","date":"16 octobre 2025","format":false,"excerpt":"The Cat Empire @ le Bataclan, Paris, 14\/10\/2025 The Cat Empire @ le Bataclan, Paris, 14\/10\/2025 The Cat Empire @ le Bataclan, Paris, 14\/10\/2025 The Cat Empire @ le Bataclan, Paris, 14\/10\/2025 The Cat Empire @ le Bataclan, Paris, 14\/10\/2025 The Cat Empire @ le Bataclan, Paris, 14\/10\/2025 The Cat\u2026","rel":"","context":"Dans &quot;Alive&quot;","block_context":{"text":"Alive","link":"https:\/\/www.wallendorff.com\/belogue\/category\/alive\/"},"img":{"alt_text":"","src":"https:\/\/i0.wp.com\/www.wallendorff.com\/belogue\/wp-content\/uploads\/2025\/10\/20251016-12.jpg?resize=350%2C200&ssl=1","width":350,"height":200,"srcset":"https:\/\/i0.wp.com\/www.wallendorff.com\/belogue\/wp-content\/uploads\/2025\/10\/20251016-12.jpg?resize=350%2C200&ssl=1 1x, https:\/\/i0.wp.com\/www.wallendorff.com\/belogue\/wp-content\/uploads\/2025\/10\/20251016-12.jpg?resize=525%2C300&ssl=1 1.5x, https:\/\/i0.wp.com\/www.wallendorff.com\/belogue\/wp-content\/uploads\/2025\/10\/20251016-12.jpg?resize=700%2C400&ssl=1 2x, https:\/\/i0.wp.com\/www.wallendorff.com\/belogue\/wp-content\/uploads\/2025\/10\/20251016-12.jpg?resize=1050%2C600&ssl=1 3x"},"classes":[]},{"id":130660,"url":"https:\/\/www.wallendorff.com\/belogue\/2024\/09\/19\/heilung-le-zenith-paris-17-septembre-2024\/","url_meta":{"origin":5987,"position":3},"title":"Heilung @ le Z\u00e9nith, Paris, 17 septembre 2024.","author":"dpc","date":"19 septembre 2024","format":false,"excerpt":"Heilung @ le Z\u00e9nith, Paris, 17\/09\/2024 Heilung @ le Z\u00e9nith, Paris, 17\/09\/2024 Heilung @ le Z\u00e9nith, Paris, 17\/09\/2024 Heilung @ le Z\u00e9nith, Paris, 17\/09\/2024 Heilung @ le Z\u00e9nith, Paris, 17\/09\/2024 Heilung @ le Z\u00e9nith, Paris, 17\/09\/2024 Heilung @ le Z\u00e9nith, Paris, 17\/09\/2024 Heilung @ le Z\u00e9nith, Paris, 17\/09\/2024 Heilung @\u2026","rel":"","context":"Dans &quot;Alive&quot;","block_context":{"text":"Alive","link":"https:\/\/www.wallendorff.com\/belogue\/category\/alive\/"},"img":{"alt_text":"","src":"https:\/\/i0.wp.com\/www.wallendorff.com\/belogue\/wp-content\/uploads\/2024\/09\/20240919-34.jpg?resize=350%2C200&ssl=1","width":350,"height":200,"srcset":"https:\/\/i0.wp.com\/www.wallendorff.com\/belogue\/wp-content\/uploads\/2024\/09\/20240919-34.jpg?resize=350%2C200&ssl=1 1x, https:\/\/i0.wp.com\/www.wallendorff.com\/belogue\/wp-content\/uploads\/2024\/09\/20240919-34.jpg?resize=525%2C300&ssl=1 1.5x, https:\/\/i0.wp.com\/www.wallendorff.com\/belogue\/wp-content\/uploads\/2024\/09\/20240919-34.jpg?resize=700%2C400&ssl=1 2x, https:\/\/i0.wp.com\/www.wallendorff.com\/belogue\/wp-content\/uploads\/2024\/09\/20240919-34.jpg?resize=1050%2C600&ssl=1 3x"},"classes":[]},{"id":124851,"url":"https:\/\/www.wallendorff.com\/belogue\/2023\/06\/29\/at-home-astro-salon-international-de-laeronautique-et-de-lespace-le-bourget-20-et-22-juin-2023\/","url_meta":{"origin":5987,"position":4},"title":"At Home Astro @ Salon International de l&rsquo;A\u00e9ronautique et de l&rsquo;Espace, le Bourget, 20 et 22 juin 2023.","author":"dpc","date":"29 juin 2023","format":false,"excerpt":"Une exposition en partenariat avec l'Apave dans le cadre du Salon International de l'A\u00e9ronautique et de l'Espace de Paris-Le Bourget 2023.Merci \u00e0 Thomas Pesquet pour le pr\u00eat de ses imagesConception graphique : Laura L\u00e9sinTextes : Anne Pluvinage-Nierengarten et moi-m\u00eame.Premi\u00e8re photo : Marie Neubauer","rel":"","context":"Dans &quot;DPC&quot;","block_context":{"text":"DPC","link":"https:\/\/www.wallendorff.com\/belogue\/category\/dpc\/"},"img":{"alt_text":"","src":"https:\/\/i0.wp.com\/www.wallendorff.com\/belogue\/wp-content\/uploads\/2023\/06\/20230629-14.png?resize=350%2C200&ssl=1","width":350,"height":200,"srcset":"https:\/\/i0.wp.com\/www.wallendorff.com\/belogue\/wp-content\/uploads\/2023\/06\/20230629-14.png?resize=350%2C200&ssl=1 1x, https:\/\/i0.wp.com\/www.wallendorff.com\/belogue\/wp-content\/uploads\/2023\/06\/20230629-14.png?resize=525%2C300&ssl=1 1.5x, https:\/\/i0.wp.com\/www.wallendorff.com\/belogue\/wp-content\/uploads\/2023\/06\/20230629-14.png?resize=700%2C400&ssl=1 2x, https:\/\/i0.wp.com\/www.wallendorff.com\/belogue\/wp-content\/uploads\/2023\/06\/20230629-14.png?resize=1050%2C600&ssl=1 3x"},"classes":[]},{"id":132374,"url":"https:\/\/www.wallendorff.com\/belogue\/2025\/06\/01\/lenjouement\/","url_meta":{"origin":5987,"position":5},"title":"L&rsquo;enjouement.","author":"dpc","date":"1 juin 2025","format":false,"excerpt":"Paris, 31 mai 2025.","rel":"","context":"Dans &quot;DPC&quot;","block_context":{"text":"DPC","link":"https:\/\/www.wallendorff.com\/belogue\/category\/dpc\/"},"img":{"alt_text":"","src":"https:\/\/i0.wp.com\/www.wallendorff.com\/belogue\/wp-content\/uploads\/2025\/06\/20250601-26.jpg?resize=350%2C200&ssl=1","width":350,"height":200,"srcset":"https:\/\/i0.wp.com\/www.wallendorff.com\/belogue\/wp-content\/uploads\/2025\/06\/20250601-26.jpg?resize=350%2C200&ssl=1 1x, https:\/\/i0.wp.com\/www.wallendorff.com\/belogue\/wp-content\/uploads\/2025\/06\/20250601-26.jpg?resize=525%2C300&ssl=1 1.5x, https:\/\/i0.wp.com\/www.wallendorff.com\/belogue\/wp-content\/uploads\/2025\/06\/20250601-26.jpg?resize=700%2C400&ssl=1 2x, https:\/\/i0.wp.com\/www.wallendorff.com\/belogue\/wp-content\/uploads\/2025\/06\/20250601-26.jpg?resize=1050%2C600&ssl=1 3x"},"classes":[]}],"_links":{"self":[{"href":"https:\/\/www.wallendorff.com\/belogue\/wp-json\/wp\/v2\/posts\/5987","targetHints":{"allow":["GET"]}}],"collection":[{"href":"https:\/\/www.wallendorff.com\/belogue\/wp-json\/wp\/v2\/posts"}],"about":[{"href":"https:\/\/www.wallendorff.com\/belogue\/wp-json\/wp\/v2\/types\/post"}],"author":[{"embeddable":true,"href":"https:\/\/www.wallendorff.com\/belogue\/wp-json\/wp\/v2\/users\/1"}],"replies":[{"embeddable":true,"href":"https:\/\/www.wallendorff.com\/belogue\/wp-json\/wp\/v2\/comments?post=5987"}],"version-history":[{"count":1,"href":"https:\/\/www.wallendorff.com\/belogue\/wp-json\/wp\/v2\/posts\/5987\/revisions"}],"predecessor-version":[{"id":14835,"href":"https:\/\/www.wallendorff.com\/belogue\/wp-json\/wp\/v2\/posts\/5987\/revisions\/14835"}],"wp:featuredmedia":[{"embeddable":true,"href":"https:\/\/www.wallendorff.com\/belogue\/wp-json\/wp\/v2\/media\/25658"}],"wp:attachment":[{"href":"https:\/\/www.wallendorff.com\/belogue\/wp-json\/wp\/v2\/media?parent=5987"}],"wp:term":[{"taxonomy":"category","embeddable":true,"href":"https:\/\/www.wallendorff.com\/belogue\/wp-json\/wp\/v2\/categories?post=5987"},{"taxonomy":"post_tag","embeddable":true,"href":"https:\/\/www.wallendorff.com\/belogue\/wp-json\/wp\/v2\/tags?post=5987"}],"curies":[{"name":"wp","href":"https:\/\/api.w.org\/{rel}","templated":true}]}}