{"id":5901,"date":"2010-01-07T11:59:51","date_gmt":"2010-01-07T10:59:51","guid":{"rendered":"http:\/\/www.po-l.com\/belogue\/?p=5901"},"modified":"2012-01-09T12:12:21","modified_gmt":"2012-01-09T10:12:21","slug":"avides-meges-oints-juyette-outre","status":"publish","type":"post","link":"https:\/\/www.wallendorff.com\/belogue\/2010\/01\/07\/avides-meges-oints-juyette-outre\/","title":{"rendered":"Avides m\u00e8ges oints, Juyette outre."},"content":{"rendered":"<div id=\"photo\">\n<p><img decoding=\"async\" src=\"https:\/\/www.wallendorff.com\/belogue\/photo\/2010\/01\/20100107.jpg\" \/><br \/>\nVilla de Guelma, Paris, 12 novembre 2009.<\/p>\n<\/div>\n<div id=\"bandeson\">\n<p><img decoding=\"async\" src=\"https:\/\/www.wallendorff.com\/belogue\/photo\/pochettes\/g\/girls_in_hawaii-plan_your_escape.jpg\" align=\"left\" \/>&nbsp;<a href=\"http:\/\/www.planyourescape.be\/\">Girls in Braine-l&rsquo;Alleud<\/a><sup>1<\/sup> &ndash; <em>Birthday Call<\/em><\/p>\n<\/div>\n<p style=\"text-align:right\">[Notons que j&rsquo;ai bien mieux r&eacute;ussi Juyette que <a href=\"https:\/\/www.wallendorff.com\/belogue\/2005\/03\/23\/zoo-au-logis\/\">la girafe montignienne<\/a>. Enfin j&rsquo;esp&egrave;re.]<\/p>\n<p style=\"text-align:right\">Ah et donc comme Twitter est un site de nase avec que des nases qui vont dessus et que je n&rsquo;aime rien faire comme tout le monde, j&rsquo;ai cr&eacute;&eacute; mon propre module de d&eacute;bit de micro-conneries sur <a href=\"http:\/\/www.truitteur.fr\">truitteur.fr<\/a>, un site bien bien cr&eacute;tin &agrave; teneur en phosphore bio garantie. Voil&agrave;.<\/p>\n<p>_____<\/p>\n<div id=\"bas_note\">\n<p><sup>1<\/sup> La blague m&rsquo;a tellement plue que finalement je la garde, en fait.<\/p>\n<\/div>\n","protected":false},"excerpt":{"rendered":"<p>Villa de Guelma, Paris, 12 novembre 2009. &nbsp;Girls in Braine-l&rsquo;Alleud1 &ndash; Birthday Call [Notons que j&rsquo;ai bien mieux r&eacute;ussi Juyette que la girafe montignienne. Enfin j&rsquo;esp&egrave;re.] Ah et donc comme Twitter est un site de nase avec que des nases qui vont dessus et que je n&rsquo;aime rien faire comme tout le monde, j&rsquo;ai cr&eacute;&eacute;&hellip;<\/p>\n","protected":false},"author":1,"featured_media":25654,"comment_status":"open","ping_status":"open","sticky":false,"template":"","format":"standard","meta":{"_acf_changed":false,"ngg_post_thumbnail":0,"jetpack_post_was_ever_published":false,"_jetpack_newsletter_access":"","_jetpack_dont_email_post_to_subs":false,"_jetpack_newsletter_tier_id":0,"_jetpack_memberships_contains_paywalled_content":false,"_jetpack_memberships_contains_paid_content":false,"footnotes":"","jetpack_publicize_message":"","jetpack_publicize_feature_enabled":true,"jetpack_social_post_already_shared":false,"jetpack_social_options":{"image_generator_settings":{"template":"highway","default_image_id":0,"font":"","enabled":false},"version":2}},"categories":[8],"tags":[10143,3370,1438,2615,10246,10307,10120,2427,10121,10499,10098,10407,3369],"class_list":["post-5901","post","type-post","status-publish","format-standard","has-post-thumbnail","hentry","category-portraits","tag-10143","tag-birthday-call","tag-ef-50-mm-f14-usm","tag-eos-5d-mark-ii","tag-contre-jour","tag-fenetre","tag-france","tag-girls-in-hawaii","tag-ile-de-france","tag-ombre","tag-paris","tag-silhouette","tag-villa-de-guelma"],"acf":[],"geo":{"latitude":48.883522,"longitude":2.3371804,"description":"1-11 Villa de Guelma, 75018 Paris, France"},"jetpack_publicize_connections":[],"jetpack_featured_media_url":"https:\/\/www.wallendorff.com\/belogue\/wp-content\/uploads\/2015\/04\/201001071.jpg","jetpack_shortlink":"https:\/\/wp.me\/p3b35P-1xb","jetpack_sharing_enabled":true,"jetpack-related-posts":[{"id":6456,"url":"https:\/\/www.wallendorff.com\/belogue\/2010\/02\/02\/shooting-people-61-62-63\/","url_meta":{"origin":5901,"position":0},"title":"Shooting people #61, 62, 63.","author":"dpc","date":"2 f\u00e9vrier 2010","format":false,"excerpt":"Durant les deux derniers mois de 2009, j'ai pass\u00e9 mon temps \u00e0 raconter \u00e0 qui voulait bien l'entendre \u2015\u00a0et aussi aux autres, en fait\u00a0\u2015 que \u00ab\u00a0non mais tu vois en 2010 je vais essayer de faire des photos pos\u00e9es de groupes mais en commen\u00e7ant par des petits tu vois parce\u2026","rel":"","context":"Dans &quot;Portraits&quot;","block_context":{"text":"Portraits","link":"https:\/\/www.wallendorff.com\/belogue\/category\/portraits\/"},"img":{"alt_text":"","src":"https:\/\/i0.wp.com\/www.wallendorff.com\/belogue\/wp-content\/uploads\/2015\/04\/20100202-011.jpg?resize=350%2C200&ssl=1","width":350,"height":200},"classes":[]},{"id":328,"url":"https:\/\/www.wallendorff.com\/belogue\/2006\/07\/17\/previously-unreleased-38\/","url_meta":{"origin":5901,"position":1},"title":"Previously unreleased #38&sup1;.","author":"dpc","date":"17 juillet 2006","format":false,"excerpt":"The Secret Machines, la Maroquinerie, Paris, 30 mai. Hum. Au final, la question cosmique qui se pose pr\u00e9sentement \u00e0 moi se r\u00e9sume \u00e0 \u00ab\u00a0dans quel pays est-on le mieux pour c\u00e9l\u00e9brer la F\u00eate Nationale belge\u00a0?\u00a0\u00bb. \u00a0Blanche2 \u2013 Jack on Fire3 (The Gun Club cover) _____ 1 Tradition picturale from chez\u2026","rel":"","context":"Dans &quot;Previously unreleased&quot;","block_context":{"text":"Previously unreleased","link":"https:\/\/www.wallendorff.com\/belogue\/category\/previously-unreleased\/"},"img":{"alt_text":"","src":"https:\/\/i0.wp.com\/www.wallendorff.com\/belogue\/wp-content\/uploads\/2015\/04\/200607171.jpg?resize=350%2C200&ssl=1","width":350,"height":200},"classes":[]},{"id":4984,"url":"https:\/\/www.wallendorff.com\/belogue\/2009\/11\/04\/les-digues-a-gars\/","url_meta":{"origin":5901,"position":2},"title":"Les digues \u00e0 gars.","author":"dpc","date":"4 novembre 2009","format":false,"excerpt":"Rue de Nantes, Paris, 31 mai. Bien s\u00fbr pour voir un rapport entre la photo et le titre il faut penser \u00e0 des gars qui aiment entrer chez toi par les fen\u00eatres comme Dawson-de-dans-Dawson, Rom\u00e9o Montaigu de dans Rom\u00e9o et Juyette1 ou les m\u00e9chants de dans Le 11 Septembre. Sinon\u2026","rel":"","context":"Dans &quot;DPC&quot;","block_context":{"text":"DPC","link":"https:\/\/www.wallendorff.com\/belogue\/category\/dpc\/"},"img":{"alt_text":"","src":"https:\/\/i0.wp.com\/www.wallendorff.com\/belogue\/wp-content\/uploads\/2015\/04\/200911041.jpg?resize=350%2C200&ssl=1","width":350,"height":200},"classes":[]},{"id":903,"url":"https:\/\/www.wallendorff.com\/belogue\/2007\/02\/27\/previously-unreleased-52\/","url_meta":{"origin":5901,"position":3},"title":"Previously unreleased #52\u00b9.","author":"dpc","date":"27 f\u00e9vrier 2007","format":false,"excerpt":"Mademoiselle K, la Cigale, Paris, 25 janvier. Et l\u00e0, tu te dis en regardant ta photo, puis celle de l'autre jour, que tu es actuellement victime d'une lubie du cadrage funky qui coupe des bouts de gens, \u00e0 commencer par leurs mains gauches. De la sinistrachirophobie, semble-t-il. On va p't\u00eatre\u2026","rel":"","context":"Dans &quot;Previously unreleased&quot;","block_context":{"text":"Previously unreleased","link":"https:\/\/www.wallendorff.com\/belogue\/category\/previously-unreleased\/"},"img":{"alt_text":"","src":"https:\/\/i0.wp.com\/www.wallendorff.com\/belogue\/wp-content\/uploads\/2015\/04\/200702271.jpg?resize=350%2C200&ssl=1","width":350,"height":200},"classes":[]},{"id":961,"url":"https:\/\/www.wallendorff.com\/belogue\/2007\/05\/27\/previously-unreleased-57\/","url_meta":{"origin":5901,"position":4},"title":"Previously unreleased #57\u00b9.","author":"dpc","date":"27 mai 2007","format":false,"excerpt":"The Film, la Maroquinerie, Paris, 13 avril. \u00a0dEUS \u2013 Suds & Soda _____ 1 Concept chouette de chez Juyette.","rel":"","context":"Dans &quot;Previously unreleased&quot;","block_context":{"text":"Previously unreleased","link":"https:\/\/www.wallendorff.com\/belogue\/category\/previously-unreleased\/"},"img":{"alt_text":"","src":"https:\/\/i0.wp.com\/www.wallendorff.com\/belogue\/wp-content\/uploads\/2015\/04\/200705271.jpg?resize=350%2C200&ssl=1","width":350,"height":200},"classes":[]},{"id":1006,"url":"https:\/\/www.wallendorff.com\/belogue\/2007\/08\/01\/previously-unreleased-61\/","url_meta":{"origin":5901,"position":5},"title":"Previously unreleased #61\u00b9.","author":"dpc","date":"1 ao\u00fbt 2007","format":false,"excerpt":"Dionysos, le Z\u00e9nith, Paris, 28 octobre 2006. \u00a0The Fratellis \u2013 Flathead (acoustic) _____ 1 Concept from chez Juyette.","rel":"","context":"Dans &quot;Previously unreleased&quot;","block_context":{"text":"Previously unreleased","link":"https:\/\/www.wallendorff.com\/belogue\/category\/previously-unreleased\/"},"img":{"alt_text":"","src":"https:\/\/i0.wp.com\/www.wallendorff.com\/belogue\/wp-content\/uploads\/2015\/04\/200708011.jpg?resize=350%2C200&ssl=1","width":350,"height":200},"classes":[]}],"_links":{"self":[{"href":"https:\/\/www.wallendorff.com\/belogue\/wp-json\/wp\/v2\/posts\/5901","targetHints":{"allow":["GET"]}}],"collection":[{"href":"https:\/\/www.wallendorff.com\/belogue\/wp-json\/wp\/v2\/posts"}],"about":[{"href":"https:\/\/www.wallendorff.com\/belogue\/wp-json\/wp\/v2\/types\/post"}],"author":[{"embeddable":true,"href":"https:\/\/www.wallendorff.com\/belogue\/wp-json\/wp\/v2\/users\/1"}],"replies":[{"embeddable":true,"href":"https:\/\/www.wallendorff.com\/belogue\/wp-json\/wp\/v2\/comments?post=5901"}],"version-history":[{"count":2,"href":"https:\/\/www.wallendorff.com\/belogue\/wp-json\/wp\/v2\/posts\/5901\/revisions"}],"predecessor-version":[{"id":15267,"href":"https:\/\/www.wallendorff.com\/belogue\/wp-json\/wp\/v2\/posts\/5901\/revisions\/15267"}],"wp:featuredmedia":[{"embeddable":true,"href":"https:\/\/www.wallendorff.com\/belogue\/wp-json\/wp\/v2\/media\/25654"}],"wp:attachment":[{"href":"https:\/\/www.wallendorff.com\/belogue\/wp-json\/wp\/v2\/media?parent=5901"}],"wp:term":[{"taxonomy":"category","embeddable":true,"href":"https:\/\/www.wallendorff.com\/belogue\/wp-json\/wp\/v2\/categories?post=5901"},{"taxonomy":"post_tag","embeddable":true,"href":"https:\/\/www.wallendorff.com\/belogue\/wp-json\/wp\/v2\/tags?post=5901"}],"curies":[{"name":"wp","href":"https:\/\/api.w.org\/{rel}","templated":true}]}}