{"id":588,"date":"2004-11-10T20:55:35","date_gmt":"2004-11-10T20:55:35","guid":{"rendered":"http:\/\/www.po-l.com\/wordpress\/?p=588"},"modified":"2012-10-01T09:54:36","modified_gmt":"2012-10-01T07:54:36","slug":"boston-to-new-york","status":"publish","type":"post","link":"https:\/\/www.wallendorff.com\/belogue\/2004\/11\/10\/boston-to-new-york\/","title":{"rendered":"Boston to New York."},"content":{"rendered":"\n<div id=\"photo\">\n<p><img decoding=\"async\" src=\"http:\/\/www.po-L.com\/belogue\/photo\/2004\/11\/17.jpg\" \/><\/p>\n<\/p><\/div>\n<div id=\"bandeson\">\n<p><img decoding=\"async\" src=\"https:\/\/www.wallendorff.com\/belogue\/photo\/pochettes\/p\/pearl_jam-merkin_ball.jpg\" align=\"left\" \/>&nbsp;<a href=\"http:\/\/www.tenclub.net\/\">Pearl Jam<\/a> \/ <a href=\"http:\/\/www.neilyoung.com\/\">Neil Young<\/a> &ndash; <em>I Got ID<\/em><\/p>\n<\/p><\/div>\n","protected":false},"excerpt":{"rendered":"<p>&nbsp;Pearl Jam \/ Neil Young &ndash; I Got ID<\/p>\n","protected":false},"author":1,"featured_media":24534,"comment_status":"open","ping_status":"open","sticky":false,"template":"","format":"standard","meta":{"_acf_changed":false,"ngg_post_thumbnail":0,"jetpack_post_was_ever_published":false,"_jetpack_newsletter_access":"","_jetpack_dont_email_post_to_subs":false,"_jetpack_newsletter_tier_id":0,"_jetpack_memberships_contains_paywalled_content":false,"_jetpack_memberships_contains_paid_content":false,"footnotes":"","jetpack_publicize_message":"","jetpack_publicize_feature_enabled":true,"jetpack_social_post_already_shared":false,"jetpack_social_options":{"image_generator_settings":{"template":"highway","default_image_id":0,"font":"","enabled":false},"version":2}},"categories":[3],"tags":[459,155,132,55,593,460,113,592,10165,10103],"class_list":["post-588","post","type-post","status-publish","format-standard","has-post-thumbnail","hentry","category-dpc","tag-boston","tag-ef-s-18-55-mm-f35-56-ii","tag-eos-20d","tag-etats-unis","tag-i-got-id","tag-massachusetts","tag-neil-young","tag-new-york","tag-pearl-jam","tag-route"],"acf":[],"geo":{"latitude":42.1698914,"longitude":-71.9340973,"description":null},"jetpack_publicize_connections":[],"jetpack_featured_media_url":"https:\/\/www.wallendorff.com\/belogue\/wp-content\/uploads\/2015\/04\/177.jpg","jetpack_shortlink":"https:\/\/wp.me\/p3b35P-9u","jetpack_sharing_enabled":true,"jetpack-related-posts":[{"id":378,"url":"https:\/\/www.wallendorff.com\/belogue\/2005\/01\/15\/arbore-les-sens\/","url_meta":{"origin":588,"position":0},"title":"Arbore les sens.","author":"dpc","date":"15 janvier 2005","format":false,"excerpt":"Lac Sainte-Claire, 8 janvier. \u201cWill I walk the long road? I cannot stay There's no need to say goodbye Oh, the friends and family... All the memories going round Round, round round... I have wished for so long... How I wished for you today And the wind keeps rollin' And\u2026","rel":"","context":"Dans &quot;DPC&quot;","block_context":{"text":"DPC","link":"https:\/\/www.wallendorff.com\/belogue\/category\/dpc\/"},"img":{"alt_text":"","src":"https:\/\/i0.wp.com\/www.wallendorff.com\/belogue\/wp-content\/uploads\/2015\/04\/20040115-arbre1.jpg?resize=350%2C200&ssl=1","width":350,"height":200,"srcset":"https:\/\/i0.wp.com\/www.wallendorff.com\/belogue\/wp-content\/uploads\/2015\/04\/20040115-arbre1.jpg?resize=350%2C200&ssl=1 1x, https:\/\/i0.wp.com\/www.wallendorff.com\/belogue\/wp-content\/uploads\/2015\/04\/20040115-arbre1.jpg?resize=525%2C300&ssl=1 1.5x, https:\/\/i0.wp.com\/www.wallendorff.com\/belogue\/wp-content\/uploads\/2015\/04\/20040115-arbre1.jpg?resize=700%2C400&ssl=1 2x"},"classes":[]},{"id":130999,"url":"https:\/\/www.wallendorff.com\/belogue\/2024\/11\/04\/pearl-jam-marlay-park-rathfarnham-x-slainte-dublin\/","url_meta":{"origin":588,"position":1},"title":"Pearl Jam @ Marlay Park, Rathfarnham \u00d7 Sl\u00e1inte Dublin, 21 \u2013 23 juin 2024.","author":"dpc","date":"4 novembre 2024","format":false,"excerpt":"Release | Low Light | Elderly Woman Behind the Counter in a Small Town | Corduroy | Given to Fly | Scared of Fear | Eruption (Van Halen cover) (Mike McCready solo instrumental) | React, Respond | Wreckage | Wishlist | Even Flow | Dark Matter | Daughter \/ Give\u2026","rel":"","context":"Dans &quot;Alive&quot;","block_context":{"text":"Alive","link":"https:\/\/www.wallendorff.com\/belogue\/category\/alive\/"},"img":{"alt_text":"","src":"https:\/\/i0.wp.com\/www.wallendorff.com\/belogue\/wp-content\/uploads\/2024\/11\/20241104-24.jpg?resize=350%2C200&ssl=1","width":350,"height":200,"srcset":"https:\/\/i0.wp.com\/www.wallendorff.com\/belogue\/wp-content\/uploads\/2024\/11\/20241104-24.jpg?resize=350%2C200&ssl=1 1x, https:\/\/i0.wp.com\/www.wallendorff.com\/belogue\/wp-content\/uploads\/2024\/11\/20241104-24.jpg?resize=525%2C300&ssl=1 1.5x, https:\/\/i0.wp.com\/www.wallendorff.com\/belogue\/wp-content\/uploads\/2024\/11\/20241104-24.jpg?resize=700%2C400&ssl=1 2x, https:\/\/i0.wp.com\/www.wallendorff.com\/belogue\/wp-content\/uploads\/2024\/11\/20241104-24.jpg?resize=1050%2C600&ssl=1 3x"},"classes":[]},{"id":3811,"url":"https:\/\/www.wallendorff.com\/belogue\/2009\/01\/20\/deuxmilledeux-2008\/","url_meta":{"origin":588,"position":2},"title":"2002-2008.","author":"dpc","date":"20 janvier 2009","format":false,"excerpt":"At least you never betrayed me. \u00a0Pearl Jam \u2013 Rearviewmirror","rel":"","context":"Dans &quot;DPC&quot;","block_context":{"text":"DPC","link":"https:\/\/www.wallendorff.com\/belogue\/category\/dpc\/"},"img":{"alt_text":"","src":"https:\/\/i0.wp.com\/www.wallendorff.com\/belogue\/wp-content\/uploads\/2015\/04\/20090120-011.jpg?resize=350%2C200&ssl=1","width":350,"height":200,"srcset":"https:\/\/i0.wp.com\/www.wallendorff.com\/belogue\/wp-content\/uploads\/2015\/04\/20090120-011.jpg?resize=350%2C200&ssl=1 1x, https:\/\/i0.wp.com\/www.wallendorff.com\/belogue\/wp-content\/uploads\/2015\/04\/20090120-011.jpg?resize=525%2C300&ssl=1 1.5x, https:\/\/i0.wp.com\/www.wallendorff.com\/belogue\/wp-content\/uploads\/2015\/04\/20090120-011.jpg?resize=700%2C400&ssl=1 2x"},"classes":[]},{"id":18051,"url":"https:\/\/www.wallendorff.com\/belogue\/2012\/07\/04\/main-square-festival-jour-2-2\/","url_meta":{"origin":588,"position":3},"title":"Main Square Festival 2012, jour 2.","author":"dpc","date":"4 juillet 2012","format":false,"excerpt":"D\u00e9couvrir qu'on est valid\u00e9 pour Pearl Jam. Rater \u00e0 deux reprises le saut du chanteur de Skip the Use. Aller s'assurer qu'on est bien valid\u00e9 pour Pearl Jam. Se faire saucer. Chiper un poncho Virgin Radio. Rater Within Temptation. Aller voir si on est toujours valid\u00e9 pour Pearl Jam. Se\u2026","rel":"","context":"Dans &quot;Alive&quot;","block_context":{"text":"Alive","link":"https:\/\/www.wallendorff.com\/belogue\/category\/alive\/"},"img":{"alt_text":"","src":"https:\/\/i0.wp.com\/www.wallendorff.com\/belogue\/wp-content\/uploads\/2015\/04\/201207041.jpg?resize=350%2C200&ssl=1","width":350,"height":200,"srcset":"https:\/\/i0.wp.com\/www.wallendorff.com\/belogue\/wp-content\/uploads\/2015\/04\/201207041.jpg?resize=350%2C200&ssl=1 1x, https:\/\/i0.wp.com\/www.wallendorff.com\/belogue\/wp-content\/uploads\/2015\/04\/201207041.jpg?resize=525%2C300&ssl=1 1.5x, https:\/\/i0.wp.com\/www.wallendorff.com\/belogue\/wp-content\/uploads\/2015\/04\/201207041.jpg?resize=700%2C400&ssl=1 2x"},"classes":[]},{"id":7800,"url":"https:\/\/www.wallendorff.com\/belogue\/2010\/07\/04\/et-pendant-ce-temps-a-arras\/","url_meta":{"origin":588,"position":4},"title":"Et pendant ce temps, \u00e0 Arras.","author":"dpc","date":"4 juillet 2010","format":false,"excerpt":"04 juillet, 0:00:50. Pearl Jam, bordel. \u00a0Pearl Jam \u2013 Porch","rel":"","context":"Dans &quot;Alive&quot;","block_context":{"text":"Alive","link":"https:\/\/www.wallendorff.com\/belogue\/category\/alive\/"},"img":{"alt_text":"","src":"https:\/\/i0.wp.com\/www.wallendorff.com\/belogue\/wp-content\/uploads\/2015\/04\/201007042.jpg?resize=350%2C200&ssl=1","width":350,"height":200,"srcset":"https:\/\/i0.wp.com\/www.wallendorff.com\/belogue\/wp-content\/uploads\/2015\/04\/201007042.jpg?resize=350%2C200&ssl=1 1x, https:\/\/i0.wp.com\/www.wallendorff.com\/belogue\/wp-content\/uploads\/2015\/04\/201007042.jpg?resize=525%2C300&ssl=1 1.5x, https:\/\/i0.wp.com\/www.wallendorff.com\/belogue\/wp-content\/uploads\/2015\/04\/201007042.jpg?resize=700%2C400&ssl=1 2x"},"classes":[]},{"id":4318,"url":"https:\/\/www.wallendorff.com\/belogue\/2009\/06\/22\/reblowing-in-the-rewind\/","url_meta":{"origin":588,"position":5},"title":"Reblowing in the rewind.","author":"dpc","date":"22 juin 2009","format":false,"excerpt":"N Farwell Avenue, Milwaukee, 29 avril. \u00a0 Pearl Jam \u2013 Wasted Reprise","rel":"","context":"Dans &quot;DPC&quot;","block_context":{"text":"DPC","link":"https:\/\/www.wallendorff.com\/belogue\/category\/dpc\/"},"img":{"alt_text":"","src":"https:\/\/i0.wp.com\/www.wallendorff.com\/belogue\/wp-content\/uploads\/2015\/04\/200906221.jpg?resize=350%2C200&ssl=1","width":350,"height":200},"classes":[]}],"_links":{"self":[{"href":"https:\/\/www.wallendorff.com\/belogue\/wp-json\/wp\/v2\/posts\/588","targetHints":{"allow":["GET"]}}],"collection":[{"href":"https:\/\/www.wallendorff.com\/belogue\/wp-json\/wp\/v2\/posts"}],"about":[{"href":"https:\/\/www.wallendorff.com\/belogue\/wp-json\/wp\/v2\/types\/post"}],"author":[{"embeddable":true,"href":"https:\/\/www.wallendorff.com\/belogue\/wp-json\/wp\/v2\/users\/1"}],"replies":[{"embeddable":true,"href":"https:\/\/www.wallendorff.com\/belogue\/wp-json\/wp\/v2\/comments?post=588"}],"version-history":[{"count":1,"href":"https:\/\/www.wallendorff.com\/belogue\/wp-json\/wp\/v2\/posts\/588\/revisions"}],"predecessor-version":[{"id":19142,"href":"https:\/\/www.wallendorff.com\/belogue\/wp-json\/wp\/v2\/posts\/588\/revisions\/19142"}],"wp:featuredmedia":[{"embeddable":true,"href":"https:\/\/www.wallendorff.com\/belogue\/wp-json\/wp\/v2\/media\/24534"}],"wp:attachment":[{"href":"https:\/\/www.wallendorff.com\/belogue\/wp-json\/wp\/v2\/media?parent=588"}],"wp:term":[{"taxonomy":"category","embeddable":true,"href":"https:\/\/www.wallendorff.com\/belogue\/wp-json\/wp\/v2\/categories?post=588"},{"taxonomy":"post_tag","embeddable":true,"href":"https:\/\/www.wallendorff.com\/belogue\/wp-json\/wp\/v2\/tags?post=588"}],"curies":[{"name":"wp","href":"https:\/\/api.w.org\/{rel}","templated":true}]}}