{"id":58,"date":"2005-09-22T01:39:54","date_gmt":"2005-09-22T01:39:54","guid":{"rendered":"http:\/\/www.po-l.com\/wordpress\/?p=58"},"modified":"2013-05-16T11:34:48","modified_gmt":"2013-05-16T09:34:48","slug":"l-aube-enuite","status":"publish","type":"post","link":"https:\/\/www.wallendorff.com\/belogue\/2005\/09\/22\/l-aube-enuite\/","title":{"rendered":"L&rsquo;aube &eacute;nuite&sup1;."},"content":{"rendered":"<div id=\"photo\">\n<p><img decoding=\"async\" src=\"http:\/\/www.po-L.com\/belogue\/photo\/2005\/09\/20050922.jpg\" \/> <br \/>\n    L&rsquo;Ardenne, 17 septembre.<\/p>\n<\/div>\n<p style=\"text-align:right\">[C&rsquo;est dur de se lever aux aurores, mais des fois &ccedil;a vaut le coup.] <\/p>\n<p style=\"text-align:right\">&quot;<em>I am waiting &#8217;til I don&rsquo;t know when,<br \/>\n  Cause I&rsquo;m sure it&rsquo;s gonna happen then.<\/em>&quot; <\/p>\n<div id=\"bandeson\">\n<p><img decoding=\"async\" src=\"https:\/\/www.wallendorff.com\/belogue\/photo\/pochettes\/a\/arcade_fire-funeral.jpg\" align=\"left\" \/>&nbsp;<a href=\"http:\/\/www.arcadefire.com\/\">Arcade Fire<\/a> &ndash; <em>Neighborhood #4 (7 Kettles)<\/em><\/p>\n<\/p><\/div>\n<p>_____<\/p>\n<div id=\"bas_note\">\n<p><sup>1<\/sup> <strong>&Eacute;nuiter<\/strong> v.t. &Ocirc;ter la nuit. Syn. Ajourir. Verbe rarement utilis&eacute;, &agrave; l&#8217;emploi restreint Fr&eacute;q. Ut litt : 2. &quot;Ce matin,       je m&rsquo;&eacute;nuite &agrave; mourir&quot; (Clotaire le vampire) <\/p>\n<\/div>\n","protected":false},"excerpt":{"rendered":"<p>L&rsquo;Ardenne, 17 septembre. [C&rsquo;est dur de se lever aux aurores, mais des fois &ccedil;a vaut le coup.] &quot;I am waiting &#8217;til I don&rsquo;t know when, Cause I&rsquo;m sure it&rsquo;s gonna happen then.&quot; &nbsp;Arcade Fire &ndash; Neighborhood #4 (7 Kettles) _____ 1 &Eacute;nuiter v.t. &Ocirc;ter la nuit. Syn. Ajourir. Verbe rarement utilis&eacute;, &agrave; l&#8217;emploi restreint Fr&eacute;q.&hellip;<\/p>\n","protected":false},"author":1,"featured_media":23992,"comment_status":"open","ping_status":"open","sticky":false,"template":"","format":"standard","meta":{"_acf_changed":false,"ngg_post_thumbnail":0,"jetpack_post_was_ever_published":false,"_jetpack_newsletter_access":"","_jetpack_dont_email_post_to_subs":false,"_jetpack_newsletter_tier_id":0,"_jetpack_memberships_contains_paywalled_content":false,"_jetpack_memberships_contains_paid_content":false,"footnotes":"","jetpack_publicize_message":"","jetpack_publicize_feature_enabled":true,"jetpack_social_post_already_shared":false,"jetpack_social_options":{"image_generator_settings":{"template":"highway","default_image_id":0,"font":"","enabled":false},"version":2}},"categories":[3],"tags":[10263,10255,3524,132,10254,10144,1255,793,173,10324],"class_list":["post-58","post","type-post","status-publish","format-standard","has-post-thumbnail","hentry","category-dpc","tag-arcade-fire","tag-ardenne","tag-aurore","tag-eos-20d","tag-champagne-ardenne","tag-ciel","tag-neighborhood-4-7-kettles","tag-orange","tag-sigma-28-70-mm-f28-dg-ex","tag-soleil"],"acf":[],"geo":{"latitude":50.1308174,"longitude":4.8512793,"description":null},"jetpack_publicize_connections":[],"jetpack_featured_media_url":"https:\/\/www.wallendorff.com\/belogue\/wp-content\/uploads\/2015\/04\/200509221.jpg","jetpack_shortlink":"https:\/\/wp.me\/p3b35P-W","jetpack_sharing_enabled":true,"jetpack-related-posts":[{"id":20216,"url":"https:\/\/www.wallendorff.com\/belogue\/2005\/02\/28\/the-arcade-fire-funeral\/","url_meta":{"origin":58,"position":0},"title":"Arcade Fire &ndash; Funeral","author":"dpc","date":"28 f\u00e9vrier 2005","format":false,"excerpt":"Rough Trade_47\u201956\u201d_28\/02 On l\u2019avait pressenti avec The Dears. Au bout de 15 ans de Roch Voisine, d\u2019Isabelle Boulay et de Garou, ce coup-ci c\u2019est s\u00fbr, Montr\u00e9al cherche \u00e0 se racheter. Et Arcade Fire est un grand pas vers la r\u00e9demption. Constitu\u00e9e autour du couple Win Butler\u00a0\/ R\u00e9gine Chassagne, cette troupe\u2026","rel":"","context":"Dans &quot;Chroniques&quot;","block_context":{"text":"Chroniques","link":"https:\/\/www.wallendorff.com\/belogue\/category\/chroniques\/"},"img":{"alt_text":"","src":"","width":0,"height":0},"classes":[]},{"id":4114,"url":"https:\/\/www.wallendorff.com\/belogue\/2009\/04\/03\/croit-croix-quacquis-collet-haut-quhulk-eut\/","url_meta":{"origin":58,"position":1},"title":"Cro\u00eet croix qu&rsquo;acquis collet haut qu&rsquo;Hulk eut.","author":"dpc","date":"3 avril 2009","format":false,"excerpt":"Givet, 28 f\u00e9vrier. Arcade Fire \u2013 Windowsill","rel":"","context":"Dans &quot;DPC&quot;","block_context":{"text":"DPC","link":"https:\/\/www.wallendorff.com\/belogue\/category\/dpc\/"},"img":{"alt_text":"","src":"https:\/\/i0.wp.com\/www.wallendorff.com\/belogue\/wp-content\/uploads\/2015\/04\/200904031.jpg?resize=350%2C200&ssl=1","width":350,"height":200},"classes":[]},{"id":999,"url":"https:\/\/www.wallendorff.com\/belogue\/2007\/07\/24\/le-dement-chat-boit-ma-kro\/","url_meta":{"origin":58,"position":2},"title":"Le d\u00e9ment chat boit ma Kro.","author":"dpc","date":"24 juillet 2007","format":false,"excerpt":"\u00c9glise Sainte-Mireille, Haybes, 7 juillet. Finalement, les gens de dos, \u00e7a marche aussi bien dans les \u00e9glises que dans les ruelles. Sans compter que dans une \u00e9glise, il y a des orgues, alors que dans les ruelles non, donc avec une ruelle on ne peut poster de bande-son \u00e0 orgue\u2026","rel":"","context":"Dans &quot;DPC&quot;","block_context":{"text":"DPC","link":"https:\/\/www.wallendorff.com\/belogue\/category\/dpc\/"},"img":{"alt_text":"","src":"https:\/\/i0.wp.com\/www.wallendorff.com\/belogue\/wp-content\/uploads\/2015\/04\/200707241.jpg?resize=350%2C200&ssl=1","width":350,"height":200,"srcset":"https:\/\/i0.wp.com\/www.wallendorff.com\/belogue\/wp-content\/uploads\/2015\/04\/200707241.jpg?resize=350%2C200&ssl=1 1x, https:\/\/i0.wp.com\/www.wallendorff.com\/belogue\/wp-content\/uploads\/2015\/04\/200707241.jpg?resize=525%2C300&ssl=1 1.5x"},"classes":[]},{"id":127037,"url":"https:\/\/www.wallendorff.com\/belogue\/2024\/01\/08\/le-pere-le-ficelle-le-synthe-splie\/","url_meta":{"origin":58,"position":3},"title":"Le p\u00e8re le ficelle : le synth\u00e9 s&rsquo;plie.","author":"dpc","date":"8 janvier 2024","format":false,"excerpt":"Route de Philippeville, Givet, 18 novembre 2023.","rel":"","context":"Dans &quot;DPC&quot;","block_context":{"text":"DPC","link":"https:\/\/www.wallendorff.com\/belogue\/category\/dpc\/"},"img":{"alt_text":"","src":"https:\/\/i0.wp.com\/www.wallendorff.com\/belogue\/wp-content\/uploads\/2024\/01\/20240108.jpg?resize=350%2C200&ssl=1","width":350,"height":200,"srcset":"https:\/\/i0.wp.com\/www.wallendorff.com\/belogue\/wp-content\/uploads\/2024\/01\/20240108.jpg?resize=350%2C200&ssl=1 1x, https:\/\/i0.wp.com\/www.wallendorff.com\/belogue\/wp-content\/uploads\/2024\/01\/20240108.jpg?resize=525%2C300&ssl=1 1.5x, https:\/\/i0.wp.com\/www.wallendorff.com\/belogue\/wp-content\/uploads\/2024\/01\/20240108.jpg?resize=700%2C400&ssl=1 2x"},"classes":[]},{"id":127158,"url":"https:\/\/www.wallendorff.com\/belogue\/2024\/01\/15\/cube-beni\/","url_meta":{"origin":58,"position":4},"title":"Cube b\u00e9ni.","author":"dpc","date":"15 janvier 2024","format":false,"excerpt":"Chapelle de Walcourt, Givet, 18 novembre 2023.","rel":"","context":"Dans &quot;DPC&quot;","block_context":{"text":"DPC","link":"https:\/\/www.wallendorff.com\/belogue\/category\/dpc\/"},"img":{"alt_text":"","src":"https:\/\/i0.wp.com\/www.wallendorff.com\/belogue\/wp-content\/uploads\/2024\/01\/20240115.jpg?resize=350%2C200&ssl=1","width":350,"height":200,"srcset":"https:\/\/i0.wp.com\/www.wallendorff.com\/belogue\/wp-content\/uploads\/2024\/01\/20240115.jpg?resize=350%2C200&ssl=1 1x, https:\/\/i0.wp.com\/www.wallendorff.com\/belogue\/wp-content\/uploads\/2024\/01\/20240115.jpg?resize=525%2C300&ssl=1 1.5x, https:\/\/i0.wp.com\/www.wallendorff.com\/belogue\/wp-content\/uploads\/2024\/01\/20240115.jpg?resize=700%2C400&ssl=1 2x"},"classes":[]},{"id":135486,"url":"https:\/\/www.wallendorff.com\/belogue\/2026\/03\/11\/air-sur-meuse\/","url_meta":{"origin":58,"position":5},"title":"Air sur Meuse.","author":"dpc","date":"11 mars 2026","format":false,"excerpt":"Givet, 24 d\u00e9cembre 2025.","rel":"","context":"Dans &quot;DPC&quot;","block_context":{"text":"DPC","link":"https:\/\/www.wallendorff.com\/belogue\/category\/dpc\/"},"img":{"alt_text":"","src":"https:\/\/i0.wp.com\/www.wallendorff.com\/belogue\/wp-content\/uploads\/2026\/03\/20260311.jpg?resize=350%2C200&ssl=1","width":350,"height":200,"srcset":"https:\/\/i0.wp.com\/www.wallendorff.com\/belogue\/wp-content\/uploads\/2026\/03\/20260311.jpg?resize=350%2C200&ssl=1 1x, https:\/\/i0.wp.com\/www.wallendorff.com\/belogue\/wp-content\/uploads\/2026\/03\/20260311.jpg?resize=525%2C300&ssl=1 1.5x, https:\/\/i0.wp.com\/www.wallendorff.com\/belogue\/wp-content\/uploads\/2026\/03\/20260311.jpg?resize=700%2C400&ssl=1 2x, https:\/\/i0.wp.com\/www.wallendorff.com\/belogue\/wp-content\/uploads\/2026\/03\/20260311.jpg?resize=1050%2C600&ssl=1 3x"},"classes":[]}],"_links":{"self":[{"href":"https:\/\/www.wallendorff.com\/belogue\/wp-json\/wp\/v2\/posts\/58","targetHints":{"allow":["GET"]}}],"collection":[{"href":"https:\/\/www.wallendorff.com\/belogue\/wp-json\/wp\/v2\/posts"}],"about":[{"href":"https:\/\/www.wallendorff.com\/belogue\/wp-json\/wp\/v2\/types\/post"}],"author":[{"embeddable":true,"href":"https:\/\/www.wallendorff.com\/belogue\/wp-json\/wp\/v2\/users\/1"}],"replies":[{"embeddable":true,"href":"https:\/\/www.wallendorff.com\/belogue\/wp-json\/wp\/v2\/comments?post=58"}],"version-history":[{"count":2,"href":"https:\/\/www.wallendorff.com\/belogue\/wp-json\/wp\/v2\/posts\/58\/revisions"}],"predecessor-version":[{"id":20955,"href":"https:\/\/www.wallendorff.com\/belogue\/wp-json\/wp\/v2\/posts\/58\/revisions\/20955"}],"wp:featuredmedia":[{"embeddable":true,"href":"https:\/\/www.wallendorff.com\/belogue\/wp-json\/wp\/v2\/media\/23992"}],"wp:attachment":[{"href":"https:\/\/www.wallendorff.com\/belogue\/wp-json\/wp\/v2\/media?parent=58"}],"wp:term":[{"taxonomy":"category","embeddable":true,"href":"https:\/\/www.wallendorff.com\/belogue\/wp-json\/wp\/v2\/categories?post=58"},{"taxonomy":"post_tag","embeddable":true,"href":"https:\/\/www.wallendorff.com\/belogue\/wp-json\/wp\/v2\/tags?post=58"}],"curies":[{"name":"wp","href":"https:\/\/api.w.org\/{rel}","templated":true}]}}