{"id":5726,"date":"2010-01-02T09:30:15","date_gmt":"2010-01-02T08:30:15","guid":{"rendered":"http:\/\/www.po-l.com\/belogue\/?p=5726"},"modified":"2018-05-23T08:07:29","modified_gmt":"2018-05-23T06:07:29","slug":"pere-dupe-erre-du-paire-dhuppes-raides-huent","status":"publish","type":"post","link":"https:\/\/www.wallendorff.com\/belogue\/2010\/01\/02\/pere-dupe-erre-du-paire-dhuppes-raides-huent\/","title":{"rendered":"P\u00e8re dupe erre d\u00fb, paire d&rsquo;hupp\u00e9s raides huent."},"content":{"rendered":"<div id=\"photo\">\n<p><img decoding=\"async\" src=\"https:\/\/www.wallendorff.com\/belogue\/photo\/2010\/01\/20100102.jpg\" \/><br \/>\nSquare du Vert-Galant, Paris, 25 octobre 2009.<\/p>\n<\/div>\n<div id=\"bandeson\">\n<p><img decoding=\"async\" src=\"https:\/\/www.wallendorff.com\/belogue\/photo\/pochettes\/c\/cold_war_kids-behave_yourself.jpg\" align=\"left\" \/>&nbsp;<a href=\"http:\/\/www.coldwarkids.com\/\">Cold War Kids<\/a> &ndash; <em>Audience<\/em><\/p>\n<\/div>\n<p style=\"text-align:right\">Et parce que c&rsquo;est l&rsquo;&eacute;poque des &eacute;trennes, <a href=\"https:\/\/www.wallendorff.com\/belogue\/photo\/2010\/01\/20100102-01.jpg\">voil&agrave; un beau cadeau<\/a> au go&ucirc;t douteux mais que voulez-vous ma bonne dame c&rsquo;est que j&rsquo;ai appris l&rsquo;art dans une &eacute;cole de m&eacute;canique voyez-vous.<\/p>\n<p align=\"right\">[Ah et je sais que <a href=\"http:\/\/www.abrutishirt.com\/mag\/fr\/product-1430620.htm\">&ccedil;a avait d&eacute;j&agrave; &eacute;t&eacute; fait<\/a>, hein, mais j&rsquo;avais envie de jouer.]<\/p>\n","protected":false},"excerpt":{"rendered":"<p>Square du Vert-Galant, Paris, 25 octobre 2009. &nbsp;Cold War Kids &ndash; Audience Et parce que c&rsquo;est l&rsquo;&eacute;poque des &eacute;trennes, voil&agrave; un beau cadeau au go&ucirc;t douteux mais que voulez-vous ma bonne dame c&rsquo;est que j&rsquo;ai appris l&rsquo;art dans une &eacute;cole de m&eacute;canique voyez-vous. [Ah et je sais que &ccedil;a avait d&eacute;j&agrave; &eacute;t&eacute; fait, hein, mais&hellip;<\/p>\n","protected":false},"author":1,"featured_media":25649,"comment_status":"open","ping_status":"open","sticky":false,"template":"","format":"standard","meta":{"_acf_changed":false,"ngg_post_thumbnail":0,"jetpack_post_was_ever_published":false,"_jetpack_newsletter_access":"","_jetpack_dont_email_post_to_subs":false,"_jetpack_newsletter_tier_id":0,"_jetpack_memberships_contains_paywalled_content":false,"_jetpack_memberships_contains_paid_content":false,"footnotes":"","jetpack_publicize_message":"","jetpack_publicize_feature_enabled":true,"jetpack_social_post_already_shared":false,"jetpack_social_options":{"image_generator_settings":{"template":"highway","default_image_id":0,"font":"","enabled":false},"version":2}},"categories":[3],"tags":[10182,10562,10226,1438,2615,10425,10643,10120,12805,12806,10279,10121,143,10504,10098,3353],"class_list":["post-5726","post","type-post","status-publish","format-standard","has-post-thumbnail","hentry","category-dpc","tag-10182","tag-audience","tag-banc","tag-ef-50-mm-f14-usm","tag-eos-5d-mark-ii","tag-cold-war-kids","tag-famille","tag-france","tag-hello-kiki","tag-hello-kitty","tag-ile-de-la-cite","tag-ile-de-france","tag-noir-et-blanc","tag-parc","tag-paris","tag-square-du-vert-galant"],"acf":[],"geo":{"latitude":48.8576622,"longitude":2.3395729,"description":null},"jetpack_publicize_connections":[],"jetpack_featured_media_url":"https:\/\/www.wallendorff.com\/belogue\/wp-content\/uploads\/2015\/04\/201001021.jpg","jetpack_shortlink":"https:\/\/wp.me\/p3b35P-1um","jetpack_sharing_enabled":true,"jetpack-related-posts":[{"id":5527,"url":"https:\/\/www.wallendorff.com\/belogue\/2009\/12\/23\/le-fout-la-poulpe\/","url_meta":{"origin":5726,"position":0},"title":"Le fout l\u00e0 poulpe.","author":"dpc","date":"23 d\u00e9cembre 2009","format":false,"excerpt":"Square du Vert-Galant, Paris, 25 octobre. \u00a0Radiohead \u2013 Electioneering When I go forwards you go backwards and somewhere we will meet ah ah ah.","rel":"","context":"Dans &quot;DPC&quot;","block_context":{"text":"DPC","link":"https:\/\/www.wallendorff.com\/belogue\/category\/dpc\/"},"img":{"alt_text":"","src":"https:\/\/i0.wp.com\/www.wallendorff.com\/belogue\/wp-content\/uploads\/2015\/04\/200912231.jpg?resize=350%2C200&ssl=1","width":350,"height":200},"classes":[]},{"id":13147,"url":"https:\/\/www.wallendorff.com\/belogue\/2011\/08\/24\/vive-lemaille\/","url_meta":{"origin":5726,"position":1},"title":"Vive l&rsquo;\u00e9maill\u00e9.","author":"dpc","date":"24 ao\u00fbt 2011","format":false,"excerpt":"Square du Vert-Galant, Paris, 24 juillet. \u00a0The District Attorneys \u2013 California Fire","rel":"","context":"Dans &quot;DPC&quot;","block_context":{"text":"DPC","link":"https:\/\/www.wallendorff.com\/belogue\/category\/dpc\/"},"img":{"alt_text":"","src":"https:\/\/i0.wp.com\/www.wallendorff.com\/belogue\/wp-content\/uploads\/2015\/04\/201108241.jpg?resize=350%2C200&ssl=1","width":350,"height":200,"srcset":"https:\/\/i0.wp.com\/www.wallendorff.com\/belogue\/wp-content\/uploads\/2015\/04\/201108241.jpg?resize=350%2C200&ssl=1 1x, https:\/\/i0.wp.com\/www.wallendorff.com\/belogue\/wp-content\/uploads\/2015\/04\/201108241.jpg?resize=525%2C300&ssl=1 1.5x, https:\/\/i0.wp.com\/www.wallendorff.com\/belogue\/wp-content\/uploads\/2015\/04\/201108241.jpg?resize=700%2C400&ssl=1 2x"},"classes":[]},{"id":135497,"url":"https:\/\/www.wallendorff.com\/belogue\/2026\/02\/28\/fevrier-2026\/","url_meta":{"origin":5726,"position":2},"title":"F\u00e9vrier 2026.","author":"dpc","date":"28 f\u00e9vrier 2026","format":false,"excerpt":"Des arbres, une sieste, un cr\u00e9puscule, un arbre, un papillon, une clope, un miroir, un parapluie, une pyramide, un schlouk, une ruelle, une photo, une flaque, un chantier, un quarantenaire, un cigare, un bisou, un concert, un quai de m\u00e9tro, une pyramide, un attroupement, un pont, un parapluie, des fen\u00eatres,\u2026","rel":"","context":"Dans &quot;Blog-note&quot;","block_context":{"text":"Blog-note","link":"https:\/\/www.wallendorff.com\/belogue\/category\/blog-note\/"},"img":{"alt_text":"","src":"https:\/\/i0.wp.com\/www.wallendorff.com\/belogue\/wp-content\/uploads\/2026\/03\/20260323-24.jpg?resize=350%2C200&ssl=1","width":350,"height":200,"srcset":"https:\/\/i0.wp.com\/www.wallendorff.com\/belogue\/wp-content\/uploads\/2026\/03\/20260323-24.jpg?resize=350%2C200&ssl=1 1x, https:\/\/i0.wp.com\/www.wallendorff.com\/belogue\/wp-content\/uploads\/2026\/03\/20260323-24.jpg?resize=525%2C300&ssl=1 1.5x, https:\/\/i0.wp.com\/www.wallendorff.com\/belogue\/wp-content\/uploads\/2026\/03\/20260323-24.jpg?resize=700%2C400&ssl=1 2x, https:\/\/i0.wp.com\/www.wallendorff.com\/belogue\/wp-content\/uploads\/2026\/03\/20260323-24.jpg?resize=1050%2C600&ssl=1 3x"},"classes":[]},{"id":47972,"url":"https:\/\/www.wallendorff.com\/belogue\/2021\/03\/05\/morning-hood\/","url_meta":{"origin":5726,"position":3},"title":"Morning hood.","author":"dpc","date":"5 mars 2021","format":false,"excerpt":"Square du Vert-Galant, Paris, 28 novembre 2020. Floor Tomberlin","rel":"","context":"Dans &quot;DPC&quot;","block_context":{"text":"DPC","link":"https:\/\/www.wallendorff.com\/belogue\/category\/dpc\/"},"img":{"alt_text":"","src":"https:\/\/i0.wp.com\/www.wallendorff.com\/belogue\/wp-content\/uploads\/2021\/03\/20210305.jpg?resize=350%2C200&ssl=1","width":350,"height":200,"srcset":"https:\/\/i0.wp.com\/www.wallendorff.com\/belogue\/wp-content\/uploads\/2021\/03\/20210305.jpg?resize=350%2C200&ssl=1 1x, https:\/\/i0.wp.com\/www.wallendorff.com\/belogue\/wp-content\/uploads\/2021\/03\/20210305.jpg?resize=525%2C300&ssl=1 1.5x, https:\/\/i0.wp.com\/www.wallendorff.com\/belogue\/wp-content\/uploads\/2021\/03\/20210305.jpg?resize=700%2C400&ssl=1 2x, https:\/\/i0.wp.com\/www.wallendorff.com\/belogue\/wp-content\/uploads\/2021\/03\/20210305.jpg?resize=1050%2C600&ssl=1 3x"},"classes":[]},{"id":132374,"url":"https:\/\/www.wallendorff.com\/belogue\/2025\/06\/01\/lenjouement\/","url_meta":{"origin":5726,"position":4},"title":"L&rsquo;enjouement.","author":"dpc","date":"1 juin 2025","format":false,"excerpt":"Paris, 31 mai 2025.","rel":"","context":"Dans &quot;DPC&quot;","block_context":{"text":"DPC","link":"https:\/\/www.wallendorff.com\/belogue\/category\/dpc\/"},"img":{"alt_text":"","src":"https:\/\/i0.wp.com\/www.wallendorff.com\/belogue\/wp-content\/uploads\/2025\/06\/20250601-26.jpg?resize=350%2C200&ssl=1","width":350,"height":200,"srcset":"https:\/\/i0.wp.com\/www.wallendorff.com\/belogue\/wp-content\/uploads\/2025\/06\/20250601-26.jpg?resize=350%2C200&ssl=1 1x, https:\/\/i0.wp.com\/www.wallendorff.com\/belogue\/wp-content\/uploads\/2025\/06\/20250601-26.jpg?resize=525%2C300&ssl=1 1.5x, https:\/\/i0.wp.com\/www.wallendorff.com\/belogue\/wp-content\/uploads\/2025\/06\/20250601-26.jpg?resize=700%2C400&ssl=1 2x, https:\/\/i0.wp.com\/www.wallendorff.com\/belogue\/wp-content\/uploads\/2025\/06\/20250601-26.jpg?resize=1050%2C600&ssl=1 3x"},"classes":[]},{"id":4091,"url":"https:\/\/www.wallendorff.com\/belogue\/2009\/03\/30\/croix-deux-hein\/","url_meta":{"origin":5726,"position":5},"title":"Croix deux, hein.","author":"dpc","date":"30 mars 2009","format":false,"excerpt":"Cimeti\u00e8re de Montmartre, Paris, 14 f\u00e9vrier. Non mais c'est beau, le vert, tu comprends. The Black Box Revelation \u2013 Set Your Head on Fire","rel":"","context":"Dans &quot;DPC&quot;","block_context":{"text":"DPC","link":"https:\/\/www.wallendorff.com\/belogue\/category\/dpc\/"},"img":{"alt_text":"","src":"https:\/\/i0.wp.com\/www.wallendorff.com\/belogue\/wp-content\/uploads\/2015\/04\/200903301.jpg?resize=350%2C200&ssl=1","width":350,"height":200},"classes":[]}],"_links":{"self":[{"href":"https:\/\/www.wallendorff.com\/belogue\/wp-json\/wp\/v2\/posts\/5726","targetHints":{"allow":["GET"]}}],"collection":[{"href":"https:\/\/www.wallendorff.com\/belogue\/wp-json\/wp\/v2\/posts"}],"about":[{"href":"https:\/\/www.wallendorff.com\/belogue\/wp-json\/wp\/v2\/types\/post"}],"author":[{"embeddable":true,"href":"https:\/\/www.wallendorff.com\/belogue\/wp-json\/wp\/v2\/users\/1"}],"replies":[{"embeddable":true,"href":"https:\/\/www.wallendorff.com\/belogue\/wp-json\/wp\/v2\/comments?post=5726"}],"version-history":[{"count":2,"href":"https:\/\/www.wallendorff.com\/belogue\/wp-json\/wp\/v2\/posts\/5726\/revisions"}],"predecessor-version":[{"id":30017,"href":"https:\/\/www.wallendorff.com\/belogue\/wp-json\/wp\/v2\/posts\/5726\/revisions\/30017"}],"wp:featuredmedia":[{"embeddable":true,"href":"https:\/\/www.wallendorff.com\/belogue\/wp-json\/wp\/v2\/media\/25649"}],"wp:attachment":[{"href":"https:\/\/www.wallendorff.com\/belogue\/wp-json\/wp\/v2\/media?parent=5726"}],"wp:term":[{"taxonomy":"category","embeddable":true,"href":"https:\/\/www.wallendorff.com\/belogue\/wp-json\/wp\/v2\/categories?post=5726"},{"taxonomy":"post_tag","embeddable":true,"href":"https:\/\/www.wallendorff.com\/belogue\/wp-json\/wp\/v2\/tags?post=5726"}],"curies":[{"name":"wp","href":"https:\/\/api.w.org\/{rel}","templated":true}]}}