{"id":5692,"date":"2009-12-31T11:02:26","date_gmt":"2009-12-31T10:02:26","guid":{"rendered":"http:\/\/www.po-l.com\/belogue\/?p=5692"},"modified":"2012-06-06T12:36:29","modified_gmt":"2012-06-06T10:36:29","slug":"what-do-the-waves-have-to-say-now","status":"publish","type":"post","link":"https:\/\/www.wallendorff.com\/belogue\/2009\/12\/31\/what-do-the-waves-have-to-say-now\/","title":{"rendered":"What do the waves have to say now?"},"content":{"rendered":"<div id=\"photo\">\n<p><img decoding=\"async\" src=\"https:\/\/www.wallendorff.com\/belogue\/photo\/2009\/12\/20091231.jpg\" \/><br \/>\nPont Saint-Nicolas, Strasbourg, 26 d&eacute;cembre.<\/p>\n<\/div>\n<div id=\"bandeson\">\n<p><img decoding=\"async\" src=\"https:\/\/www.wallendorff.com\/belogue\/photo\/pochettes\/i\/interpol-our_love_to_admire.jpg\" align=\"left\" \/>&nbsp;<a href=\"http:\/\/www.interpolnyc.com\">Interpol<\/a> &ndash; <em>The Lighthouse<\/em><\/p>\n<\/div>\n<p style=\"text-align:right\">Et deux ann&eacute;es minables pour conclure une d&eacute;cennie rat&eacute;e.<\/p>\n<p style=\"text-align:right\">Bon r&eacute;veillon, hein.<\/p>\n","protected":false},"excerpt":{"rendered":"<p>Pont Saint-Nicolas, Strasbourg, 26 d&eacute;cembre. &nbsp;Interpol &ndash; The Lighthouse Et deux ann&eacute;es minables pour conclure une d&eacute;cennie rat&eacute;e. Bon r&eacute;veillon, hein.<\/p>\n","protected":false},"author":1,"featured_media":25647,"comment_status":"open","ping_status":"open","sticky":false,"template":"","format":"standard","meta":{"_acf_changed":false,"ngg_post_thumbnail":0,"jetpack_post_was_ever_published":false,"_jetpack_newsletter_access":"","_jetpack_dont_email_post_to_subs":false,"_jetpack_newsletter_tier_id":0,"_jetpack_memberships_contains_paywalled_content":false,"_jetpack_memberships_contains_paid_content":false,"footnotes":"","jetpack_publicize_message":"","jetpack_publicize_feature_enabled":true,"jetpack_social_post_already_shared":false,"jetpack_social_options":{"image_generator_settings":{"template":"highway","default_image_id":0,"font":"","enabled":false},"version":2}},"categories":[3],"tags":[10219,10424,2571,2615,10120,10111,10147,2161,3358,10422,2162,10641],"class_list":["post-5692","post","type-post","status-publish","format-standard","has-post-thumbnail","hentry","category-dpc","tag-alsace","tag-bas-rhin","tag-ef-16-35-mm-f28l-ii-usm","tag-eos-5d-mark-ii","tag-france","tag-interpol","tag-nuit","tag-our-love-to-admire","tag-pont-saint-nicolas","tag-strasbourg","tag-the-lighthouse","tag-tunnel"],"acf":[],"geo":{"latitude":48.5789413,"longitude":7.7484403,"description":null},"jetpack_publicize_connections":[],"jetpack_featured_media_url":"https:\/\/www.wallendorff.com\/belogue\/wp-content\/uploads\/2015\/04\/200912311.jpg","jetpack_shortlink":"https:\/\/wp.me\/p3b35P-1tO","jetpack_sharing_enabled":true,"jetpack-related-posts":[{"id":1054,"url":"https:\/\/www.wallendorff.com\/belogue\/2007\/10\/09\/so-ternes\/","url_meta":{"origin":5692,"position":0},"title":"Tout vin t&rsquo;a point.","author":"dpc","date":"9 octobre 2007","format":false,"excerpt":"Studio 130, Saint-Denis, 13 septembre. C'est pas simple de juger un album \u00e0 sa sortie. C'est comme go\u00fbter un vin en s'en enfilant une pleine boutanche cul-sec. Un album il faut que \u00e7a vive, que \u00e7a s'a\u00e8re un peu une fois d\u00e9bouch\u00e9, et surtout que \u00e7a trouve son biotope. Ta\u2026","rel":"","context":"Dans &quot;DPC&quot;","block_context":{"text":"DPC","link":"https:\/\/www.wallendorff.com\/belogue\/category\/dpc\/"},"img":{"alt_text":"","src":"https:\/\/i0.wp.com\/www.wallendorff.com\/belogue\/wp-content\/uploads\/2015\/04\/200710091.jpg?resize=350%2C200&ssl=1","width":350,"height":200,"srcset":"https:\/\/i0.wp.com\/www.wallendorff.com\/belogue\/wp-content\/uploads\/2015\/04\/200710091.jpg?resize=350%2C200&ssl=1 1x, https:\/\/i0.wp.com\/www.wallendorff.com\/belogue\/wp-content\/uploads\/2015\/04\/200710091.jpg?resize=525%2C300&ssl=1 1.5x, https:\/\/i0.wp.com\/www.wallendorff.com\/belogue\/wp-content\/uploads\/2015\/04\/200710091.jpg?resize=700%2C400&ssl=1 2x"},"classes":[]},{"id":3520,"url":"https:\/\/www.wallendorff.com\/belogue\/2008\/10\/27\/prendre-de-la-haute-heure\/","url_meta":{"origin":5692,"position":1},"title":"Prendre de l\u00e0 haute heure.","author":"dpc","date":"27 octobre 2008","format":false,"excerpt":"Gare de Lyon, Paris, 4 octobre. Interpol \u2013 The Lighthouse C'est ach'te bien les radios de djeunzes qui aiment le rock et roll, mais alors quand elles te r\u00e9veillent le lundi matin en te souhaitant de bonnes vacances de la Toussaint, tout de suite, c'est beaucoup moins marrant.","rel":"","context":"Dans &quot;DPC&quot;","block_context":{"text":"DPC","link":"https:\/\/www.wallendorff.com\/belogue\/category\/dpc\/"},"img":{"alt_text":"","src":"https:\/\/i0.wp.com\/www.wallendorff.com\/belogue\/wp-content\/uploads\/2015\/04\/200810272.jpg?resize=350%2C200&ssl=1","width":350,"height":200,"srcset":"https:\/\/i0.wp.com\/www.wallendorff.com\/belogue\/wp-content\/uploads\/2015\/04\/200810272.jpg?resize=350%2C200&ssl=1 1x, https:\/\/i0.wp.com\/www.wallendorff.com\/belogue\/wp-content\/uploads\/2015\/04\/200810272.jpg?resize=525%2C300&ssl=1 1.5x, https:\/\/i0.wp.com\/www.wallendorff.com\/belogue\/wp-content\/uploads\/2015\/04\/200810272.jpg?resize=700%2C400&ssl=1 2x"},"classes":[]},{"id":4895,"url":"https:\/\/www.wallendorff.com\/belogue\/2009\/10\/18\/brooklyn-bridge\/","url_meta":{"origin":5692,"position":2},"title":"Brooklyn bridge.","author":"dpc","date":"18 octobre 2009","format":false,"excerpt":"\u00a0Interpol \u2013 Hands Away","rel":"","context":"Dans &quot;DPC&quot;","block_context":{"text":"DPC","link":"https:\/\/www.wallendorff.com\/belogue\/category\/dpc\/"},"img":{"alt_text":"","src":"https:\/\/i0.wp.com\/www.wallendorff.com\/belogue\/wp-content\/uploads\/2015\/04\/20091018-031-188x188.jpg?resize=350%2C200&ssl=1","width":350,"height":200},"classes":[]},{"id":19244,"url":"https:\/\/www.wallendorff.com\/belogue\/2012\/10\/10\/at-the-bottom-of-the-ocean-she-dwells\/","url_meta":{"origin":5692,"position":3},"title":"At the bottom of the ocean she dwells.","author":"dpc","date":"10 octobre 2012","format":false,"excerpt":"Quais de Save, Belgrade, 30 juillet. On a pas mal caus\u00e9 de Turn on the Bright Lights, ces derniers temps. Le disque a fourni 25 fois des bandes-sons \u00e0 ce site mais Stella n'\u00e9tait pas pass\u00e9e une seule fois. C'est r\u00e9par\u00e9. \u00a0Interpol \u2013 Stella Was a Diver and She Was\u2026","rel":"","context":"Dans &quot;DPC&quot;","block_context":{"text":"DPC","link":"https:\/\/www.wallendorff.com\/belogue\/category\/dpc\/"},"img":{"alt_text":"","src":"https:\/\/i0.wp.com\/www.wallendorff.com\/belogue\/wp-content\/uploads\/2015\/04\/201210101.jpg?resize=350%2C200&ssl=1","width":350,"height":200,"srcset":"https:\/\/i0.wp.com\/www.wallendorff.com\/belogue\/wp-content\/uploads\/2015\/04\/201210101.jpg?resize=350%2C200&ssl=1 1x, https:\/\/i0.wp.com\/www.wallendorff.com\/belogue\/wp-content\/uploads\/2015\/04\/201210101.jpg?resize=525%2C300&ssl=1 1.5x, https:\/\/i0.wp.com\/www.wallendorff.com\/belogue\/wp-content\/uploads\/2015\/04\/201210101.jpg?resize=700%2C400&ssl=1 2x"},"classes":[]},{"id":125178,"url":"https:\/\/www.wallendorff.com\/belogue\/2023\/07\/08\/interpol-jenny-beth-festival-days-off-philharmonie-de-paris-5-juillet-2023\/","url_meta":{"origin":5692,"position":4},"title":"Interpol + Jehnny Beth @ festival Days Off, Philharmonie de Paris, 5 juillet 2023.","author":"dpc","date":"8 juillet 2023","format":false,"excerpt":"Next Exit | Evil | Narc | Take You on a Cruise | Slow Hands | Not Even Jail | Public Pervert | C'mere | Length of Love | A Time to Be So Small || Lights | Obstacle 1 | My Desire | Toni | Pioneer to the Falls\u2026","rel":"","context":"Dans &quot;Alive&quot;","block_context":{"text":"Alive","link":"https:\/\/www.wallendorff.com\/belogue\/category\/alive\/"},"img":{"alt_text":"","src":"https:\/\/i0.wp.com\/www.wallendorff.com\/belogue\/wp-content\/uploads\/2023\/07\/20230708-10.jpg?resize=350%2C200&ssl=1","width":350,"height":200,"srcset":"https:\/\/i0.wp.com\/www.wallendorff.com\/belogue\/wp-content\/uploads\/2023\/07\/20230708-10.jpg?resize=350%2C200&ssl=1 1x, https:\/\/i0.wp.com\/www.wallendorff.com\/belogue\/wp-content\/uploads\/2023\/07\/20230708-10.jpg?resize=525%2C300&ssl=1 1.5x, https:\/\/i0.wp.com\/www.wallendorff.com\/belogue\/wp-content\/uploads\/2023\/07\/20230708-10.jpg?resize=700%2C400&ssl=1 2x, https:\/\/i0.wp.com\/www.wallendorff.com\/belogue\/wp-content\/uploads\/2023\/07\/20230708-10.jpg?resize=1050%2C600&ssl=1 3x"},"classes":[]},{"id":125345,"url":"https:\/\/www.wallendorff.com\/belogue\/2023\/07\/19\/paleo-festival-2023-nyon-jour-1\/","url_meta":{"origin":5692,"position":5},"title":"Pal\u00e9o Festival 2023, Nyon, jour 1.","author":"dpc","date":"19 juillet 2023","format":false,"excerpt":"Ambiance, Pal\u00e9o Festival Nyon 2023 Ambiance, Pal\u00e9o Festival Nyon 2023 Ambiance, Pal\u00e9o Festival Nyon 2023 Ambiance, Pal\u00e9o Festival Nyon 2023 Ambiance, Pal\u00e9o Festival Nyon 2023 Ambiance, Pal\u00e9o Festival Nyon 2023 Ambiance, Pal\u00e9o Festival Nyon 2023 Ambiance, Pal\u00e9o Festival Nyon 2023 Ambiance, Pal\u00e9o Festival Nyon 2023 Ambiance, Pal\u00e9o Festival Nyon 2023\u2026","rel":"","context":"Dans &quot;Alive&quot;","block_context":{"text":"Alive","link":"https:\/\/www.wallendorff.com\/belogue\/category\/alive\/"},"img":{"alt_text":"","src":"https:\/\/i0.wp.com\/www.wallendorff.com\/belogue\/wp-content\/uploads\/2023\/07\/20230719-02.jpg?resize=350%2C200&ssl=1","width":350,"height":200,"srcset":"https:\/\/i0.wp.com\/www.wallendorff.com\/belogue\/wp-content\/uploads\/2023\/07\/20230719-02.jpg?resize=350%2C200&ssl=1 1x, https:\/\/i0.wp.com\/www.wallendorff.com\/belogue\/wp-content\/uploads\/2023\/07\/20230719-02.jpg?resize=525%2C300&ssl=1 1.5x, https:\/\/i0.wp.com\/www.wallendorff.com\/belogue\/wp-content\/uploads\/2023\/07\/20230719-02.jpg?resize=700%2C400&ssl=1 2x, https:\/\/i0.wp.com\/www.wallendorff.com\/belogue\/wp-content\/uploads\/2023\/07\/20230719-02.jpg?resize=1050%2C600&ssl=1 3x"},"classes":[]}],"_links":{"self":[{"href":"https:\/\/www.wallendorff.com\/belogue\/wp-json\/wp\/v2\/posts\/5692","targetHints":{"allow":["GET"]}}],"collection":[{"href":"https:\/\/www.wallendorff.com\/belogue\/wp-json\/wp\/v2\/posts"}],"about":[{"href":"https:\/\/www.wallendorff.com\/belogue\/wp-json\/wp\/v2\/types\/post"}],"author":[{"embeddable":true,"href":"https:\/\/www.wallendorff.com\/belogue\/wp-json\/wp\/v2\/users\/1"}],"replies":[{"embeddable":true,"href":"https:\/\/www.wallendorff.com\/belogue\/wp-json\/wp\/v2\/comments?post=5692"}],"version-history":[{"count":1,"href":"https:\/\/www.wallendorff.com\/belogue\/wp-json\/wp\/v2\/posts\/5692\/revisions"}],"predecessor-version":[{"id":17622,"href":"https:\/\/www.wallendorff.com\/belogue\/wp-json\/wp\/v2\/posts\/5692\/revisions\/17622"}],"wp:featuredmedia":[{"embeddable":true,"href":"https:\/\/www.wallendorff.com\/belogue\/wp-json\/wp\/v2\/media\/25647"}],"wp:attachment":[{"href":"https:\/\/www.wallendorff.com\/belogue\/wp-json\/wp\/v2\/media?parent=5692"}],"wp:term":[{"taxonomy":"category","embeddable":true,"href":"https:\/\/www.wallendorff.com\/belogue\/wp-json\/wp\/v2\/categories?post=5692"},{"taxonomy":"post_tag","embeddable":true,"href":"https:\/\/www.wallendorff.com\/belogue\/wp-json\/wp\/v2\/tags?post=5692"}],"curies":[{"name":"wp","href":"https:\/\/api.w.org\/{rel}","templated":true}]}}