{"id":569,"date":"2004-11-21T16:39:47","date_gmt":"2004-11-21T16:39:47","guid":{"rendered":"http:\/\/www.po-l.com\/wordpress\/?p=569"},"modified":"2012-10-12T10:20:26","modified_gmt":"2012-10-12T08:20:26","slug":"les-nuds-de-la-rampe","status":"publish","type":"post","link":"https:\/\/www.wallendorff.com\/belogue\/2004\/11\/21\/les-nuds-de-la-rampe\/","title":{"rendered":"Les n&oelig;uds de la rampe."},"content":{"rendered":"<div id=\"photo\">\n<p><img decoding=\"async\" src=\"http:\/\/www.po-L.com\/belogue\/photo\/2004\/11\/53.jpg\" \/><br \/>\nBirmingham, 19 novembre 2004.<\/p>\n<\/div>\n<div id=\"bandeson\">\n<p><img decoding=\"async\" src=\"https:\/\/www.wallendorff.com\/belogue\/photo\/pochettes\/s\/simon_paul-graceland.jpg\" align=\"left\" \/>&nbsp;<a href=\"http:\/\/www.paulsimon.com\/\">Paul Simon<\/a> &mdash; <em>You Can Call Me Al<\/em>, attrap&eacute; <a href=\"http:\/\/www.20six.fr\/meluzine2\/archive\/2004\/11\/21\/6x5ztkpkvoa3.htm\">l&agrave;<\/a><\/p>\n<\/p><\/div>\n","protected":false},"excerpt":{"rendered":"<p>Birmingham, 19 novembre 2004. &nbsp;Paul Simon &mdash; You Can Call Me Al, attrap&eacute; l&agrave;<\/p>\n","protected":false},"author":1,"featured_media":24512,"comment_status":"open","ping_status":"open","sticky":false,"template":"","format":"standard","meta":{"_acf_changed":false,"ngg_post_thumbnail":0,"jetpack_post_was_ever_published":false,"_jetpack_newsletter_access":"","_jetpack_dont_email_post_to_subs":false,"_jetpack_newsletter_tier_id":0,"_jetpack_memberships_contains_paywalled_content":false,"_jetpack_memberships_contains_paid_content":false,"footnotes":"","jetpack_publicize_message":"","jetpack_publicize_feature_enabled":true,"jetpack_social_post_already_shared":false,"jetpack_social_options":{"image_generator_settings":{"template":"highway","default_image_id":0,"font":"","enabled":false},"version":2}},"categories":[3],"tags":[499,155,132,10210,55,54,143,10101,644,10638,645],"class_list":["post-569","post","type-post","status-publish","format-standard","has-post-thumbnail","hentry","category-dpc","tag-birmingham","tag-ef-s-18-55-mm-f35-56-ii","tag-eos-20d","tag-escalier","tag-etats-unis","tag-michigan","tag-noir-et-blanc","tag-parking","tag-paul-simon","tag-rampe","tag-you-can-call-me-al"],"acf":[],"geo":{"latitude":42.5457306,"longitude":-83.2121506,"description":null},"jetpack_publicize_connections":[],"jetpack_featured_media_url":"https:\/\/www.wallendorff.com\/belogue\/wp-content\/uploads\/2015\/04\/534.jpg","jetpack_shortlink":"https:\/\/wp.me\/p3b35P-9b","jetpack_sharing_enabled":true,"jetpack-related-posts":[{"id":20121,"url":"https:\/\/www.wallendorff.com\/belogue\/2013\/01\/14\/lelfe-de-la-rampe\/","url_meta":{"origin":569,"position":0},"title":"L&rsquo;elfe de la rampe.","author":"dpc","date":"14 janvier 2013","format":false,"excerpt":"Mus\u00e9e du Louvre , Paris, 20 novembre 2012. Super Heathen Child Grinderman","rel":"","context":"Dans &quot;DPC&quot;","block_context":{"text":"DPC","link":"https:\/\/www.wallendorff.com\/belogue\/category\/dpc\/"},"img":{"alt_text":"","src":"https:\/\/i0.wp.com\/www.wallendorff.com\/belogue\/wp-content\/uploads\/2015\/04\/201301141.jpg?resize=350%2C200&ssl=1","width":350,"height":200},"classes":[]},{"id":73,"url":"https:\/\/www.wallendorff.com\/belogue\/2005\/09\/06\/rampe-art\/","url_meta":{"origin":569,"position":1},"title":"Rampe-art.","author":"dpc","date":"6 septembre 2005","format":false,"excerpt":"Square Adanson, Paris, 31 ao\u00fbt. \u00c7a porte malheur, les marches qui descendent. \"I'm looking to the sky to save me Looking for a sign of life Looking for something to help me burn out bright\" \u00a0Foo Fighters \u2013 Learn to Fly","rel":"","context":"Dans &quot;DPC&quot;","block_context":{"text":"DPC","link":"https:\/\/www.wallendorff.com\/belogue\/category\/dpc\/"},"img":{"alt_text":"","src":"https:\/\/i0.wp.com\/www.wallendorff.com\/belogue\/wp-content\/uploads\/2015\/04\/200509061.jpg?resize=350%2C200&ssl=1","width":350,"height":200},"classes":[]},{"id":475,"url":"https:\/\/www.wallendorff.com\/belogue\/2005\/02\/05\/ca-te-va-a-gravir\/","url_meta":{"origin":569,"position":2},"title":"&Ccedil;a te va &agrave; gravir.","author":"dpc","date":"5 f\u00e9vrier 2005","format":false,"excerpt":"Toronto, 29 janvier. \u00a0The Hives \u2013 Outsmarted","rel":"","context":"Dans &quot;DPC&quot;","block_context":{"text":"DPC","link":"https:\/\/www.wallendorff.com\/belogue\/category\/dpc\/"},"img":{"alt_text":"","src":"https:\/\/i0.wp.com\/www.wallendorff.com\/belogue\/wp-content\/uploads\/2015\/04\/20050205-marches1.jpg?resize=350%2C200&ssl=1","width":350,"height":200,"srcset":"https:\/\/i0.wp.com\/www.wallendorff.com\/belogue\/wp-content\/uploads\/2015\/04\/20050205-marches1.jpg?resize=350%2C200&ssl=1 1x, https:\/\/i0.wp.com\/www.wallendorff.com\/belogue\/wp-content\/uploads\/2015\/04\/20050205-marches1.jpg?resize=525%2C300&ssl=1 1.5x"},"classes":[]},{"id":5147,"url":"https:\/\/www.wallendorff.com\/belogue\/2009\/11\/24\/a-hand-as-a-start\/","url_meta":{"origin":569,"position":3},"title":"A hand as a start.","author":"dpc","date":"24 novembre 2009","format":false,"excerpt":"Rue de Magdebourg, Paris, 2 ao\u00fbt. \u00a0I'm From Barcelona \u2013 Paper Planes","rel":"","context":"Dans &quot;DPC&quot;","block_context":{"text":"DPC","link":"https:\/\/www.wallendorff.com\/belogue\/category\/dpc\/"},"img":{"alt_text":"","src":"https:\/\/i0.wp.com\/www.wallendorff.com\/belogue\/wp-content\/uploads\/2015\/04\/200911241.jpg?resize=350%2C200&ssl=1","width":350,"height":200,"srcset":"https:\/\/i0.wp.com\/www.wallendorff.com\/belogue\/wp-content\/uploads\/2015\/04\/200911241.jpg?resize=350%2C200&ssl=1 1x, https:\/\/i0.wp.com\/www.wallendorff.com\/belogue\/wp-content\/uploads\/2015\/04\/200911241.jpg?resize=525%2C300&ssl=1 1.5x"},"classes":[]},{"id":456,"url":"https:\/\/www.wallendorff.com\/belogue\/2005\/02\/25\/faim-de-moi-dit-ficelle\/","url_meta":{"origin":569,"position":4},"title":"Faim de moi dit Ficelle.","author":"dpc","date":"25 f\u00e9vrier 2005","format":false,"excerpt":"Hill Auditorium, Ann Arbor, 15 f\u00e9vrier. [\u00c7a vient, \u00e7a vient, on va bient\u00f4t en voir la fin.] \u00a0Bloc Party \u2013 Banquet","rel":"","context":"Dans &quot;DPC&quot;","block_context":{"text":"DPC","link":"https:\/\/www.wallendorff.com\/belogue\/category\/dpc\/"},"img":{"alt_text":"","src":"https:\/\/i0.wp.com\/www.wallendorff.com\/belogue\/wp-content\/uploads\/2015\/04\/20050225-011.jpg?resize=350%2C200&ssl=1","width":350,"height":200},"classes":[]},{"id":7928,"url":"https:\/\/www.wallendorff.com\/belogue\/2010\/07\/29\/die-and-let-live\/","url_meta":{"origin":569,"position":5},"title":"Die and let live.","author":"dpc","date":"29 juillet 2010","format":false,"excerpt":"P\u00e8re-Lachaise, Paris, 10 juillet. \u00a0Oasis \u2013 Falling Down (The Prodigy version)","rel":"","context":"Dans &quot;DPC&quot;","block_context":{"text":"DPC","link":"https:\/\/www.wallendorff.com\/belogue\/category\/dpc\/"},"img":{"alt_text":"","src":"https:\/\/i0.wp.com\/www.wallendorff.com\/belogue\/wp-content\/uploads\/2015\/04\/201007291.jpg?resize=350%2C200&ssl=1","width":350,"height":200,"srcset":"https:\/\/i0.wp.com\/www.wallendorff.com\/belogue\/wp-content\/uploads\/2015\/04\/201007291.jpg?resize=350%2C200&ssl=1 1x, https:\/\/i0.wp.com\/www.wallendorff.com\/belogue\/wp-content\/uploads\/2015\/04\/201007291.jpg?resize=525%2C300&ssl=1 1.5x"},"classes":[]}],"_links":{"self":[{"href":"https:\/\/www.wallendorff.com\/belogue\/wp-json\/wp\/v2\/posts\/569","targetHints":{"allow":["GET"]}}],"collection":[{"href":"https:\/\/www.wallendorff.com\/belogue\/wp-json\/wp\/v2\/posts"}],"about":[{"href":"https:\/\/www.wallendorff.com\/belogue\/wp-json\/wp\/v2\/types\/post"}],"author":[{"embeddable":true,"href":"https:\/\/www.wallendorff.com\/belogue\/wp-json\/wp\/v2\/users\/1"}],"replies":[{"embeddable":true,"href":"https:\/\/www.wallendorff.com\/belogue\/wp-json\/wp\/v2\/comments?post=569"}],"version-history":[{"count":1,"href":"https:\/\/www.wallendorff.com\/belogue\/wp-json\/wp\/v2\/posts\/569\/revisions"}],"predecessor-version":[{"id":19260,"href":"https:\/\/www.wallendorff.com\/belogue\/wp-json\/wp\/v2\/posts\/569\/revisions\/19260"}],"wp:featuredmedia":[{"embeddable":true,"href":"https:\/\/www.wallendorff.com\/belogue\/wp-json\/wp\/v2\/media\/24512"}],"wp:attachment":[{"href":"https:\/\/www.wallendorff.com\/belogue\/wp-json\/wp\/v2\/media?parent=569"}],"wp:term":[{"taxonomy":"category","embeddable":true,"href":"https:\/\/www.wallendorff.com\/belogue\/wp-json\/wp\/v2\/categories?post=569"},{"taxonomy":"post_tag","embeddable":true,"href":"https:\/\/www.wallendorff.com\/belogue\/wp-json\/wp\/v2\/tags?post=569"}],"curies":[{"name":"wp","href":"https:\/\/api.w.org\/{rel}","templated":true}]}}