{"id":562,"date":"2004-11-25T00:36:01","date_gmt":"2004-11-25T00:36:01","guid":{"rendered":"http:\/\/www.po-l.com\/wordpress\/?p=562"},"modified":"2011-11-03T15:04:53","modified_gmt":"2011-11-03T13:04:53","slug":"qu-attente-et-voute","status":"publish","type":"post","link":"https:\/\/www.wallendorff.com\/belogue\/2004\/11\/25\/qu-attente-et-voute\/","title":{"rendered":"Qu&rsquo;attente et vo&ucirc;te ?"},"content":{"rendered":"\n<div id=\"photo\">\n<p><img decoding=\"async\" src=\"http:\/\/www.po-L.com\/belogue\/photo\/2004\/11\/66.jpg\" \/><br \/>\n          En attendant les Pixies, D&eacute;troit, 22 novembre 2004.<\/p>\n<\/p><\/div>\n<div id=\"bandeson\">\n<p><img decoding=\"async\" src=\"https:\/\/www.wallendorff.com\/belogue\/photo\/pochettes\/m\/mehldau_brad-largo.jpg\" align=\"left\" \/>&nbsp;<a href=\"http:\/\/www.bradmehldau.com\/\">Brad Mehldau<\/a> &ndash; <em>Paranoid Android<\/em> (Radiohead cover)        <\/p>\n<\/p><\/div>\n","protected":false},"excerpt":{"rendered":"<p>En attendant les Pixies, D&eacute;troit, 22 novembre 2004. &nbsp;Brad Mehldau &ndash; Paranoid Android (Radiohead cover)<\/p>\n","protected":false},"author":1,"featured_media":24505,"comment_status":"open","ping_status":"open","sticky":false,"template":"","format":"standard","meta":{"_acf_changed":false,"ngg_post_thumbnail":0,"jetpack_post_was_ever_published":false,"_jetpack_newsletter_access":"","_jetpack_dont_email_post_to_subs":false,"_jetpack_newsletter_tier_id":0,"_jetpack_memberships_contains_paywalled_content":false,"_jetpack_memberships_contains_paid_content":false,"footnotes":"","jetpack_publicize_message":"","jetpack_publicize_feature_enabled":true,"jetpack_social_post_already_shared":false,"jetpack_social_options":{"image_generator_settings":{"template":"highway","default_image_id":0,"font":"","enabled":false},"version":2}},"categories":[3],"tags":[658,155,132,10099,55,54,659,128,519,652,10261],"class_list":["post-562","post","type-post","status-publish","format-standard","has-post-thumbnail","hentry","category-dpc","tag-brad-meldhau","tag-ef-s-18-55-mm-f35-56-ii","tag-eos-20d","tag-detroit","tag-etats-unis","tag-michigan","tag-paranoid-android","tag-radiohead","tag-state-theater","tag-the-pixies","tag-voute"],"acf":[],"geo":{"latitude":42.3377037,"longitude":-83.0518036,"description":"2101 Woodward Ave, Detroit, MI 48201, USA"},"jetpack_publicize_connections":[],"jetpack_featured_media_url":"https:\/\/www.wallendorff.com\/belogue\/wp-content\/uploads\/2015\/04\/661.jpg","jetpack_shortlink":"https:\/\/wp.me\/p3b35P-94","jetpack_sharing_enabled":true,"jetpack-related-posts":[{"id":189,"url":"https:\/\/www.wallendorff.com\/belogue\/2006\/07\/08\/poupee-dechire-poupee-descend\/","url_meta":{"origin":562,"position":0},"title":"Poup&eacute;e d&eacute;chire, poup&eacute;e descend.","author":"dpc","date":"8 juillet 2006","format":false,"excerpt":"Rue Denoyez, Paris, 06 juillet. \u201cRain down, rain down Come on rain down on me From a great height From a great height... height...\u201d \u00a0Radiohead \u2013 Paranoid Android","rel":"","context":"Dans &quot;DPC&quot;","block_context":{"text":"DPC","link":"https:\/\/www.wallendorff.com\/belogue\/category\/dpc\/"},"img":{"alt_text":"","src":"https:\/\/i0.wp.com\/www.wallendorff.com\/belogue\/wp-content\/uploads\/2015\/04\/200607081.jpg?resize=350%2C200&ssl=1","width":350,"height":200},"classes":[]},{"id":7988,"url":"https:\/\/www.wallendorff.com\/belogue\/2010\/08\/08\/fond-de-tiroir-14\/","url_meta":{"origin":562,"position":1},"title":"Fond de tiroir #14.","author":"dpc","date":"8 ao\u00fbt 2010","format":false,"excerpt":"Grand Central Terminal, New York, 9 mai 2009. \u00a0Radiohead \u2013 Where I End and You Begin (The Sky Is Falling in)","rel":"","context":"Dans &quot;DPC&quot;","block_context":{"text":"DPC","link":"https:\/\/www.wallendorff.com\/belogue\/category\/dpc\/"},"img":{"alt_text":"","src":"https:\/\/i0.wp.com\/www.wallendorff.com\/belogue\/wp-content\/uploads\/2015\/04\/201008081.jpg?resize=350%2C200&ssl=1","width":350,"height":200},"classes":[]},{"id":773,"url":"https:\/\/www.wallendorff.com\/belogue\/2006\/08\/27\/radiohead-rock-en-seine-paris\/","url_meta":{"origin":562,"position":2},"title":"Radiohead @ Rock en Seine, Paris.","author":"dpc","date":"27 ao\u00fbt 2006","format":false,"excerpt":"La premi\u00e8re [et derni\u00e8re] fois c'\u00e9tait au milieu des palmiers d'un d\u00e9sert californien surchauff\u00e9, quelques minutes \u00e0 peine apr\u00e8s la reformation des Pixies, au fin fond d'une foule de 60\u00a0000 personnes savourant religieusement leur seule date am\u00e9ricaine de cette ann\u00e9e 2004. Ce coup-ci, assis en tailleur derri\u00e8re des grillages, verre\u2026","rel":"","context":"Dans &quot;Alive&quot;","block_context":{"text":"Alive","link":"https:\/\/www.wallendorff.com\/belogue\/category\/alive\/"},"img":{"alt_text":"","src":"https:\/\/i0.wp.com\/www.wallendorff.com\/belogue\/wp-content\/uploads\/2015\/04\/200608271.jpg?resize=350%2C200&ssl=1","width":350,"height":200,"srcset":"https:\/\/i0.wp.com\/www.wallendorff.com\/belogue\/wp-content\/uploads\/2015\/04\/200608271.jpg?resize=350%2C200&ssl=1 1x, https:\/\/i0.wp.com\/www.wallendorff.com\/belogue\/wp-content\/uploads\/2015\/04\/200608271.jpg?resize=525%2C300&ssl=1 1.5x, https:\/\/i0.wp.com\/www.wallendorff.com\/belogue\/wp-content\/uploads\/2015\/04\/200608271.jpg?resize=700%2C400&ssl=1 2x"},"classes":[]},{"id":566,"url":"https:\/\/www.wallendorff.com\/belogue\/2004\/11\/23\/the-pixies-the-datsuns-state-theater-detroit\/","url_meta":{"origin":562,"position":3},"title":"The Pixies + The Datsuns @ State Theater, D&eacute;troit.","author":"dpc","date":"23 novembre 2004","format":false,"excerpt":"Par rapport \u00e0 la derni\u00e8re fois, les Pixies se montrent plus complices, racontant des conneries, se faisant des private jokes. Le State Theater est loin d'\u00eatre plein, forc\u00e9ment, c'est la derni\u00e8re d'une s\u00e9rie de trois dates \u00e0 D\u00e9troit. Les solos de Joe Santiago, les longues plaintes crisp\u00e9es de Frank Black\u2026","rel":"","context":"Dans &quot;Alive&quot;","block_context":{"text":"Alive","link":"https:\/\/www.wallendorff.com\/belogue\/category\/alive\/"},"img":{"alt_text":"","src":"https:\/\/i0.wp.com\/www.wallendorff.com\/belogue\/wp-content\/uploads\/2015\/04\/200411231.jpg?resize=350%2C200&ssl=1","width":350,"height":200,"srcset":"https:\/\/i0.wp.com\/www.wallendorff.com\/belogue\/wp-content\/uploads\/2015\/04\/200411231.jpg?resize=350%2C200&ssl=1 1x, https:\/\/i0.wp.com\/www.wallendorff.com\/belogue\/wp-content\/uploads\/2015\/04\/200411231.jpg?resize=525%2C300&ssl=1 1.5x, https:\/\/i0.wp.com\/www.wallendorff.com\/belogue\/wp-content\/uploads\/2015\/04\/200411231.jpg?resize=700%2C400&ssl=1 2x"},"classes":[]},{"id":127632,"url":"https:\/\/www.wallendorff.com\/belogue\/2024\/03\/27\/pixies-lolympia-paris-26-mars-2024\/","url_meta":{"origin":562,"position":4},"title":"Pixies @ l&rsquo;Olympia, Paris, 26 mars 2024.","author":"dpc","date":"27 mars 2024","format":false,"excerpt":"Pixies @ l\u2019Olympia, Paris, 26\/03\/2024 Pixies @ l\u2019Olympia, Paris, 26\/03\/2024 Pixies @ l\u2019Olympia, Paris, 26\/03\/2024 Pixies @ l\u2019Olympia, Paris, 26\/03\/2024 Pixies @ l\u2019Olympia, Paris, 26\/03\/2024 Pixies @ l\u2019Olympia, Paris, 26\/03\/2024 Pixies @ l\u2019Olympia, Paris, 26\/03\/2024 Pixies @ l\u2019Olympia, Paris, 26\/03\/2024 Pixies @ l\u2019Olympia, Paris, 26\/03\/2024 Pixies @ l\u2019Olympia, Paris, 26\/03\/2024\u2026","rel":"","context":"Dans &quot;Alive&quot;","block_context":{"text":"Alive","link":"https:\/\/www.wallendorff.com\/belogue\/category\/alive\/"},"img":{"alt_text":"","src":"https:\/\/i0.wp.com\/www.wallendorff.com\/belogue\/wp-content\/uploads\/2024\/03\/20240327-22.jpg?resize=350%2C200&ssl=1","width":350,"height":200,"srcset":"https:\/\/i0.wp.com\/www.wallendorff.com\/belogue\/wp-content\/uploads\/2024\/03\/20240327-22.jpg?resize=350%2C200&ssl=1 1x, https:\/\/i0.wp.com\/www.wallendorff.com\/belogue\/wp-content\/uploads\/2024\/03\/20240327-22.jpg?resize=525%2C300&ssl=1 1.5x, https:\/\/i0.wp.com\/www.wallendorff.com\/belogue\/wp-content\/uploads\/2024\/03\/20240327-22.jpg?resize=700%2C400&ssl=1 2x, https:\/\/i0.wp.com\/www.wallendorff.com\/belogue\/wp-content\/uploads\/2024\/03\/20240327-22.jpg?resize=1050%2C600&ssl=1 3x"},"classes":[]},{"id":29224,"url":"https:\/\/www.wallendorff.com\/belogue\/2015\/09\/09\/voute-no-6216\/","url_meta":{"origin":562,"position":5},"title":"Vo\u00fbte no 6&nbsp;216.","author":"dpc","date":"9 septembre 2015","format":false,"excerpt":"\u00c9glise Saints-Pierre-et-Paul, Cracovie, 12 mai. Emotion 98.6 Mylo","rel":"","context":"Dans &quot;DPC&quot;","block_context":{"text":"DPC","link":"https:\/\/www.wallendorff.com\/belogue\/category\/dpc\/"},"img":{"alt_text":"","src":"https:\/\/i0.wp.com\/www.wallendorff.com\/belogue\/wp-content\/uploads\/2015\/09\/20150909.jpg?resize=350%2C200&ssl=1","width":350,"height":200,"srcset":"https:\/\/i0.wp.com\/www.wallendorff.com\/belogue\/wp-content\/uploads\/2015\/09\/20150909.jpg?resize=350%2C200&ssl=1 1x, https:\/\/i0.wp.com\/www.wallendorff.com\/belogue\/wp-content\/uploads\/2015\/09\/20150909.jpg?resize=525%2C300&ssl=1 1.5x, https:\/\/i0.wp.com\/www.wallendorff.com\/belogue\/wp-content\/uploads\/2015\/09\/20150909.jpg?resize=700%2C400&ssl=1 2x"},"classes":[]}],"_links":{"self":[{"href":"https:\/\/www.wallendorff.com\/belogue\/wp-json\/wp\/v2\/posts\/562","targetHints":{"allow":["GET"]}}],"collection":[{"href":"https:\/\/www.wallendorff.com\/belogue\/wp-json\/wp\/v2\/posts"}],"about":[{"href":"https:\/\/www.wallendorff.com\/belogue\/wp-json\/wp\/v2\/types\/post"}],"author":[{"embeddable":true,"href":"https:\/\/www.wallendorff.com\/belogue\/wp-json\/wp\/v2\/users\/1"}],"replies":[{"embeddable":true,"href":"https:\/\/www.wallendorff.com\/belogue\/wp-json\/wp\/v2\/comments?post=562"}],"version-history":[{"count":1,"href":"https:\/\/www.wallendorff.com\/belogue\/wp-json\/wp\/v2\/posts\/562\/revisions"}],"predecessor-version":[{"id":14365,"href":"https:\/\/www.wallendorff.com\/belogue\/wp-json\/wp\/v2\/posts\/562\/revisions\/14365"}],"wp:featuredmedia":[{"embeddable":true,"href":"https:\/\/www.wallendorff.com\/belogue\/wp-json\/wp\/v2\/media\/24505"}],"wp:attachment":[{"href":"https:\/\/www.wallendorff.com\/belogue\/wp-json\/wp\/v2\/media?parent=562"}],"wp:term":[{"taxonomy":"category","embeddable":true,"href":"https:\/\/www.wallendorff.com\/belogue\/wp-json\/wp\/v2\/categories?post=562"},{"taxonomy":"post_tag","embeddable":true,"href":"https:\/\/www.wallendorff.com\/belogue\/wp-json\/wp\/v2\/tags?post=562"}],"curies":[{"name":"wp","href":"https:\/\/api.w.org\/{rel}","templated":true}]}}