{"id":553,"date":"2006-08-01T00:02:21","date_gmt":"2006-08-01T00:02:21","guid":{"rendered":"http:\/\/www.po-l.com\/wordpress\/?p=553"},"modified":"2012-05-20T16:45:11","modified_gmt":"2012-05-20T14:45:11","slug":"tagada-tsouin-tsouin","status":"publish","type":"post","link":"https:\/\/www.wallendorff.com\/belogue\/2006\/08\/01\/tagada-tsouin-tsouin\/","title":{"rendered":"Tagada, tsouin, tsouin."},"content":{"rendered":"<div id=\"photo\">\n<p><img fetchpriority=\"high\" decoding=\"async\" src=\"http:\/\/www.po-L.com\/belogue\/photo\/2006\/08\/20060801.jpg\" width=\"369\" height=\"228\" \/><br \/>\nStudio Midilive, Villet&acirc;&acirc;&acirc;neuse, 30 juillet.<\/p>\n<\/div>\n<p style=\"text-align:right\"><em>&laquo;&nbsp;Plusieurs indices m&rsquo;ont mis la puce &agrave; l&rsquo;oreille<br \/>\n  J&rsquo;ouvre l&rsquo;&oelig;il<br \/>\n  J&rsquo;vais faire une enqu&ecirc;te pour en avoir le coeur net<br \/>\n  &Ccedil;a m&rsquo;inqui&egrave;te<\/em><\/p>\n<p style=\"text-align:right\"><em>Y&rsquo;a des d&eacute;tails qui ne trompent pas<\/em><\/p>\n<p style=\"text-align:right\"><em> Les draps la taie d&rsquo;oreiller et la couette<br \/>\n  Sont plein d&rsquo;paillettes<br \/>\n  &Agrave; c&ocirc;t&eacute; de mon linge sale<br \/>\n  Y&rsquo;a des habits de carnaval <\/em><\/p>\n<p style=\"text-align:right\"><em>J&rsquo;trempe mes tartines dans la cacha&ccedil;a<br \/>\n  Y&rsquo;a un Br&eacute;silien qui habite chez moi<\/em><\/p>\n<p style=\"text-align:right\"><em>Du sable de Copacabana dans la salle de bain<br \/>\n  Poster de Ronaldo et le berimbau<br \/>\n  C&rsquo;est certainement pas le mien<br \/>\n  De petites boules bizarres<br \/>\n  Fum&eacute;es dans la baignoire<br \/>\n  C&rsquo;est un vrai cauchemar<br \/>\n  Quelqu&rsquo;un a bu tout mon Ricard&nbsp;!<\/em><\/p>\n<p style=\"text-align:right\"><em>Dans la cuisine des sachets de caf&eacute;<br \/>\n  De la morue et du riz<br \/>\n  Un message sur le r&eacute;pondeur dans une langue<br \/>\n  Qu&rsquo;est pas la mienne<br \/>\n  V&rsquo;l&agrave; qu&rsquo;il s&rsquo;en prend &agrave; mon pays&nbsp;!<\/em><\/p>\n<p style=\"text-align:right\"><em>La t&eacute;l&eacute; diffuse K&ocirc;h-Lanta<br \/>\n  Y&rsquo;a un Br&eacute;silien qui habite chez moi<\/em><\/p>\n<p style=\"text-align:right\"><em>La vaisselle s&rsquo;entasse<br \/>\n  O&ugrave; sont mes bi&egrave;res mes p&acirc;tes ma vinasse&nbsp;?<br \/>\n  On sonne &agrave; la porte c&rsquo;est d&rsquo;la folie&nbsp;!<br \/>\n  Le livreur Pizza Hut&nbsp;!<br \/>\n  Et celui des sushis&nbsp;!<\/em><\/p>\n<p style=\"text-align:right\"><em>J&rsquo;dis &laquo;&nbsp;tu l&rsquo;as vu&nbsp;?&nbsp;&raquo; on m&rsquo;r&eacute;pond &laquo;&nbsp;QUOIIIII&nbsp;?&nbsp;&raquo;<br \/>\n  Y&rsquo;a un Br&eacute;silien qui habite chez moi.<\/em><\/p>\n<p style=\"text-align:right\"><em>Un poilu danse devant la t&eacute;l&eacute;<br \/>\n  Y&rsquo;a des pizzas des tangas us&eacute;s<br \/>\n  Les m&eacute;gots de cigarettes &eacute;cras&eacute;s dans les assiettes<br \/>\n  De la samba dans ma chambrette<\/em><\/p>\n<p style=\"text-align:right\"><em>Tous les soirs c&rsquo;est carbonara<br \/>\n  Y&rsquo;a un Br&eacute;silien qui habite chez moi.<\/em><\/p>\n<p style=\"text-align:right\"><em>Sur la table de nuit plus de capote mais de la vaseline<br \/>\n  Y&rsquo;a un Br&eacute;silien qui habite chez moi<br \/>\n  Et des bougies aux formes pas anodines<br \/>\n  Y&rsquo;a un Br&eacute;silien qui habite chez moi<\/em><\/p>\n<p style=\"text-align:right\"><em>Y&rsquo;a des d&eacute;tails qui ne trompent pas<\/em><\/p>\n<p style=\"text-align:right\"><em>Y&rsquo;a un drapeau vert et jaune sur ma fen&ecirc;tre<br \/>\n  Qu&rsquo;est-ce que c&rsquo;est que &ccedil;a mon Dieu c&rsquo;est un slip bleu&nbsp;!<\/em><\/p>\n<p style=\"text-align:right\"><em>L&rsquo;&eacute;pilateur est encore chaud<br \/>\n  C&rsquo;est trop je l&#8217;emm&egrave;ne avec<br \/>\n  Je vais le porter &agrave; Horacio<br \/>\n  Pour qu&rsquo;il y compte les chromosomes Y<\/em><\/p>\n<p style=\"text-align:right\"><em>On dirait que je suis plus c&eacute;libataire<br \/>\n  Le coupable je le tiens<br \/>\n  Il est devant l&rsquo;&eacute;tau se resserre<br \/>\n  Accroch&eacute; au t&eacute;l&eacute;phone parlant ailleurs<br \/>\n  Dans un joli par&eacute;o &agrave; fleurs<br \/>\n  Un gros me dit &laquo;&nbsp;Tudo bom meu amigo<br \/>\n  Eu tenho cerveja e batato&nbsp;&raquo;<\/em><em><\/em><\/p>\n<p>J&rsquo;aurais bien aim&eacute; avoir les dessins qui allaient avec, mais j&rsquo;ai eu beau sautiller tout nu devant la fen&ecirc;tre de la cuisine pour l&rsquo;amadouer, <a href=\"http:\/\/www.bouletcorp.com\/blog\">Boulet<\/a><sup>1<\/sup> n&rsquo;a jamais voulu me les faire. D&eacute;sol&eacute;. <\/p>\n<div id=\"bandeson\">\n<p><img decoding=\"async\" src=\"https:\/\/www.wallendorff.com\/belogue\/photo\/pochettes\/a\/amis_dta_femme_les-lave-toi_la_bouche.jpg\" align=\"left\" \/>&nbsp;<a href=\"http:\/\/fr.wikipedia.org\/wiki\/Les_Amis_d%27ta_femme\">Les Amis D&rsquo;ta Femme<\/a> &ndash; <em>Laisse tomber gros<\/em> (Renaud c&ocirc;veur)<\/p>\n<\/p><\/div>\n<p>_____<\/p>\n<div id=\"bas_note\">\n<p><sup>1<\/sup> Ma note n&rsquo;est pas un plagiat de <a href=\"http:\/\/www.bouletcorp.com\/blog\/index.php?date=20060425\">celle-ci<\/a>, au fait, mais un hommage.<\/p>\n<\/div>\n","protected":false},"excerpt":{"rendered":"<p>Studio Midilive, Villet&acirc;&acirc;&acirc;neuse, 30 juillet. &laquo;&nbsp;Plusieurs indices m&rsquo;ont mis la puce &agrave; l&rsquo;oreille J&rsquo;ouvre l&rsquo;&oelig;il J&rsquo;vais faire une enqu&ecirc;te pour en avoir le coeur net &Ccedil;a m&rsquo;inqui&egrave;te Y&rsquo;a des d&eacute;tails qui ne trompent pas Les draps la taie d&rsquo;oreiller et la couette Sont plein d&rsquo;paillettes &Agrave; c&ocirc;t&eacute; de mon linge sale Y&rsquo;a des habits de&hellip;<\/p>\n","protected":false},"author":1,"featured_media":24496,"comment_status":"open","ping_status":"open","sticky":false,"template":"","format":"standard","meta":{"_acf_changed":false,"ngg_post_thumbnail":0,"jetpack_post_was_ever_published":false,"_jetpack_newsletter_access":"","_jetpack_dont_email_post_to_subs":false,"_jetpack_newsletter_tier_id":0,"_jetpack_memberships_contains_paywalled_content":false,"_jetpack_memberships_contains_paid_content":false,"footnotes":"","jetpack_publicize_message":"","jetpack_publicize_feature_enabled":true,"jetpack_social_post_already_shared":false,"jetpack_social_options":{"image_generator_settings":{"template":"highway","default_image_id":0,"font":"","enabled":false},"version":2}},"categories":[3],"tags":[3281,142,132,10120,10121,1712,450,143,10398,10365,1710,1713],"class_list":["post-553","post","type-post","status-publish","format-standard","has-post-thumbnail","hentry","category-dpc","tag-benabar","tag-ef-s-10-22-mm-f35-45-usm","tag-eos-20d","tag-france","tag-ile-de-france","tag-laisse-tomber-gros","tag-les-amis-dta-femme","tag-noir-et-blanc","tag-seine-saint-denis","tag-studio","tag-studios-midilive","tag-villetaneuse"],"acf":[],"geo":{"latitude":48.9537163,"longitude":2.3458278,"description":null},"jetpack_publicize_connections":[],"jetpack_featured_media_url":"https:\/\/www.wallendorff.com\/belogue\/wp-content\/uploads\/2015\/04\/200608011.jpg","jetpack_shortlink":"https:\/\/wp.me\/p3b35P-8V","jetpack_sharing_enabled":true,"jetpack-related-posts":[{"id":3807,"url":"https:\/\/www.wallendorff.com\/belogue\/2009\/01\/19\/animal-collective-le-bataclan-paris-16-janvier\/","url_meta":{"origin":553,"position":0},"title":"Animal Collective @ le Bataclan, Paris, 16 janvier.","author":"dpc","date":"19 janvier 2009","format":false,"excerpt":"Y'a des week-ends comme \u00e7a qui commencent normalement et qui finissent avec une parution dans Le Monde. C'est quand m\u00eame chouette, la vie, des fois. Eagles of Death Metal \u2013 Cheap Thrills","rel":"","context":"Dans &quot;Alive&quot;","block_context":{"text":"Alive","link":"https:\/\/www.wallendorff.com\/belogue\/category\/alive\/"},"img":{"alt_text":"","src":"https:\/\/i0.wp.com\/www.wallendorff.com\/belogue\/wp-content\/uploads\/2015\/04\/200901191.jpg?resize=350%2C200&ssl=1","width":350,"height":200,"srcset":"https:\/\/i0.wp.com\/www.wallendorff.com\/belogue\/wp-content\/uploads\/2015\/04\/200901191.jpg?resize=350%2C200&ssl=1 1x, https:\/\/i0.wp.com\/www.wallendorff.com\/belogue\/wp-content\/uploads\/2015\/04\/200901191.jpg?resize=525%2C300&ssl=1 1.5x, https:\/\/i0.wp.com\/www.wallendorff.com\/belogue\/wp-content\/uploads\/2015\/04\/200901191.jpg?resize=700%2C400&ssl=1 2x"},"classes":[]},{"id":9630,"url":"https:\/\/www.wallendorff.com\/belogue\/2010\/10\/08\/a-lys-sa-clisse\/","url_meta":{"origin":553,"position":1},"title":"\u00c0 lys sa clisse.","author":"dpc","date":"8 octobre 2010","format":false,"excerpt":"Paris, 12 ao\u00fbt. Y'a un site qui liste toutes les utilisations [abusives] de Hey, Soul Sister de Train dans les media, et c'est dr\u00f4le. [On devrait faire pareil avec toutes les utilisations [abusives] de Jo-Wilfried Tsonga et Jean Rochefort.] [Et un autre militant pour le d\u00e9sherbage complet de l'homme \u00e0\u2026","rel":"","context":"Dans &quot;DPC&quot;","block_context":{"text":"DPC","link":"https:\/\/www.wallendorff.com\/belogue\/category\/dpc\/"},"img":{"alt_text":"","src":"https:\/\/i0.wp.com\/www.wallendorff.com\/belogue\/wp-content\/uploads\/2015\/04\/201010081.jpg?resize=350%2C200&ssl=1","width":350,"height":200,"srcset":"https:\/\/i0.wp.com\/www.wallendorff.com\/belogue\/wp-content\/uploads\/2015\/04\/201010081.jpg?resize=350%2C200&ssl=1 1x, https:\/\/i0.wp.com\/www.wallendorff.com\/belogue\/wp-content\/uploads\/2015\/04\/201010081.jpg?resize=525%2C300&ssl=1 1.5x, https:\/\/i0.wp.com\/www.wallendorff.com\/belogue\/wp-content\/uploads\/2015\/04\/201010081.jpg?resize=700%2C400&ssl=1 2x"},"classes":[]},{"id":161,"url":"https:\/\/www.wallendorff.com\/belogue\/2006\/05\/29\/soutes-et-reins\/","url_meta":{"origin":553,"position":2},"title":"Soutes et reins.","author":"dpc","date":"29 mai 2006","format":false,"excerpt":"Parking Matignon, Paris, 21 mai. [Franchement, quand une z\u00e9zette lance un avis de recherche sur son p\u00e8re disparu depuis 30 ans et que pendant ce temps-l\u00e0, derri\u00e8re, ils1 te mettent la bande originale de Jurassic Park, pardon mais moi, hein, je la\u00fcle.] \u00a0Interpol \u2013 Untitled _____ 1 Y'a Que La\u2026","rel":"","context":"Dans &quot;DPC&quot;","block_context":{"text":"DPC","link":"https:\/\/www.wallendorff.com\/belogue\/category\/dpc\/"},"img":{"alt_text":"","src":"https:\/\/i0.wp.com\/www.wallendorff.com\/belogue\/wp-content\/uploads\/2015\/04\/200605291.jpg?resize=350%2C200&ssl=1","width":350,"height":200},"classes":[]},{"id":1098,"url":"https:\/\/www.wallendorff.com\/belogue\/2007\/12\/03\/kl\/","url_meta":{"origin":553,"position":3},"title":"Bloc Party.","author":"dpc","date":"3 d\u00e9cembre 2007","format":false,"excerpt":"Bloc Party, le Z\u00e9nith, 12 novembre. Y'a quand m\u00eame des jours o\u00f9, m\u00eame si tu y est entr\u00e9 grave \u00e0 la bourre, tu ressors de la fosse photo dans l'all\u00e9gresse et la folle envie de rouler des pelles au chanteur, au public, \u00e0 tout le groupe et surtout, surtout l'\u00e9clairagiste\u2026","rel":"","context":"Dans &quot;Alive&quot;","block_context":{"text":"Alive","link":"https:\/\/www.wallendorff.com\/belogue\/category\/alive\/"},"img":{"alt_text":"","src":"https:\/\/i0.wp.com\/www.wallendorff.com\/belogue\/wp-content\/uploads\/2015\/04\/200712031.jpg?resize=350%2C200&ssl=1","width":350,"height":200,"srcset":"https:\/\/i0.wp.com\/www.wallendorff.com\/belogue\/wp-content\/uploads\/2015\/04\/200712031.jpg?resize=350%2C200&ssl=1 1x, https:\/\/i0.wp.com\/www.wallendorff.com\/belogue\/wp-content\/uploads\/2015\/04\/200712031.jpg?resize=525%2C300&ssl=1 1.5x, https:\/\/i0.wp.com\/www.wallendorff.com\/belogue\/wp-content\/uploads\/2015\/04\/200712031.jpg?resize=700%2C400&ssl=1 2x"},"classes":[]},{"id":751,"url":"https:\/\/www.wallendorff.com\/belogue\/2004\/07\/01\/a-peu-de-choses-pret\/","url_meta":{"origin":553,"position":4},"title":"\u00c0 peu de choses, pr\u00eat.","author":"dpc","date":"1 juillet 2004","format":false,"excerpt":"Hier soir je suis all\u00e9 directement \u00e0 Ann Arbor, mais sans passer par la case autoroute. \u00c7a met deux fois plus de temps, mais \u00e7a vaut le coup. Faut prendre Haggerty plein Sud, puis 6 Mile vers l'Ouest pendant une bonne demi-heure. Et tu traverses \u00e7a. Avec le soleil qui\u2026","rel":"","context":"Dans &quot;DPC&quot;","block_context":{"text":"DPC","link":"https:\/\/www.wallendorff.com\/belogue\/category\/dpc\/"},"img":{"alt_text":"","src":"https:\/\/i0.wp.com\/www.wallendorff.com\/belogue\/wp-content\/uploads\/2015\/04\/019.jpg?resize=350%2C200&ssl=1","width":350,"height":200,"srcset":"https:\/\/i0.wp.com\/www.wallendorff.com\/belogue\/wp-content\/uploads\/2015\/04\/019.jpg?resize=350%2C200&ssl=1 1x, https:\/\/i0.wp.com\/www.wallendorff.com\/belogue\/wp-content\/uploads\/2015\/04\/019.jpg?resize=525%2C300&ssl=1 1.5x, https:\/\/i0.wp.com\/www.wallendorff.com\/belogue\/wp-content\/uploads\/2015\/04\/019.jpg?resize=700%2C400&ssl=1 2x"},"classes":[]},{"id":949,"url":"https:\/\/www.wallendorff.com\/belogue\/2007\/05\/11\/dansant-sans-quentin\/","url_meta":{"origin":553,"position":5},"title":"Dansant sans Quentin.","author":"dpc","date":"11 mai 2007","format":false,"excerpt":"A\u00e9roport Charles de Gaulle, Roissy, 23 avril. Y'a le J\u00e9r\u00f4me Colin qui s'en revient. \u00c7a s'appelle radiolibre.be, y a des sessions acoustiques toutes les semaines dedans et forc\u00e9ment, c'est recommand\u00e9 par la maison. \u00a0Arcade Fire \u2013 Building Downtown (Antichrist Television Blues)","rel":"","context":"Dans &quot;DPC&quot;","block_context":{"text":"DPC","link":"https:\/\/www.wallendorff.com\/belogue\/category\/dpc\/"},"img":{"alt_text":"","src":"https:\/\/i0.wp.com\/www.wallendorff.com\/belogue\/wp-content\/uploads\/2015\/04\/200705111.jpg?resize=350%2C200&ssl=1","width":350,"height":200},"classes":[]}],"_links":{"self":[{"href":"https:\/\/www.wallendorff.com\/belogue\/wp-json\/wp\/v2\/posts\/553","targetHints":{"allow":["GET"]}}],"collection":[{"href":"https:\/\/www.wallendorff.com\/belogue\/wp-json\/wp\/v2\/posts"}],"about":[{"href":"https:\/\/www.wallendorff.com\/belogue\/wp-json\/wp\/v2\/types\/post"}],"author":[{"embeddable":true,"href":"https:\/\/www.wallendorff.com\/belogue\/wp-json\/wp\/v2\/users\/1"}],"replies":[{"embeddable":true,"href":"https:\/\/www.wallendorff.com\/belogue\/wp-json\/wp\/v2\/comments?post=553"}],"version-history":[{"count":2,"href":"https:\/\/www.wallendorff.com\/belogue\/wp-json\/wp\/v2\/posts\/553\/revisions"}],"predecessor-version":[{"id":17350,"href":"https:\/\/www.wallendorff.com\/belogue\/wp-json\/wp\/v2\/posts\/553\/revisions\/17350"}],"wp:featuredmedia":[{"embeddable":true,"href":"https:\/\/www.wallendorff.com\/belogue\/wp-json\/wp\/v2\/media\/24496"}],"wp:attachment":[{"href":"https:\/\/www.wallendorff.com\/belogue\/wp-json\/wp\/v2\/media?parent=553"}],"wp:term":[{"taxonomy":"category","embeddable":true,"href":"https:\/\/www.wallendorff.com\/belogue\/wp-json\/wp\/v2\/categories?post=553"},{"taxonomy":"post_tag","embeddable":true,"href":"https:\/\/www.wallendorff.com\/belogue\/wp-json\/wp\/v2\/tags?post=553"}],"curies":[{"name":"wp","href":"https:\/\/api.w.org\/{rel}","templated":true}]}}