{"id":5527,"date":"2009-12-23T09:45:48","date_gmt":"2009-12-23T08:45:48","guid":{"rendered":"http:\/\/www.po-l.com\/belogue\/?p=5527"},"modified":"2012-08-25T10:10:44","modified_gmt":"2012-08-25T08:10:44","slug":"le-fout-la-poulpe","status":"publish","type":"post","link":"https:\/\/www.wallendorff.com\/belogue\/2009\/12\/23\/le-fout-la-poulpe\/","title":{"rendered":"Le fout l\u00e0 poulpe."},"content":{"rendered":"<div id=\"photo\">\n<p><img decoding=\"async\" src=\"https:\/\/www.wallendorff.com\/belogue\/photo\/2009\/12\/20091223.jpg\" \/><br \/>\nSquare du Vert-Galant, Paris, 25 octobre.<\/p>\n<\/div>\n<div id=\"bandeson\">\n<p><img decoding=\"async\" src=\"https:\/\/www.wallendorff.com\/belogue\/photo\/pochettes\/r\/radiohead-ok_computer.jpg\" align=\"left\" \/>&nbsp;<a href=\"http:\/\/www.radiohead.com\">Radiohead<\/a> &ndash; <em>Electioneering<\/em><\/p>\n<\/div>\n<p style=\"text-align:right\"><em>When I go forwards you go backwards and somewhere we will meet ah ah ah.<\/em><\/p>\n","protected":false},"excerpt":{"rendered":"<p>Square du Vert-Galant, Paris, 25 octobre. &nbsp;Radiohead &ndash; Electioneering When I go forwards you go backwards and somewhere we will meet ah ah ah.<\/p>\n","protected":false},"author":1,"featured_media":25645,"comment_status":"open","ping_status":"open","sticky":false,"template":"","format":"standard","meta":{"_acf_changed":false,"ngg_post_thumbnail":0,"jetpack_post_was_ever_published":false,"_jetpack_newsletter_access":"","_jetpack_dont_email_post_to_subs":false,"_jetpack_newsletter_tier_id":0,"_jetpack_memberships_contains_paywalled_content":false,"_jetpack_memberships_contains_paid_content":false,"footnotes":"","jetpack_publicize_message":"","jetpack_publicize_feature_enabled":true,"jetpack_social_post_already_shared":false,"jetpack_social_options":{"image_generator_settings":{"template":"highway","default_image_id":0,"font":"","enabled":false},"version":2}},"categories":[3],"tags":[10182,2571,2615,3354,10640,10120,10279,10121,10098,128,10286,3353,10230],"class_list":["post-5527","post","type-post","status-publish","format-standard","has-post-thumbnail","hentry","category-dpc","tag-10182","tag-ef-16-35-mm-f28l-ii-usm","tag-eos-5d-mark-ii","tag-electioneering","tag-fleuve","tag-france","tag-ile-de-la-cite","tag-ile-de-france","tag-paris","tag-radiohead","tag-seine","tag-square-du-vert-galant","tag-vert"],"acf":[],"geo":{"latitude":48.8577614,"longitude":2.3393261,"description":null},"jetpack_publicize_connections":[],"jetpack_featured_media_url":"https:\/\/www.wallendorff.com\/belogue\/wp-content\/uploads\/2015\/04\/200912231.jpg","jetpack_shortlink":"https:\/\/wp.me\/p3b35P-1r9","jetpack_sharing_enabled":true,"jetpack-related-posts":[{"id":3651,"url":"https:\/\/www.wallendorff.com\/belogue\/2008\/12\/05\/julien-dore-lelysee-montmartre-paris-4-decembre\/","url_meta":{"origin":5527,"position":0},"title":"Julien Dor\u00e9 @ l&rsquo;\u00c9lys\u00e9e-Montmartre, Paris.","author":"dpc","date":"5 d\u00e9cembre 2008","format":false,"excerpt":"Vivent les attach\u00e9es de presse, les spots, les \u00e9clairagistes, le format brut, les photos au 1\u00a0600e et euh... Radiohead. Radiohead \u2013 Electioneering","rel":"","context":"Dans &quot;Alive&quot;","block_context":{"text":"Alive","link":"https:\/\/www.wallendorff.com\/belogue\/category\/alive\/"},"img":{"alt_text":"","src":"https:\/\/i0.wp.com\/www.wallendorff.com\/belogue\/wp-content\/uploads\/2015\/04\/200812051.jpg?resize=350%2C200&ssl=1","width":350,"height":200,"srcset":"https:\/\/i0.wp.com\/www.wallendorff.com\/belogue\/wp-content\/uploads\/2015\/04\/200812051.jpg?resize=350%2C200&ssl=1 1x, https:\/\/i0.wp.com\/www.wallendorff.com\/belogue\/wp-content\/uploads\/2015\/04\/200812051.jpg?resize=525%2C300&ssl=1 1.5x, https:\/\/i0.wp.com\/www.wallendorff.com\/belogue\/wp-content\/uploads\/2015\/04\/200812051.jpg?resize=700%2C400&ssl=1 2x"},"classes":[]},{"id":5726,"url":"https:\/\/www.wallendorff.com\/belogue\/2010\/01\/02\/pere-dupe-erre-du-paire-dhuppes-raides-huent\/","url_meta":{"origin":5527,"position":1},"title":"P\u00e8re dupe erre d\u00fb, paire d&rsquo;hupp\u00e9s raides huent.","author":"dpc","date":"2 janvier 2010","format":false,"excerpt":"Square du Vert-Galant, Paris, 25 octobre 2009. \u00a0Cold War Kids \u2013 Audience Et parce que c'est l'\u00e9poque des \u00e9trennes, voil\u00e0 un beau cadeau au go\u00fbt douteux mais que voulez-vous ma bonne dame c'est que j'ai appris l'art dans une \u00e9cole de m\u00e9canique voyez-vous. [Ah et je sais que \u00e7a avait\u2026","rel":"","context":"Dans &quot;DPC&quot;","block_context":{"text":"DPC","link":"https:\/\/www.wallendorff.com\/belogue\/category\/dpc\/"},"img":{"alt_text":"","src":"https:\/\/i0.wp.com\/www.wallendorff.com\/belogue\/wp-content\/uploads\/2015\/04\/201001021.jpg?resize=350%2C200&ssl=1","width":350,"height":200},"classes":[]},{"id":13147,"url":"https:\/\/www.wallendorff.com\/belogue\/2011\/08\/24\/vive-lemaille\/","url_meta":{"origin":5527,"position":2},"title":"Vive l&rsquo;\u00e9maill\u00e9.","author":"dpc","date":"24 ao\u00fbt 2011","format":false,"excerpt":"Square du Vert-Galant, Paris, 24 juillet. \u00a0The District Attorneys \u2013 California Fire","rel":"","context":"Dans &quot;DPC&quot;","block_context":{"text":"DPC","link":"https:\/\/www.wallendorff.com\/belogue\/category\/dpc\/"},"img":{"alt_text":"","src":"https:\/\/i0.wp.com\/www.wallendorff.com\/belogue\/wp-content\/uploads\/2015\/04\/201108241.jpg?resize=350%2C200&ssl=1","width":350,"height":200,"srcset":"https:\/\/i0.wp.com\/www.wallendorff.com\/belogue\/wp-content\/uploads\/2015\/04\/201108241.jpg?resize=350%2C200&ssl=1 1x, https:\/\/i0.wp.com\/www.wallendorff.com\/belogue\/wp-content\/uploads\/2015\/04\/201108241.jpg?resize=525%2C300&ssl=1 1.5x, https:\/\/i0.wp.com\/www.wallendorff.com\/belogue\/wp-content\/uploads\/2015\/04\/201108241.jpg?resize=700%2C400&ssl=1 2x"},"classes":[]},{"id":47972,"url":"https:\/\/www.wallendorff.com\/belogue\/2021\/03\/05\/morning-hood\/","url_meta":{"origin":5527,"position":3},"title":"Morning hood.","author":"dpc","date":"5 mars 2021","format":false,"excerpt":"Square du Vert-Galant, Paris, 28 novembre 2020. Floor Tomberlin","rel":"","context":"Dans &quot;DPC&quot;","block_context":{"text":"DPC","link":"https:\/\/www.wallendorff.com\/belogue\/category\/dpc\/"},"img":{"alt_text":"","src":"https:\/\/i0.wp.com\/www.wallendorff.com\/belogue\/wp-content\/uploads\/2021\/03\/20210305.jpg?resize=350%2C200&ssl=1","width":350,"height":200,"srcset":"https:\/\/i0.wp.com\/www.wallendorff.com\/belogue\/wp-content\/uploads\/2021\/03\/20210305.jpg?resize=350%2C200&ssl=1 1x, https:\/\/i0.wp.com\/www.wallendorff.com\/belogue\/wp-content\/uploads\/2021\/03\/20210305.jpg?resize=525%2C300&ssl=1 1.5x, https:\/\/i0.wp.com\/www.wallendorff.com\/belogue\/wp-content\/uploads\/2021\/03\/20210305.jpg?resize=700%2C400&ssl=1 2x, https:\/\/i0.wp.com\/www.wallendorff.com\/belogue\/wp-content\/uploads\/2021\/03\/20210305.jpg?resize=1050%2C600&ssl=1 3x"},"classes":[]},{"id":129,"url":"https:\/\/www.wallendorff.com\/belogue\/2006\/04\/19\/sortie-l-ai-je\/","url_meta":{"origin":5527,"position":4},"title":"Sortie, l&rsquo;ai-je ?","author":"dpc","date":"19 avril 2006","format":false,"excerpt":"Gare de l'Est, Paris, 15 avril. Ne pas avoir d'id\u00e9e de bande-son, Rechercher \u00ab\u00a0exit\u00a0\u00bb sur son disque dur, Tomber l\u00e0-dessus, Se dire que \u00e7a fera une tr\u00e8s bonne berceuse pour ce soir. \u00a0Radiohead \u2013 Exit Music (for a Film)","rel":"","context":"Dans &quot;DPC&quot;","block_context":{"text":"DPC","link":"https:\/\/www.wallendorff.com\/belogue\/category\/dpc\/"},"img":{"alt_text":"","src":"https:\/\/i0.wp.com\/www.wallendorff.com\/belogue\/wp-content\/uploads\/2015\/04\/200604191.jpg?resize=350%2C200&ssl=1","width":350,"height":200},"classes":[]},{"id":35752,"url":"https:\/\/www.wallendorff.com\/belogue\/2017\/08\/28\/le-cabaret-vert-2017-jour-4\/","url_meta":{"origin":5527,"position":5},"title":"Le Cabaret Vert 2017, jour 4.","author":"dpc","date":"28 ao\u00fbt 2017","format":false,"excerpt":"","rel":"","context":"Dans &quot;Alive&quot;","block_context":{"text":"Alive","link":"https:\/\/www.wallendorff.com\/belogue\/category\/alive\/"},"img":{"alt_text":"","src":"https:\/\/i0.wp.com\/www.wallendorff.com\/belogue\/wp-content\/uploads\/2017\/08\/20170828-06.jpg?resize=350%2C200&ssl=1","width":350,"height":200,"srcset":"https:\/\/i0.wp.com\/www.wallendorff.com\/belogue\/wp-content\/uploads\/2017\/08\/20170828-06.jpg?resize=350%2C200&ssl=1 1x, https:\/\/i0.wp.com\/www.wallendorff.com\/belogue\/wp-content\/uploads\/2017\/08\/20170828-06.jpg?resize=525%2C300&ssl=1 1.5x, https:\/\/i0.wp.com\/www.wallendorff.com\/belogue\/wp-content\/uploads\/2017\/08\/20170828-06.jpg?resize=700%2C400&ssl=1 2x"},"classes":[]}],"_links":{"self":[{"href":"https:\/\/www.wallendorff.com\/belogue\/wp-json\/wp\/v2\/posts\/5527","targetHints":{"allow":["GET"]}}],"collection":[{"href":"https:\/\/www.wallendorff.com\/belogue\/wp-json\/wp\/v2\/posts"}],"about":[{"href":"https:\/\/www.wallendorff.com\/belogue\/wp-json\/wp\/v2\/types\/post"}],"author":[{"embeddable":true,"href":"https:\/\/www.wallendorff.com\/belogue\/wp-json\/wp\/v2\/users\/1"}],"replies":[{"embeddable":true,"href":"https:\/\/www.wallendorff.com\/belogue\/wp-json\/wp\/v2\/comments?post=5527"}],"version-history":[{"count":1,"href":"https:\/\/www.wallendorff.com\/belogue\/wp-json\/wp\/v2\/posts\/5527\/revisions"}],"predecessor-version":[{"id":18763,"href":"https:\/\/www.wallendorff.com\/belogue\/wp-json\/wp\/v2\/posts\/5527\/revisions\/18763"}],"wp:featuredmedia":[{"embeddable":true,"href":"https:\/\/www.wallendorff.com\/belogue\/wp-json\/wp\/v2\/media\/25645"}],"wp:attachment":[{"href":"https:\/\/www.wallendorff.com\/belogue\/wp-json\/wp\/v2\/media?parent=5527"}],"wp:term":[{"taxonomy":"category","embeddable":true,"href":"https:\/\/www.wallendorff.com\/belogue\/wp-json\/wp\/v2\/categories?post=5527"},{"taxonomy":"post_tag","embeddable":true,"href":"https:\/\/www.wallendorff.com\/belogue\/wp-json\/wp\/v2\/tags?post=5527"}],"curies":[{"name":"wp","href":"https:\/\/api.w.org\/{rel}","templated":true}]}}