{"id":552,"date":"2006-07-31T11:14:31","date_gmt":"2006-07-31T11:14:31","guid":{"rendered":"http:\/\/www.po-l.com\/wordpress\/?p=552"},"modified":"2012-01-06T15:43:32","modified_gmt":"2012-01-06T13:43:32","slug":"kim-aime-meuhs-suisses","status":"publish","type":"post","link":"https:\/\/www.wallendorff.com\/belogue\/2006\/07\/31\/kim-aime-meuhs-suisses\/","title":{"rendered":"Kim aime meuhs suisses."},"content":{"rendered":"\n<div id=\"photo\">\n<p><img decoding=\"async\" src=\"http:\/\/www.po-L.com\/belogue\/photo\/2006\/07\/20060731.jpg\" \/><br \/>\nBoulevard de Belleville, Paris, 28 juillet.<\/p>\n<\/p><\/div>\n<p style=\"text-align:right\">[Oui oui, toujours des barreaux.] <\/p>\n<p>Je devais poster &ccedil;a samedi avec une histoire de chorale solitaire dans le m&eacute;tro, d&rsquo;escaliers automatiques &agrave; Ch&acirc;telet, de tra&ccedil;ages en d&eacute;cibels surdos&eacute;s sur le boulevard de Belleville, de la fa&ccedil;on dont cette photo est venue, de la pluie qui tombait, puis je devais la poster dimanche avec un truc sur Sufjan Stevens, le Michigan et les baignoires r&eacute;frig&eacute;r&eacute;es.<\/p>\n<p>Et puis finalement, ce sera lundi, avec juste un lien de Real Audio de <a href=\"http:\/\/www.couleur3.ch\/fr\/rsr.html?siteSect=101&amp;sid=6901418&amp;cKey=1153395869000\">l&rsquo;interview de Grand Cor des Alpes au Pal&eacute;o<\/a> &agrave; &eacute;couter pour se rendre le matin joyeux, ainsi qu&rsquo;un peu de Sufjan quand m&ecirc;me, mais seulement apr&egrave;s.<\/p>\n<div id=\"bandeson\">\n<p><img decoding=\"async\" src=\"https:\/\/www.wallendorff.com\/belogue\/photo\/pochettes\/s\/stevens_sufjan-greetings_from_michigan.jpg\" align=\"left\" \/>&nbsp;<a href=\"http:\/\/www.sufjan.com\">Sufjan Stevens<\/a> &ndash; <em>Holland<\/em><sup>1<\/sup><\/p>\n<\/p><\/div>\n<div id=\"bas_note\">\n<p>_____<\/p>\n<p><sup>1<\/sup> Ahaha, ce nom de ville me rappelle toujours la d&eacute;sopilante anecdote de mon ex-colloc n&eacute;erlandais &agrave; Ann Arbor qui, se pr&eacute;sentant &agrave; un autochtone michiganais en suivant le protocole traditionnel du pays du gouda et de Golden Earring<sup>2<\/sup>, entendit son interlocuteur lui r&eacute;pondre &laquo;&nbsp;<em>oh, you&rsquo;re from Holland, Michigan?<\/em>&nbsp;&raquo; et lui r&eacute;torqua alors aussi sec &laquo; <em>No. Holland, Europe.<\/em>&nbsp;&raquo; On s&rsquo;&eacute;clatait, quand m&ecirc;me, en ce temps-l&agrave;, grave. <\/p>\n<p><sup>2<\/sup> &laquo;&nbsp;Bonjour. Moi N&eacute;erlandais. Toi non. Toi r&eacute;p&eacute;ter apr&egrave;s moi &ldquo;<em>Neuken en de keuken<\/em><sup>3<\/sup>&rdquo; pour combler moi de joie pour la soir&eacute;e enti&egrave;re.&nbsp;&raquo;<\/p>\n<p><sup>3<\/sup> Je me demande quand m&ecirc;me combien de joviaux et cuisinomanes visiteurs venus de l&rsquo;autre pays du fumage va m&rsquo;attirer une telle citation, dites-donc. <\/p>\n<\/p><\/div>\n","protected":false},"excerpt":{"rendered":"<p>Boulevard de Belleville, Paris, 28 juillet. [Oui oui, toujours des barreaux.] Je devais poster &ccedil;a samedi avec une histoire de chorale solitaire dans le m&eacute;tro, d&rsquo;escaliers automatiques &agrave; Ch&acirc;telet, de tra&ccedil;ages en d&eacute;cibels surdos&eacute;s sur le boulevard de Belleville, de la fa&ccedil;on dont cette photo est venue, de la pluie qui tombait, puis je devais&hellip;<\/p>\n","protected":false},"author":1,"featured_media":24495,"comment_status":"open","ping_status":"open","sticky":false,"template":"","format":"standard","meta":{"_acf_changed":false,"ngg_post_thumbnail":0,"jetpack_post_was_ever_published":false,"_jetpack_newsletter_access":"","_jetpack_dont_email_post_to_subs":false,"_jetpack_newsletter_tier_id":0,"_jetpack_memberships_contains_paywalled_content":false,"_jetpack_memberships_contains_paid_content":false,"footnotes":"","jetpack_publicize_message":"","jetpack_publicize_feature_enabled":true,"jetpack_social_post_already_shared":false,"jetpack_social_options":{"image_generator_settings":{"template":"highway","default_image_id":0,"font":"","enabled":false},"version":2}},"categories":[3],"tags":[10267,10397,142,132,10130,10120,1707,1709,10121,1708,10098,10305,1160],"class_list":["post-552","post","type-post","status-publish","format-standard","has-post-thumbnail","hentry","category-dpc","tag-10267","tag-boulevard-de-belleville","tag-ef-s-10-22-mm-f35-45-usm","tag-eos-20d","tag-couleur-3","tag-france","tag-grand-cor-des-alpes","tag-holland","tag-ile-de-france","tag-paleo-festival","tag-paris","tag-porte","tag-sufjan-stevens"],"acf":[],"geo":{"latitude":48.8685951,"longitude":2.3806,"description":"35 Boulevard de Belleville, 75011 Paris, France"},"jetpack_publicize_connections":[],"jetpack_featured_media_url":"https:\/\/www.wallendorff.com\/belogue\/wp-content\/uploads\/2015\/04\/200607311.jpg","jetpack_shortlink":"https:\/\/wp.me\/p3b35P-8U","jetpack_sharing_enabled":true,"jetpack-related-posts":[{"id":306,"url":"https:\/\/www.wallendorff.com\/belogue\/2005\/07\/27\/floor-delices\/","url_meta":{"origin":552,"position":0},"title":"Floor d&eacute;lices.","author":"dpc","date":"27 juillet 2005","format":false,"excerpt":"Ch\u00e2teau d'Amboise, 17 juillet. La bande-son du bel\u00f6gue change de forme [et les bordures des images aussi, mais \u00e7a c'est moins important]. \u00c0 partir de maintenant, vous pouvez l'\u00e9couter que si vous le voulez. Si vous voulez pas, il suffit de pas cliquer, et hop, rien ne se passe. C'est\u2026","rel":"","context":"Dans &quot;DPC&quot;","block_context":{"text":"DPC","link":"https:\/\/www.wallendorff.com\/belogue\/category\/dpc\/"},"img":{"alt_text":"","src":"https:\/\/i0.wp.com\/www.wallendorff.com\/belogue\/wp-content\/uploads\/2015\/04\/200507271.jpg?resize=350%2C200&ssl=1","width":350,"height":200},"classes":[]},{"id":841,"url":"https:\/\/www.wallendorff.com\/belogue\/2006\/11\/30\/sans-retour-n-est\/","url_meta":{"origin":552,"position":1},"title":"Sans retour n&rsquo;est.","author":"dpc","date":"30 novembre 2006","format":false,"excerpt":"Rue Alphand, Paris, 29 novembre. \u00a0Sufjan Stevens \u2013 That Was the Worst Christmas Ever","rel":"","context":"Dans &quot;DPC&quot;","block_context":{"text":"DPC","link":"https:\/\/www.wallendorff.com\/belogue\/category\/dpc\/"},"img":{"alt_text":"","src":"https:\/\/i0.wp.com\/www.wallendorff.com\/belogue\/wp-content\/uploads\/2015\/04\/200611301.jpg?resize=350%2C200&ssl=1","width":350,"height":200,"srcset":"https:\/\/i0.wp.com\/www.wallendorff.com\/belogue\/wp-content\/uploads\/2015\/04\/200611301.jpg?resize=350%2C200&ssl=1 1x, https:\/\/i0.wp.com\/www.wallendorff.com\/belogue\/wp-content\/uploads\/2015\/04\/200611301.jpg?resize=525%2C300&ssl=1 1.5x"},"classes":[]},{"id":1158,"url":"https:\/\/www.wallendorff.com\/belogue\/2008\/02\/08\/zita-swoon-le-zbre-de-belleville-paris\/","url_meta":{"origin":552,"position":2},"title":"Zita Swoon @ le Z\u00e8bre de Belleville, Paris.","author":"dpc","date":"8 f\u00e9vrier 2008","format":false,"excerpt":"Forc\u00e9ment, quand t'as lu Pennac en boucle pendant toute ta jeunesse, mettre pour la premi\u00e8re fois les pieds dans le Z\u00e8bre de Monsieur Malauss\u00e8ne, c'est d\u00e9j\u00e0 un \u00e9v\u00e9nement en soi. L'\u00e9merveillement pass\u00e9, pos\u00e9 sur la mezzanine avec un Bordeaux et l'Eos \u00e0 l'aff\u00fbt devant toi, c'est Zita Swoon, son nouveau\u2026","rel":"","context":"Dans &quot;Alive&quot;","block_context":{"text":"Alive","link":"https:\/\/www.wallendorff.com\/belogue\/category\/alive\/"},"img":{"alt_text":"","src":"https:\/\/i0.wp.com\/www.wallendorff.com\/belogue\/wp-content\/uploads\/2015\/04\/200802081.jpg?resize=350%2C200&ssl=1","width":350,"height":200,"srcset":"https:\/\/i0.wp.com\/www.wallendorff.com\/belogue\/wp-content\/uploads\/2015\/04\/200802081.jpg?resize=350%2C200&ssl=1 1x, https:\/\/i0.wp.com\/www.wallendorff.com\/belogue\/wp-content\/uploads\/2015\/04\/200802081.jpg?resize=525%2C300&ssl=1 1.5x, https:\/\/i0.wp.com\/www.wallendorff.com\/belogue\/wp-content\/uploads\/2015\/04\/200802081.jpg?resize=700%2C400&ssl=1 2x"},"classes":[]},{"id":129839,"url":"https:\/\/www.wallendorff.com\/belogue\/2024\/08\/05\/a-paris-a-velo-on-passe-devant-le-mcdo\/","url_meta":{"origin":552,"position":3},"title":"\u00c0 Paris, \u00e0 v\u00e9lo [on passe devant le McDo].","author":"dpc","date":"5 ao\u00fbt 2024","format":false,"excerpt":"Bien :Je n'avais jamais chout\u00e9 de course v\u00e9locip\u00e9dique. C'\u00e9tait int\u00e9ressant \u00e0 faire.Maintenant je pourrai raconter \u00e0 tout le monde que oui oui j'ai d\u00e9j\u00e0 fait des photos aux jeux olympiques.Pas bien :J'aurais d\u00fb prendre un t\u00e9l\u00e9objectif car il y a bien des choses vues que je n'ai pu attraper.","rel":"","context":"Dans &quot;DPC&quot;","block_context":{"text":"DPC","link":"https:\/\/www.wallendorff.com\/belogue\/category\/dpc\/"},"img":{"alt_text":"","src":"https:\/\/i0.wp.com\/www.wallendorff.com\/belogue\/wp-content\/uploads\/2024\/08\/20240805-05.jpg?resize=350%2C200&ssl=1","width":350,"height":200,"srcset":"https:\/\/i0.wp.com\/www.wallendorff.com\/belogue\/wp-content\/uploads\/2024\/08\/20240805-05.jpg?resize=350%2C200&ssl=1 1x, https:\/\/i0.wp.com\/www.wallendorff.com\/belogue\/wp-content\/uploads\/2024\/08\/20240805-05.jpg?resize=525%2C300&ssl=1 1.5x, https:\/\/i0.wp.com\/www.wallendorff.com\/belogue\/wp-content\/uploads\/2024\/08\/20240805-05.jpg?resize=700%2C400&ssl=1 2x, https:\/\/i0.wp.com\/www.wallendorff.com\/belogue\/wp-content\/uploads\/2024\/08\/20240805-05.jpg?resize=1050%2C600&ssl=1 3x"},"classes":[]},{"id":38162,"url":"https:\/\/www.wallendorff.com\/belogue\/2018\/05\/18\/soviet-suprem-lelysee-montmartre-paris-17-mai\/","url_meta":{"origin":552,"position":4},"title":"Soviet Suprem @ l&rsquo;\u00c9lys\u00e9e-Montmartre, Paris, 17 mai.","author":"dpc","date":"18 mai 2018","format":false,"excerpt":"La veille, j'\u00e9tais \u00e0 la Cigale pour Cats on Trees. La salle \u00e9tait blind\u00e9e et les angles rares. J'ai tent\u00e9 les coursives, le c\u00f4t\u00e9 de la sc\u00e8ne, puis le c\u00f4t\u00e9 droit du balcon sans succ\u00e8s, avant de me d\u00e9cider \u00e0 essayer le c\u00f4t\u00e9 gauche. C'est \u00e0 ce moment-l\u00e0 que Rhubarbe\u2026","rel":"","context":"Dans &quot;Alive&quot;","block_context":{"text":"Alive","link":"https:\/\/www.wallendorff.com\/belogue\/category\/alive\/"},"img":{"alt_text":"","src":"https:\/\/i0.wp.com\/www.wallendorff.com\/belogue\/wp-content\/uploads\/2018\/05\/20180518-17.jpg?resize=350%2C200&ssl=1","width":350,"height":200,"srcset":"https:\/\/i0.wp.com\/www.wallendorff.com\/belogue\/wp-content\/uploads\/2018\/05\/20180518-17.jpg?resize=350%2C200&ssl=1 1x, https:\/\/i0.wp.com\/www.wallendorff.com\/belogue\/wp-content\/uploads\/2018\/05\/20180518-17.jpg?resize=525%2C300&ssl=1 1.5x, https:\/\/i0.wp.com\/www.wallendorff.com\/belogue\/wp-content\/uploads\/2018\/05\/20180518-17.jpg?resize=700%2C400&ssl=1 2x, https:\/\/i0.wp.com\/www.wallendorff.com\/belogue\/wp-content\/uploads\/2018\/05\/20180518-17.jpg?resize=1050%2C600&ssl=1 3x"},"classes":[]},{"id":104,"url":"https:\/\/www.wallendorff.com\/belogue\/2006\/03\/17\/mettre-las-chats-rue-a-venles-l-haibeux\/","url_meta":{"origin":552,"position":5},"title":"Mettre las chats, rue \u00e0 Venles l&rsquo;haibeux.","author":"dpc","date":"17 mars 2006","format":false,"excerpt":"Rue Alexandre Dumas, Paris, 12 mars, 18h02. Bon. Ben on va peut-\u00eatre mettre \u00e0 jour la do-do list, main'nant. \u00a0Sufjan Stevens \u2013 Casimir Pulaski Day (live)","rel":"","context":"Dans &quot;DPC&quot;","block_context":{"text":"DPC","link":"https:\/\/www.wallendorff.com\/belogue\/category\/dpc\/"},"img":{"alt_text":"","src":"https:\/\/i0.wp.com\/www.wallendorff.com\/belogue\/wp-content\/uploads\/2015\/04\/200603171.jpg?resize=350%2C200&ssl=1","width":350,"height":200},"classes":[]}],"_links":{"self":[{"href":"https:\/\/www.wallendorff.com\/belogue\/wp-json\/wp\/v2\/posts\/552","targetHints":{"allow":["GET"]}}],"collection":[{"href":"https:\/\/www.wallendorff.com\/belogue\/wp-json\/wp\/v2\/posts"}],"about":[{"href":"https:\/\/www.wallendorff.com\/belogue\/wp-json\/wp\/v2\/types\/post"}],"author":[{"embeddable":true,"href":"https:\/\/www.wallendorff.com\/belogue\/wp-json\/wp\/v2\/users\/1"}],"replies":[{"embeddable":true,"href":"https:\/\/www.wallendorff.com\/belogue\/wp-json\/wp\/v2\/comments?post=552"}],"version-history":[{"count":1,"href":"https:\/\/www.wallendorff.com\/belogue\/wp-json\/wp\/v2\/posts\/552\/revisions"}],"predecessor-version":[{"id":15238,"href":"https:\/\/www.wallendorff.com\/belogue\/wp-json\/wp\/v2\/posts\/552\/revisions\/15238"}],"wp:featuredmedia":[{"embeddable":true,"href":"https:\/\/www.wallendorff.com\/belogue\/wp-json\/wp\/v2\/media\/24495"}],"wp:attachment":[{"href":"https:\/\/www.wallendorff.com\/belogue\/wp-json\/wp\/v2\/media?parent=552"}],"wp:term":[{"taxonomy":"category","embeddable":true,"href":"https:\/\/www.wallendorff.com\/belogue\/wp-json\/wp\/v2\/categories?post=552"},{"taxonomy":"post_tag","embeddable":true,"href":"https:\/\/www.wallendorff.com\/belogue\/wp-json\/wp\/v2\/tags?post=552"}],"curies":[{"name":"wp","href":"https:\/\/api.w.org\/{rel}","templated":true}]}}