{"id":549,"date":"2006-07-26T00:18:59","date_gmt":"2006-07-26T00:18:59","guid":{"rendered":"http:\/\/www.po-l.com\/wordpress\/?p=549"},"modified":"2012-05-14T09:42:51","modified_gmt":"2012-05-14T07:42:51","slug":"pony-pony-pony-it-s-a-rich-man-s-world","status":"publish","type":"post","link":"https:\/\/www.wallendorff.com\/belogue\/2006\/07\/26\/pony-pony-pony-it-s-a-rich-man-s-world\/","title":{"rendered":"Pony, pony, pony [It&rsquo;s a rich man&rsquo;s world.]"},"content":{"rendered":"\n<div id=\"photo\">\n<p><img decoding=\"async\" src=\"http:\/\/www.po-L.com\/belogue\/photo\/2006\/07\/20060726.jpg\"\/><br \/>\n          Place du Panth&eacute;on, Paris, 17 juin.<\/p>\n<\/p><\/div>\n<p style=\"text-align:right\">Nom<\/p>\n<p style=\"text-align:right\">de<\/p>\n<p style=\"text-align:right\">Zeus.<\/p>\n<p style=\"text-align:right\">On est 8 ans plus tard, je ne pensais plus jamais les revoir<sup>1<\/sup> et les revoil&agrave; qui s&rsquo;en viennent.<\/p>\n<p style=\"text-align:right\"><a href=\"http:\/\/www.soulasylum.com\" target=\"_blank\">Soul Asylum<\/a>, <em>The Silver Lining<\/em>, dans les bacs depuis le 11 juillet.<\/p>\n<p>PS&nbsp;: &Agrave; la base j&rsquo;&eacute;tais parti pour une compile de dixits<sup>&trade;2<\/sup> de l&rsquo;&Icirc;le de la Tentation, mais mes neurones m&rsquo;ayant menac&eacute; de gr&ecirc;ve sur le tas<sup>3<\/sup> au bout de 4 minutes de visionnage, j&rsquo;ai d&ucirc; laisser tomber. Je vous mets quand m&ecirc;me les trois que j&rsquo;ai not&eacute;s&nbsp;:<\/p>\n<ul>\n<li>&laquo;&nbsp;La guerre est d&eacute;clench&eacute;e.&nbsp;&raquo; <\/li>\n<li>&laquo;&nbsp;Arr&ecirc;te de faire ton regard de me regarder comme &ccedil;a.&nbsp;&raquo; <\/li>\n<li>&laquo;&nbsp;&Agrave; l&rsquo;heure d&rsquo;aujourd&rsquo;hui<sup>4<\/sup> je suis plus capable de &ccedil;a.&nbsp;&raquo; <\/li>\n<\/ul>\n<div id=\"bandeson\">\n<p><img decoding=\"async\" src=\"https:\/\/www.wallendorff.com\/belogue\/photo\/pochettes\/f\/feeling_the-sewn.jpg\" align=\"left\" \/>&nbsp;<a href=\"http:\/\/www.thefeeling.com\/\">The Feeling<\/a> &ndash; <em>Sewn<\/em><\/p>\n<\/p><\/div>\n<p>_____<\/p>\n<div id=\"bas_note\">\n<p><sup>1<\/sup> Et encore, je suis sympa. Le reste du monde a cess&eacute; d&rsquo;esp&eacute;rer il y a 12 ans.<\/p>\n<p><sup>2<\/sup> Dixit is a registered trademarque from the <a href=\"http:\/\/www.20six.fr\/meluzine2\">Meluzine Blogging Company, Inc<\/a>.<\/p>\n<p><sup>3<\/sup> Le tas, c&rsquo;est moi.<\/p>\n<p><sup>4<\/sup> Alors oui, Simone, c&rsquo;est bien, je note que tu as tent&eacute; de ne pas te compromettre dans l&rsquo;horrible pl&eacute;onasme passible de pendaison-la-t&ecirc;te-en-bas-au-plafond-du-bar-du-Louxor-aux-c&ocirc;t&eacute;s-de-Philippe-Katerine &laquo;&nbsp;au jour d&rsquo;aujourd&rsquo;hui&nbsp;&raquo;, bel effort, mais l&agrave;, malgr&eacute; tout, t&rsquo;as l&rsquo;air b&ecirc;te quand m&ecirc;me. D&eacute;sol&eacute;, hein. <\/p>\n<\/p><\/div>\n","protected":false},"excerpt":{"rendered":"<p>Place du Panth&eacute;on, Paris, 17 juin. Nom de Zeus. On est 8 ans plus tard, je ne pensais plus jamais les revoir1 et les revoil&agrave; qui s&rsquo;en viennent. Soul Asylum, The Silver Lining, dans les bacs depuis le 11 juillet. PS&nbsp;: &Agrave; la base j&rsquo;&eacute;tais parti pour une compile de dixits&trade;2 de l&rsquo;&Icirc;le de la&hellip;<\/p>\n","protected":false},"author":1,"featured_media":24492,"comment_status":"open","ping_status":"open","sticky":false,"template":"","format":"standard","meta":{"_acf_changed":false,"ngg_post_thumbnail":0,"jetpack_post_was_ever_published":false,"_jetpack_newsletter_access":"","_jetpack_dont_email_post_to_subs":false,"_jetpack_newsletter_tier_id":0,"_jetpack_memberships_contains_paywalled_content":false,"_jetpack_memberships_contains_paid_content":false,"footnotes":"","jetpack_publicize_message":"","jetpack_publicize_feature_enabled":true,"jetpack_social_post_already_shared":false,"jetpack_social_options":{"image_generator_settings":{"template":"highway","default_image_id":0,"font":"","enabled":false},"version":2}},"categories":[3],"tags":[10239,132,10657,10225,10120,10121,1696,10098,1695,1699,170,1223,1698,1697],"class_list":["post-549","post","type-post","status-publish","format-standard","has-post-thumbnail","hentry","category-dpc","tag-10239","tag-eos-20d","tag-colonne","tag-drapeau","tag-france","tag-ile-de-france","tag-pantheon","tag-paris","tag-place-du-pantheon","tag-sewn","tag-sigma-70-300-mm-f4-56-dg-apo-macro","tag-soul-asylum","tag-the-feeling","tag-the-silver-lining"],"acf":[],"geo":{"latitude":48.8467636,"longitude":2.3463106,"description":null},"jetpack_publicize_connections":[],"jetpack_featured_media_url":"https:\/\/www.wallendorff.com\/belogue\/wp-content\/uploads\/2015\/04\/200607261.jpg","jetpack_shortlink":"https:\/\/wp.me\/p3b35P-8R","jetpack_sharing_enabled":true,"jetpack-related-posts":[{"id":4939,"url":"https:\/\/www.wallendorff.com\/belogue\/2009\/10\/29\/the-dead-weather-creature-with-the-atom-brain-lolympia-paris\/","url_meta":{"origin":549,"position":0},"title":"The Dead Weather + Creature with the Atom Brain @ l&rsquo;Olympia, Paris.","author":"dpc","date":"29 octobre 2009","format":false,"excerpt":"Le constat sera le m\u00eame que la derni\u00e8re fois. \u00c0 part que l'Olympia fut encore plus mal \u00e9clair\u00e9 que la Cigale, comme quoi tout est possible dans la vie, et qu'il y avait moins de groupies fanatiques de Mosshart dans la fosse. Ou alors c'est que je ne les ai\u2026","rel":"","context":"Dans &quot;Alive&quot;","block_context":{"text":"Alive","link":"https:\/\/www.wallendorff.com\/belogue\/category\/alive\/"},"img":{"alt_text":"","src":"https:\/\/i0.wp.com\/www.wallendorff.com\/belogue\/wp-content\/uploads\/2015\/04\/200910291.jpg?resize=350%2C200&ssl=1","width":350,"height":200,"srcset":"https:\/\/i0.wp.com\/www.wallendorff.com\/belogue\/wp-content\/uploads\/2015\/04\/200910291.jpg?resize=350%2C200&ssl=1 1x, https:\/\/i0.wp.com\/www.wallendorff.com\/belogue\/wp-content\/uploads\/2015\/04\/200910291.jpg?resize=525%2C300&ssl=1 1.5x, https:\/\/i0.wp.com\/www.wallendorff.com\/belogue\/wp-content\/uploads\/2015\/04\/200910291.jpg?resize=700%2C400&ssl=1 2x"},"classes":[]},{"id":127758,"url":"https:\/\/www.wallendorff.com\/belogue\/2024\/04\/16\/suivre-la-fleche-3-3-renaissance\/","url_meta":{"origin":549,"position":1},"title":"Suivre la fl\u00e8che [3\/3] : Renaissance.","author":"dpc","date":"16 avril 2024","format":false,"excerpt":"Il s\u2019agissait de la reconstruire \u00e0 l\u2019identique.Mais quel identique\u00a0?Quand on a reb\u00e2ti la cath\u00e9drale de Varsovie apr\u00e8s le guerre, on l\u2019a reb\u00e2tie \u00e0 l\u2019identique\u2026 du XIVe si\u00e8cle. Pas dans son \u00e9tat de 1944. L\u2019identique est relatif, la fa\u00e7on dont on l\u2019interpr\u00e8te, un choix.Au Moyen-\u00c2ge, on b\u00e2tissait les cath\u00e9drales en mettant\u2026","rel":"","context":"Dans &quot;DPC&quot;","block_context":{"text":"DPC","link":"https:\/\/www.wallendorff.com\/belogue\/category\/dpc\/"},"img":{"alt_text":"","src":"https:\/\/i0.wp.com\/www.wallendorff.com\/belogue\/wp-content\/uploads\/2024\/04\/20240416-14.jpg?resize=350%2C200&ssl=1","width":350,"height":200,"srcset":"https:\/\/i0.wp.com\/www.wallendorff.com\/belogue\/wp-content\/uploads\/2024\/04\/20240416-14.jpg?resize=350%2C200&ssl=1 1x, https:\/\/i0.wp.com\/www.wallendorff.com\/belogue\/wp-content\/uploads\/2024\/04\/20240416-14.jpg?resize=525%2C300&ssl=1 1.5x, https:\/\/i0.wp.com\/www.wallendorff.com\/belogue\/wp-content\/uploads\/2024\/04\/20240416-14.jpg?resize=700%2C400&ssl=1 2x, https:\/\/i0.wp.com\/www.wallendorff.com\/belogue\/wp-content\/uploads\/2024\/04\/20240416-14.jpg?resize=1050%2C600&ssl=1 3x"},"classes":[]},{"id":280,"url":"https:\/\/www.wallendorff.com\/belogue\/2005\/11\/04\/balles-qu-on-est\/","url_meta":{"origin":549,"position":2},"title":"Balles qu&rsquo;on est.","author":"dpc","date":"4 novembre 2005","format":false,"excerpt":"Rue de l'H\u00f4tel de Ville, Paris, 9 octobre. Comme je savais pas quoi mettre comme bande-son, j'ai invent\u00e9 un nouveau-jeu-con-\u00e0-envoyer-\u00e0-tous-tes-aim\u00e9s-amis: Agenouillez-vous devant votre discoth\u00e8que. P\u00e2mez-vous de sa beaut\u00e9. L'instant d'apr\u00e8s, craignez d'ab\u00eemer les disques de votre regard et nettoyez toute la pile au Plize\u00ae, en n'omettant pas de changer l'ensemble\u2026","rel":"","context":"Dans &quot;DPC&quot;","block_context":{"text":"DPC","link":"https:\/\/www.wallendorff.com\/belogue\/category\/dpc\/"},"img":{"alt_text":"","src":"https:\/\/i0.wp.com\/www.wallendorff.com\/belogue\/wp-content\/uploads\/2015\/04\/200511041.jpg?resize=350%2C200&ssl=1","width":350,"height":200},"classes":[]},{"id":1071,"url":"https:\/\/www.wallendorff.com\/belogue\/2007\/11\/01\/des-groupes\/","url_meta":{"origin":549,"position":3},"title":"Des groupes.","author":"dpc","date":"1 novembre 2007","format":false,"excerpt":"Maison de la Radio, Paris, 17 septembre. [Honteusement pomp\u00e9 l\u00e0.] 3 chansons qui ont chang\u00e9 ma vie\u00a0: Depeche Mode \u2013 Never Let Me Down Again Iron Maiden \u2013 Be Quick or Be Dead The White Stripes \u2013 The Air Near My Fingers 3 chansons que j'ai honte d'aimer, mais que\u2026","rel":"","context":"Dans &quot;DPC&quot;","block_context":{"text":"DPC","link":"https:\/\/www.wallendorff.com\/belogue\/category\/dpc\/"},"img":{"alt_text":"","src":"https:\/\/i0.wp.com\/www.wallendorff.com\/belogue\/wp-content\/uploads\/2015\/04\/200711011.jpg?resize=350%2C200&ssl=1","width":350,"height":200},"classes":[]},{"id":131666,"url":"https:\/\/www.wallendorff.com\/belogue\/2025\/01\/29\/en-2024-2-2\/","url_meta":{"origin":549,"position":4},"title":"En 2024 [2\/2].","author":"dpc","date":"29 janvier 2025","format":false,"excerpt":"En 2024, j'ai parcouru 6 047 km dans Paris, soit encore plus qu'en 2023, en restant rive nord autant que possible car la rive sud est b\u00e2tie sur un cimeti\u00e8re indien. L\u00e0 aussi j'ai trop pris la voiture, mais j'avais une bonne excuse (pour \u00e9viter toute question trop personnelle disons\u2026","rel":"","context":"Dans &quot;DPC&quot;","block_context":{"text":"DPC","link":"https:\/\/www.wallendorff.com\/belogue\/category\/dpc\/"},"img":{"alt_text":"","src":"https:\/\/i0.wp.com\/www.wallendorff.com\/belogue\/wp-content\/uploads\/2025\/01\/20250127-06.jpg?resize=350%2C200&ssl=1","width":350,"height":200,"srcset":"https:\/\/i0.wp.com\/www.wallendorff.com\/belogue\/wp-content\/uploads\/2025\/01\/20250127-06.jpg?resize=350%2C200&ssl=1 1x, https:\/\/i0.wp.com\/www.wallendorff.com\/belogue\/wp-content\/uploads\/2025\/01\/20250127-06.jpg?resize=525%2C300&ssl=1 1.5x, https:\/\/i0.wp.com\/www.wallendorff.com\/belogue\/wp-content\/uploads\/2025\/01\/20250127-06.jpg?resize=700%2C400&ssl=1 2x, https:\/\/i0.wp.com\/www.wallendorff.com\/belogue\/wp-content\/uploads\/2025\/01\/20250127-06.jpg?resize=1050%2C600&ssl=1 3x"},"classes":[]},{"id":127166,"url":"https:\/\/www.wallendorff.com\/belogue\/2024\/01\/17\/en-2023\/","url_meta":{"origin":549,"position":5},"title":"En 2023.","author":"dpc","date":"17 janvier 2024","format":false,"excerpt":"En 2023, j'ai parcouru 42\u00a0896\u00a0km, soit 5 881 de plus qu'en 2022... ... mais je n'ai pas r\u00e9ussi \u00e0 privil\u00e9gier le train. En 2023, j'ai visit\u00e9 10 pays, ce qui un tout petit peu mieux qu'en 2022. En 2023 j'ai tap\u00e9 le score dans Paris, en parcourant 6 027 km\u2026","rel":"","context":"Dans &quot;DPC&quot;","block_context":{"text":"DPC","link":"https:\/\/www.wallendorff.com\/belogue\/category\/dpc\/"},"img":{"alt_text":"","src":"https:\/\/i0.wp.com\/www.wallendorff.com\/belogue\/wp-content\/uploads\/2024\/01\/20240117-01.jpg?resize=350%2C200&ssl=1","width":350,"height":200,"srcset":"https:\/\/i0.wp.com\/www.wallendorff.com\/belogue\/wp-content\/uploads\/2024\/01\/20240117-01.jpg?resize=350%2C200&ssl=1 1x, https:\/\/i0.wp.com\/www.wallendorff.com\/belogue\/wp-content\/uploads\/2024\/01\/20240117-01.jpg?resize=525%2C300&ssl=1 1.5x, https:\/\/i0.wp.com\/www.wallendorff.com\/belogue\/wp-content\/uploads\/2024\/01\/20240117-01.jpg?resize=700%2C400&ssl=1 2x"},"classes":[]}],"_links":{"self":[{"href":"https:\/\/www.wallendorff.com\/belogue\/wp-json\/wp\/v2\/posts\/549","targetHints":{"allow":["GET"]}}],"collection":[{"href":"https:\/\/www.wallendorff.com\/belogue\/wp-json\/wp\/v2\/posts"}],"about":[{"href":"https:\/\/www.wallendorff.com\/belogue\/wp-json\/wp\/v2\/types\/post"}],"author":[{"embeddable":true,"href":"https:\/\/www.wallendorff.com\/belogue\/wp-json\/wp\/v2\/users\/1"}],"replies":[{"embeddable":true,"href":"https:\/\/www.wallendorff.com\/belogue\/wp-json\/wp\/v2\/comments?post=549"}],"version-history":[{"count":1,"href":"https:\/\/www.wallendorff.com\/belogue\/wp-json\/wp\/v2\/posts\/549\/revisions"}],"predecessor-version":[{"id":17291,"href":"https:\/\/www.wallendorff.com\/belogue\/wp-json\/wp\/v2\/posts\/549\/revisions\/17291"}],"wp:featuredmedia":[{"embeddable":true,"href":"https:\/\/www.wallendorff.com\/belogue\/wp-json\/wp\/v2\/media\/24492"}],"wp:attachment":[{"href":"https:\/\/www.wallendorff.com\/belogue\/wp-json\/wp\/v2\/media?parent=549"}],"wp:term":[{"taxonomy":"category","embeddable":true,"href":"https:\/\/www.wallendorff.com\/belogue\/wp-json\/wp\/v2\/categories?post=549"},{"taxonomy":"post_tag","embeddable":true,"href":"https:\/\/www.wallendorff.com\/belogue\/wp-json\/wp\/v2\/tags?post=549"}],"curies":[{"name":"wp","href":"https:\/\/api.w.org\/{rel}","templated":true}]}}