{"id":548,"date":"2004-12-01T00:12:49","date_gmt":"2004-12-01T00:12:49","guid":{"rendered":"http:\/\/www.po-l.com\/wordpress\/?p=548"},"modified":"2012-10-18T10:59:45","modified_gmt":"2012-10-18T08:59:45","slug":"manut-show","status":"publish","type":"post","link":"https:\/\/www.wallendorff.com\/belogue\/2004\/12\/01\/manut-show\/","title":{"rendered":"Manut&rsquo; Show."},"content":{"rendered":"<div id=\"photo\">\n<p><img decoding=\"async\" src=\"http:\/\/www.po-L.com\/belogue\/photo\/2004\/12\/01.jpg\" \/><br \/>\nRue de la Manutention, Paris, 12 f&eacute;vrier 2004.<\/p>\n<\/div>\n<p><a href=\"http:\/\/www.20six.fr\/saryon_\">Sa<\/a>&nbsp;photo de la Tour Eiffel &eacute;tant jolie, je me suis dit qu&rsquo;il fallait d&eacute;clarer ce 1<sup>er<\/sup> d&eacute;cembre journ&eacute;e internationale de la rue de la Manut&rsquo;. Allez, h&eacute;sitez pas, posez tous des photos de la rue de la Manut&rsquo; un peu partout, pour promouvoir cette belle art&egrave;re urbaine gagnant &agrave; &ecirc;tre connue. Demain, on se fait la rue des Sept Nains (en esp&eacute;rant qu&rsquo;elle existe bien).<\/p>\n<div id=\"bandeson\">\n<p><img decoding=\"async\" src=\"https:\/\/www.wallendorff.com\/belogue\/photo\/pochettes\/i\/interpol-turn_on_the_bright_lights.jpg\" align=\"left\" \/>&nbsp;<a href=\"http:\/\/www.interpolnyc.com\/\">Interpol<\/a> &ndash; <em>Roland<\/em><\/p>\n<\/p><\/div>\n","protected":false},"excerpt":{"rendered":"<p>Rue de la Manutention, Paris, 12 f&eacute;vrier 2004. Sa&nbsp;photo de la Tour Eiffel &eacute;tant jolie, je me suis dit qu&rsquo;il fallait d&eacute;clarer ce 1er d&eacute;cembre journ&eacute;e internationale de la rue de la Manut&rsquo;. Allez, h&eacute;sitez pas, posez tous des photos de la rue de la Manut&rsquo; un peu partout, pour promouvoir cette belle art&egrave;re urbaine&hellip;<\/p>\n","protected":false},"author":1,"featured_media":24491,"comment_status":"open","ping_status":"open","sticky":false,"template":"","format":"standard","meta":{"_acf_changed":false,"ngg_post_thumbnail":0,"jetpack_post_was_ever_published":false,"_jetpack_newsletter_access":"","_jetpack_dont_email_post_to_subs":false,"_jetpack_newsletter_tier_id":0,"_jetpack_memberships_contains_paywalled_content":false,"_jetpack_memberships_contains_paid_content":false,"footnotes":"","jetpack_publicize_message":"","jetpack_publicize_feature_enabled":true,"jetpack_social_post_already_shared":false,"jetpack_social_options":{"image_generator_settings":{"template":"highway","default_image_id":0,"font":"","enabled":false},"version":2}},"categories":[3],"tags":[10372,148,10120,10121,10111,10147,10098,673,10214,6757],"class_list":["post-548","post","type-post","status-publish","format-standard","has-post-thumbnail","hentry","category-dpc","tag-10372","tag-a80","tag-france","tag-ile-de-france","tag-interpol","tag-nuit","tag-paris","tag-roland","tag-rue-de-la-manutention","tag-turn-on-the-bright-lights"],"acf":[],"geo":{"latitude":48.8637924,"longitude":2.2960889,"description":null},"jetpack_publicize_connections":[],"jetpack_featured_media_url":"https:\/\/www.wallendorff.com\/belogue\/wp-content\/uploads\/2015\/04\/015.jpg","jetpack_shortlink":"https:\/\/wp.me\/p3b35P-8Q","jetpack_sharing_enabled":true,"jetpack-related-posts":[{"id":5432,"url":"https:\/\/www.wallendorff.com\/belogue\/2009\/12\/19\/shooting-people-57\/","url_meta":{"origin":548,"position":0},"title":"Shooting people #57.","author":"dpc","date":"19 d\u00e9cembre 2009","format":false,"excerpt":"Rue de la Manutention, Paris, 29 septembre. \u00a0Yeah Yeah Yeahs \u2013 Runaway","rel":"","context":"Dans &quot;Portraits&quot;","block_context":{"text":"Portraits","link":"https:\/\/www.wallendorff.com\/belogue\/category\/portraits\/"},"img":{"alt_text":"","src":"https:\/\/i0.wp.com\/www.wallendorff.com\/belogue\/wp-content\/uploads\/2015\/04\/200912191.jpg?resize=350%2C200&ssl=1","width":350,"height":200,"srcset":"https:\/\/i0.wp.com\/www.wallendorff.com\/belogue\/wp-content\/uploads\/2015\/04\/200912191.jpg?resize=350%2C200&ssl=1 1x, https:\/\/i0.wp.com\/www.wallendorff.com\/belogue\/wp-content\/uploads\/2015\/04\/200912191.jpg?resize=525%2C300&ssl=1 1.5x, https:\/\/i0.wp.com\/www.wallendorff.com\/belogue\/wp-content\/uploads\/2015\/04\/200912191.jpg?resize=700%2C400&ssl=1 2x"},"classes":[]},{"id":23634,"url":"https:\/\/www.wallendorff.com\/belogue\/2014\/11\/30\/novembre-2014\/","url_meta":{"origin":548,"position":1},"title":"Novembre 2014.","author":"dpc","date":"30 novembre 2014","format":false,"excerpt":"Une grosse tour, un cimeti\u00e8re, des di\u0161ques, des toilettes, du gras, un barbu, un train, une montagne, un jeu de soci\u00e9t\u00e9, un train, un flime d'horreur, un concert annul\u00e9, de baths toilettes, des di\u0161ques, un Bercy, des pieds, une terrasse, un retour \u00e0 la sc\u00e8ne, un vernissage, une exposition, des\u2026","rel":"","context":"Dans &quot;Blog-note&quot;","block_context":{"text":"Blog-note","link":"https:\/\/www.wallendorff.com\/belogue\/category\/blog-note\/"},"img":{"alt_text":"","src":"https:\/\/i0.wp.com\/www.wallendorff.com\/belogue\/wp-content\/uploads\/2015\/04\/20141209-241.jpg?resize=350%2C200&ssl=1","width":350,"height":200,"srcset":"https:\/\/i0.wp.com\/www.wallendorff.com\/belogue\/wp-content\/uploads\/2015\/04\/20141209-241.jpg?resize=350%2C200&ssl=1 1x, https:\/\/i0.wp.com\/www.wallendorff.com\/belogue\/wp-content\/uploads\/2015\/04\/20141209-241.jpg?resize=525%2C300&ssl=1 1.5x, https:\/\/i0.wp.com\/www.wallendorff.com\/belogue\/wp-content\/uploads\/2015\/04\/20141209-241.jpg?resize=700%2C400&ssl=1 2x"},"classes":[]},{"id":1272,"url":"https:\/\/www.wallendorff.com\/belogue\/2008\/07\/18\/monte-hippiethon\/","url_meta":{"origin":548,"position":2},"title":"Monte-hippiethon\u00b9.","author":"dpc","date":"18 juillet 2008","format":false,"excerpt":"Rue de la Manutention, Paris, 23 juin. Le seul truc pire que de se r\u00e9veiller \u00e0 6h36 quand on a mis son r\u00e9veil \u00e0 6h37, c'est se r\u00e9veiller \u00e0 6h36, grommeler en se retournant pour profiter de sa derni\u00e8re minute et \u00eatre interrompu dans la seconde suivante par Vanessa Paradis\u2026","rel":"","context":"Dans &quot;DPC&quot;","block_context":{"text":"DPC","link":"https:\/\/www.wallendorff.com\/belogue\/category\/dpc\/"},"img":{"alt_text":"","src":"https:\/\/i0.wp.com\/www.wallendorff.com\/belogue\/wp-content\/uploads\/2015\/04\/200807181.jpg?resize=350%2C200&ssl=1","width":350,"height":200},"classes":[]},{"id":21542,"url":"https:\/\/www.wallendorff.com\/belogue\/2013\/08\/31\/aout-2013\/","url_meta":{"origin":548,"position":3},"title":"Ao\u00fbt 2013.","author":"dpc","date":"31 ao\u00fbt 2013","format":false,"excerpt":"5 titres Ty Segall \u2013 The West Jagwar Ma \u2013 Man I Need The Vaccines \u2013 Melody Calling Mr. Little Jeans \u2013 Oh Sailor TV on the Radio \u2013 Mercy Albums The Icarus Line \u2013 Slave Vows Ty Segall \u2013 Sleeper Bastille \u2013 Bad Blood Franz Ferdinand \u2013 Right Thoughts,\u2026","rel":"","context":"Dans &quot;Blog-note&quot;","block_context":{"text":"Blog-note","link":"https:\/\/www.wallendorff.com\/belogue\/category\/blog-note\/"},"img":{"alt_text":"","src":"https:\/\/i0.wp.com\/www.wallendorff.com\/belogue\/wp-content\/uploads\/2015\/04\/20130903-251.jpg?resize=350%2C200&ssl=1","width":350,"height":200,"srcset":"https:\/\/i0.wp.com\/www.wallendorff.com\/belogue\/wp-content\/uploads\/2015\/04\/20130903-251.jpg?resize=350%2C200&ssl=1 1x, https:\/\/i0.wp.com\/www.wallendorff.com\/belogue\/wp-content\/uploads\/2015\/04\/20130903-251.jpg?resize=525%2C300&ssl=1 1.5x"},"classes":[]},{"id":131726,"url":"https:\/\/www.wallendorff.com\/belogue\/2025\/01\/31\/janvier-2025\/","url_meta":{"origin":548,"position":4},"title":"Janvier 2025.","author":"dpc","date":"31 janvier 2025","format":false,"excerpt":"Un r\u00e9veillon, un lendemain de r\u00e9veillon, une montagne, un chat pr\u00e9nomm\u00e9 Bob, une fen\u00eatre, un panneau, un croissant de lune, un r\u00e9veillon, un panneau, un chat pr\u00e9nomm\u00e9 Paupiette, un champ, un arbre, un champ, une flaque, un diable rouge, un banc, un No\u00ebl du livre, un mus\u00e9e, un \u00e9corch\u00e9, un\u2026","rel":"","context":"Dans &quot;Blog-note&quot;","block_context":{"text":"Blog-note","link":"https:\/\/www.wallendorff.com\/belogue\/category\/blog-note\/"},"img":{"alt_text":"","src":"https:\/\/i0.wp.com\/www.wallendorff.com\/belogue\/wp-content\/uploads\/2025\/02\/20250212-44.jpg?resize=350%2C200&ssl=1","width":350,"height":200,"srcset":"https:\/\/i0.wp.com\/www.wallendorff.com\/belogue\/wp-content\/uploads\/2025\/02\/20250212-44.jpg?resize=350%2C200&ssl=1 1x, https:\/\/i0.wp.com\/www.wallendorff.com\/belogue\/wp-content\/uploads\/2025\/02\/20250212-44.jpg?resize=525%2C300&ssl=1 1.5x, https:\/\/i0.wp.com\/www.wallendorff.com\/belogue\/wp-content\/uploads\/2025\/02\/20250212-44.jpg?resize=700%2C400&ssl=1 2x, https:\/\/i0.wp.com\/www.wallendorff.com\/belogue\/wp-content\/uploads\/2025\/02\/20250212-44.jpg?resize=1050%2C600&ssl=1 3x"},"classes":[]},{"id":5111,"url":"https:\/\/www.wallendorff.com\/belogue\/2009\/11\/19\/my-best-friends-a-butcher-he-has-sixteen-knives-he-carries-them-all-over-the-town-at-least-he-tries\/","url_meta":{"origin":548,"position":5},"title":"My best friend&rsquo;s a butcher he has sixteen knives he carries them all over the town at least he tries.","author":"dpc","date":"19 novembre 2009","format":false,"excerpt":"Passage Choiseul, Paris, 31 juillet. \u00a0Interpol \u2013 Roland Je ne parle jamais du contexte de ces photos. Du nombre d'entre elles qui n'auraient jamais exist\u00e9 si je n'emportais pas toujours mon bo\u00eetier avec moi\u00a0; des circonstances qui les provoquent\u00a0; de ces retards pour aller d\u00eener rue Sainte-Anne qui me font\u2026","rel":"","context":"Dans &quot;DPC&quot;","block_context":{"text":"DPC","link":"https:\/\/www.wallendorff.com\/belogue\/category\/dpc\/"},"img":{"alt_text":"","src":"https:\/\/i0.wp.com\/www.wallendorff.com\/belogue\/wp-content\/uploads\/2015\/04\/200911191.jpg?resize=350%2C200&ssl=1","width":350,"height":200},"classes":[]}],"_links":{"self":[{"href":"https:\/\/www.wallendorff.com\/belogue\/wp-json\/wp\/v2\/posts\/548","targetHints":{"allow":["GET"]}}],"collection":[{"href":"https:\/\/www.wallendorff.com\/belogue\/wp-json\/wp\/v2\/posts"}],"about":[{"href":"https:\/\/www.wallendorff.com\/belogue\/wp-json\/wp\/v2\/types\/post"}],"author":[{"embeddable":true,"href":"https:\/\/www.wallendorff.com\/belogue\/wp-json\/wp\/v2\/users\/1"}],"replies":[{"embeddable":true,"href":"https:\/\/www.wallendorff.com\/belogue\/wp-json\/wp\/v2\/comments?post=548"}],"version-history":[{"count":3,"href":"https:\/\/www.wallendorff.com\/belogue\/wp-json\/wp\/v2\/posts\/548\/revisions"}],"predecessor-version":[{"id":19324,"href":"https:\/\/www.wallendorff.com\/belogue\/wp-json\/wp\/v2\/posts\/548\/revisions\/19324"}],"wp:featuredmedia":[{"embeddable":true,"href":"https:\/\/www.wallendorff.com\/belogue\/wp-json\/wp\/v2\/media\/24491"}],"wp:attachment":[{"href":"https:\/\/www.wallendorff.com\/belogue\/wp-json\/wp\/v2\/media?parent=548"}],"wp:term":[{"taxonomy":"category","embeddable":true,"href":"https:\/\/www.wallendorff.com\/belogue\/wp-json\/wp\/v2\/categories?post=548"},{"taxonomy":"post_tag","embeddable":true,"href":"https:\/\/www.wallendorff.com\/belogue\/wp-json\/wp\/v2\/tags?post=548"}],"curies":[{"name":"wp","href":"https:\/\/api.w.org\/{rel}","templated":true}]}}