{"id":5470,"date":"2009-12-28T09:30:41","date_gmt":"2009-12-28T08:30:41","guid":{"rendered":"http:\/\/www.po-l.com\/belogue\/?p=5470"},"modified":"2018-05-23T08:07:29","modified_gmt":"2018-05-23T06:07:29","slug":"en-3","status":"publish","type":"post","link":"https:\/\/www.wallendorff.com\/belogue\/2009\/12\/28\/en-3\/","title":{"rendered":"2009 en&#8230; #3."},"content":{"rendered":"\n<div id=\"photo\">\n<p><img decoding=\"async\" src=\"https:\/\/www.wallendorff.com\/belogue\/photo\/galeries\/2009\/08\/20090828-rockenseine\/200908289-ambiance\/20090829-199.jpg\" \/><br \/>\n          Rock en Seine, Saint-Cloud, 28 ao&ucirc;t.<\/p>\n<\/p><\/div>\n<p style=\"text-align:center\"><img decoding=\"async\" src=\"https:\/\/www.wallendorff.com\/belogue\/photo\/2009\/12\/sponsors\/wonder.gif\" align=\"absmiddle\" \/> <strong>et<\/strong> <img decoding=\"async\" src=\"https:\/\/www.wallendorff.com\/belogue\/photo\/2009\/12\/sponsors\/ocean.gif\" align=\"middle\" \/><\/p>\n<p style=\"text-align:center\"><strong>pr&eacute;sentent<\/strong><\/p>\n<h1 class=\"titre\">2009 en 10 concerts qui arrach&egrave;rent tout<\/h1>\n<ol>\n<ol>\n<ol>\n<ol>\n<p><strong>Hors concours&nbsp;: <a href=\"https:\/\/www.wallendorff.com\/belogue\/2009\/08\/29\/et-pendant-ce-temps-a-rock-en-seine-7\/\">Oasis, Rock en Seine, Saint-Cloud, 28 ao&ucirc;t<\/a>.<\/strong><\/p>\n<\/ol>\n<\/ol>\n<\/ol>\n<\/ol>\n<p>Parce que forc&eacute;ment, quand je serai vieux, grabataire et que je sentirai le renferm&eacute;, la seule soir&eacute;e de 2009 dont je me souviendrai vraiment et gr&acirc;ce &agrave; laquelle je pourrai saouler toute une arm&eacute;e d&rsquo;infirmi&egrave;res, &ccedil;a sera ce fameux soir o&ugrave; je n&rsquo;ai pas pu chouter Oasis apr&egrave;s avoir lutt&eacute; des semaines durant pour choper un passe. Comme le reste de l&rsquo;ann&eacute;e sera parti depuis belle lurette dans la chasse d&rsquo;eau de mon Alzheimer, listons-le tous en ch&oelig;ur pour ne rien oublier&nbsp;: ma moustache d&rsquo;Alex Kapranos du Z&eacute;nith, mon match de rugby de la Cigale, mes tout plein de d&eacute;cibels du Bataclan, ma chance ultime de la Fl&egrave;che d&rsquo;Or, mon mieux-vaut-tard-que-jamais du Point &Eacute;ph&eacute;m&egrave;re, ma nuit d&eacute;brid&eacute;e du Nouveau Casino, mes trois titres de Muse bien comme il fallait du th&eacute;&acirc;tre du Ch&acirc;telet, mes trips en lapant du vin bio d&rsquo;Angoul&ecirc;me, mes bi&egrave;res transcendentales du Z&eacute;nith et mes chaudes retrouvailles du Nouveau Casino&nbsp;:<\/p>\n<ol>\n<ol>\n<ol>\n<ol>\n<li><a href=\"https:\/\/www.wallendorff.com\/belogue\/2009\/11\/27\/franz-ferdinand-the-cribs-john-and-jehn-le-zenith-paris\/\"><strong>Franz Ferdinand, le Z&eacute;nith, Paris, 26 novembre<\/strong><\/a><\/li>\n<li><a href=\"https:\/\/www.wallendorff.com\/belogue\/2009\/06\/30\/the-dead-weather-la-cigale-paris\/\">The Dead Weather, la Cigale, Paris, 29 juin<\/a><\/li>\n<li><a href=\"https:\/\/www.wallendorff.com\/belogue\/2009\/10\/24\/kasabian-le-bataclan-paris\/\">Kasabian, le Bataclan, 23 octobre<\/a><\/li>\n<li><a href=\"https:\/\/www.wallendorff.com\/belogue\/2009\/12\/15\/the-black-box-revelation-la-fleche-dor-paris\/\">The Black Box Revelation, la Fl&egrave;che d&rsquo;Or, Paris, 14 d&eacute;cembre<\/a><\/li>\n<li><a href=\"https:\/\/www.wallendorff.com\/belogue\/2009\/02\/26\/my-vitriol-le-point-ephemere-paris\/\">My Vitriol, le Point &Eacute;ph&eacute;m&egrave;re, Paris, 25 f&eacute;vrier<\/a><\/li>\n<li>Eagles of Death Metal, le Nouveau Casino, Paris, 27 janvier<\/li>\n<li><a href=\"https:\/\/www.wallendorff.com\/belogue\/2009\/09\/09\/muse-theatre-du-chatelet-paris\/\">Muse, Th&eacute;&acirc;tre du Ch&acirc;telet, Paris, 8 septembre<\/a><\/li>\n<li><a href=\"https:\/\/www.wallendorff.com\/belogue\/2009\/07\/21\/garden-nef-party-angouleme-18-juillet\">TV on the Radio, Garden Nef Party, Angoul&ecirc;me, 18 juillet<\/a><\/li>\n<li><a href=\"https:\/\/www.wallendorff.com\/belogue\/2009\/10\/11\/archive-le-zenith-paris\/\">Archive, le Z&eacute;nith, Paris, 10 octobre<\/a><\/li>\n<li><a href=\"https:\/\/www.wallendorff.com\/belogue\/2009\/10\/27\/brendan-benson-le-nouveau-casino-paris\/\">Brendan Benson, le Nouveau Casino, Paris, 26 octobre<\/a><\/li>\n<\/ol>\n<\/ol>\n<\/ol>\n<\/ol>\n<div id=\"bandeson\">\n<p><img decoding=\"async\" src=\"https:\/\/www.wallendorff.com\/belogue\/photo\/pochettes\/o\/oasis-time_flies_1994-2009.jpg\" align=\"left\" \/>&nbsp;<a href=\"http:\/\/www.oasisinet.com\">Oasis<\/a> &ndash; <em>My Big Mouth<\/em> (live Londres 2009)<\/p>\n<\/p><\/div>\n<p style=\"text-align:center\"> <img decoding=\"async\" src=\"https:\/\/www.wallendorff.com\/belogue\/photo\/2005\/12\/archives.gif\" ><\/p>\n<p style=\"text-align:center\"><strong>avec<\/strong><\/p>\n<p style=\"text-align:center\"><img decoding=\"async\" src=\"https:\/\/www.wallendorff.com\/belogue\/photo\/2009\/12\/sponsors\/panam.gif\" align=\"absmiddle\" \/> &nbsp;<strong>et<\/strong> <img decoding=\"async\" src=\"https:\/\/www.wallendorff.com\/belogue\/photo\/2009\/12\/sponsors\/pschiit.gif\" align=\"absmiddle\" \/><\/p>\n<h1>2008 en 10 soir&eacute;es qui tach&egrave;rent grave<\/h1>\n<ol>\n<ol>\n<ol>\n<ol>\n<li><strong><a href=\"https:\/\/www.wallendorff.com\/belogue\/2008\/05\/28\/flogging-molly-la-maroquinerie-paris\/\">Flogging Molly, la Maroquinerie, Paris, 27 mai<\/a><\/strong><\/li>\n<li><a href=\"https:\/\/www.wallendorff.com\/belogue\/2008\/11\/01\/im-from-barcelona-le-bataclan-paris\/\">I\u2019m From Barcelona, le Bataclan, Paris, 31 octobre<\/a> \u2013 [<a href=\"https:\/\/www.wallendorff.com\/belogue\/2008\/11\/03\/im-from-barcelona-le-bataclan-paris-31-octobre\/\">2<\/a>] <\/li>\n<li>Oasis, le Bataclan, Paris, 10 novembre<\/li>\n<li><a href=\"https:\/\/www.wallendorff.com\/belogue\/2008\/09\/04\/the-raconteurs-rock-en-seine-domaine-national-de-saint-cloud-29-aout\/\">The Raconteurs, Rock en Seine, 29 ao\u00fbt<\/a> <\/li>\n<li>Radiohead, Main Square Festival, Arras, 6 juillet<sup>1<\/sup> <\/li>\n<li><a href=\"https:\/\/www.wallendorff.com\/belogue\/2008\/11\/09\/hushpuppies-la-maroquinerie-paris\/\">Hushpuppies, la Maroquinerie, Paris, 8 novembre<\/a> \u2013 [<a href=\"https:\/\/www.wallendorff.com\/belogue\/2008\/11\/10\/hushpuppies-la-maroquinerie-paris-8-novembre\/\">2<\/a>] <\/li>\n<li><a href=\"https:\/\/www.wallendorff.com\/belogue\/2008\/06\/30\/black-rebel-motorcycle-club-furia-sound-festival-cergy-pontoise-28-juin\/\">Black Rebel Motorcycle Club, Furia Sound Festival, Cergy-Pontoise, 28 juin<\/a> \u2013 [<a href=\"https:\/\/www.wallendorff.com\/belogue\/2008\/07\/11\/furia-sound-festival-cergy-pontoise-28-juin\/\">2<\/a>] <\/li>\n<li><a href=\"https:\/\/www.wallendorff.com\/belogue\/2008\/03\/21\/the-wombats-le-trabendo-paris\/\">The Wombats, le Trabendo, Paris, 20 mars<\/a> \u2013 [<a href=\"https:\/\/www.wallendorff.com\/belogue\/2008\/06\/17\/the-wombats-le-trabendo-paris-20-mars\/\">2<\/a>] <\/li>\n<li><a href=\"https:\/\/www.wallendorff.com\/belogue\/2008\/04\/08\/editors-le-bataclan-paris\/\">Editors, le Bataclan, Paris, 7 avril<\/a> \u2013 [<a href=\"https:\/\/www.wallendorff.com\/belogue\/2008\/06\/23\/editors-le-bataclan-paris-7-avril\/\">2<\/a>] <\/li>\n<li><a href=\"https:\/\/www.wallendorff.com\/belogue\/2008\/04\/22\/the-gore-gore-girls-les-femmes-s-en-mlent-la-maroquinerie-paris\/\">Gore Gore Girls, la Maroquinerie, Paris, 21 avril<\/a> \u2013 [<a href=\"https:\/\/www.wallendorff.com\/belogue\/2008\/08\/05\/gore-gore-girls-les-femmes-s-en-melent-la-maroquinerie-paris-21-avril\/\">2<\/a>] <\/li>\n<\/ol>\n<\/ol>\n<\/ol>\n<\/ol>\n<h1>1999 en rien.<\/h1>\n<ol>\n<ol>\n<ol>\n<ul>\n<li><strong>Rien.<\/strong><\/li>\n<\/ul>\n<\/ol>\n<\/ol>\n<\/ol>\n","protected":false},"excerpt":{"rendered":"<p>Rock en Seine, Saint-Cloud, 28 ao&ucirc;t. et pr&eacute;sentent 2009 en 10 concerts qui arrach&egrave;rent tout Hors concours&nbsp;: Oasis, Rock en Seine, Saint-Cloud, 28 ao&ucirc;t. Parce que forc&eacute;ment, quand je serai vieux, grabataire et que je sentirai le renferm&eacute;, la seule soir&eacute;e de 2009 dont je me souviendrai vraiment et gr&acirc;ce &agrave; laquelle je pourrai saouler&hellip;<\/p>\n","protected":false},"author":1,"featured_media":25639,"comment_status":"open","ping_status":"open","sticky":false,"template":"","format":"standard","meta":{"_acf_changed":false,"ngg_post_thumbnail":0,"jetpack_post_was_ever_published":false,"_jetpack_newsletter_access":"","_jetpack_dont_email_post_to_subs":false,"_jetpack_newsletter_tier_id":0,"_jetpack_memberships_contains_paywalled_content":false,"_jetpack_memberships_contains_paid_content":false,"footnotes":"","jetpack_publicize_message":"","jetpack_publicize_feature_enabled":true,"jetpack_social_post_already_shared":false,"jetpack_social_options":{"image_generator_settings":{"template":"highway","default_image_id":0,"font":"","enabled":false},"version":2}},"categories":[3],"tags":[10508,10084,10193,10245,181,2615,167,168,10509,10136,10120,10100,10353,10121,10241,10090,3330,568,408,10135,10133,10580,10570,10510,10522,10124],"class_list":["post-5470","post","type-post","status-publish","format-standard","has-post-thumbnail","hentry","category-dpc","tag-10508","tag-alive","tag-archive","tag-brendan-benson","tag-ef-70-200-mm-f28l-usm","tag-eos-5d-mark-ii","tag-classements-de-fin-dannee","tag-concerts","tag-eagles-of-death-metal","tag-festival","tag-france","tag-franz-ferdinand","tag-hauts-de-seine","tag-ile-de-france","tag-kasabian","tag-muse","tag-my-big-mouth","tag-my-vitriol","tag-oasis","tag-public","tag-rock-en-seine","tag-rock-en-seine-2009","tag-saint-cloud","tag-the-black-box-revelation","tag-the-dead-weather","tag-tv-on-the-radio"],"acf":[],"geo":{"latitude":48.8313904,"longitude":2.2213197,"description":"Parc de Saint-Cloud, 92210 Saint-Cloud, France"},"jetpack_publicize_connections":[],"jetpack_featured_media_url":"https:\/\/www.wallendorff.com\/belogue\/wp-content\/uploads\/2015\/04\/20090829-1991.jpg","jetpack_shortlink":"https:\/\/wp.me\/p3b35P-1qe","jetpack_sharing_enabled":true,"jetpack-related-posts":[{"id":130417,"url":"https:\/\/www.wallendorff.com\/belogue\/2024\/08\/29\/there-we-were-now-here-we-are\/","url_meta":{"origin":5470,"position":0},"title":"There we were, now here we are.","author":"dpc","date":"29 ao\u00fbt 2024","format":false,"excerpt":"Rock en Seine, Domaine national de Saint-Cloud, 28 ao\u00fbt 2009.J\u2019ai photographi\u00e9 ces trois jeunes filles du premier rang du public de Rock en Seine le 28 ao\u00fbt 2009 \u00e0 21 h 59 min 41 s, juste avant le concert d\u2019Oasis, juste avant l\u2019annonce de la plus fameuse baston-\u00e0-coups-de-guitares-en- loges\u00b9 de\u2026","rel":"","context":"Dans &quot;Alive&quot;","block_context":{"text":"Alive","link":"https:\/\/www.wallendorff.com\/belogue\/category\/alive\/"},"img":{"alt_text":"","src":"https:\/\/i0.wp.com\/www.wallendorff.com\/belogue\/wp-content\/uploads\/2024\/08\/20240829-01.jpg?resize=350%2C200&ssl=1","width":350,"height":200,"srcset":"https:\/\/i0.wp.com\/www.wallendorff.com\/belogue\/wp-content\/uploads\/2024\/08\/20240829-01.jpg?resize=350%2C200&ssl=1 1x, https:\/\/i0.wp.com\/www.wallendorff.com\/belogue\/wp-content\/uploads\/2024\/08\/20240829-01.jpg?resize=525%2C300&ssl=1 1.5x, https:\/\/i0.wp.com\/www.wallendorff.com\/belogue\/wp-content\/uploads\/2024\/08\/20240829-01.jpg?resize=700%2C400&ssl=1 2x, https:\/\/i0.wp.com\/www.wallendorff.com\/belogue\/wp-content\/uploads\/2024\/08\/20240829-01.jpg?resize=1050%2C600&ssl=1 3x"},"classes":[]},{"id":1037,"url":"https:\/\/www.wallendorff.com\/belogue\/2007\/09\/14\/tentes-htives\/","url_meta":{"origin":5470,"position":1},"title":"Tentes h\u00e2tives.","author":"dpc","date":"14 septembre 2007","format":false,"excerpt":"Rock en Seine, Paris, 24 ao\u00fbt. [Nouveau Warlocks le 23 octobre, extrait en bande-son.] \u00a0The Warlocks \u2013 So Paranoid \/Edit : Supernana est morte. C'est un bout de ma jeunesse qui s'en va.","rel":"","context":"Dans &quot;DPC&quot;","block_context":{"text":"DPC","link":"https:\/\/www.wallendorff.com\/belogue\/category\/dpc\/"},"img":{"alt_text":"","src":"https:\/\/i0.wp.com\/www.wallendorff.com\/belogue\/wp-content\/uploads\/2015\/04\/200709141.jpg?resize=350%2C200&ssl=1","width":350,"height":200},"classes":[]},{"id":1038,"url":"https:\/\/www.wallendorff.com\/belogue\/2007\/09\/17\/qu-on-sait-rahan-port\/","url_meta":{"origin":5470,"position":2},"title":"Qu&rsquo;on sait Rahan port\u00e9.","author":"dpc","date":"17 septembre 2007","format":false,"excerpt":"Rock en Seine, Paris, 24 ao\u00fbt. \u00a0Black Rebel Motorcycle Club \u2013 Lien on Your Dreams","rel":"","context":"Dans &quot;DPC&quot;","block_context":{"text":"DPC","link":"https:\/\/www.wallendorff.com\/belogue\/category\/dpc\/"},"img":{"alt_text":"","src":"https:\/\/i0.wp.com\/www.wallendorff.com\/belogue\/wp-content\/uploads\/2015\/04\/200709171.jpg?resize=350%2C200&ssl=1","width":350,"height":200},"classes":[]},{"id":53440,"url":"https:\/\/www.wallendorff.com\/belogue\/2022\/10\/31\/rock-en-seine-saint-cloud-27-aout-2022\/","url_meta":{"origin":5470,"position":3},"title":"Rock en Seine, Saint-Cloud, 27 ao\u00fbt 2022.","author":"dpc","date":"31 octobre 2022","format":false,"excerpt":"","rel":"","context":"Dans &quot;Alive&quot;","block_context":{"text":"Alive","link":"https:\/\/www.wallendorff.com\/belogue\/category\/alive\/"},"img":{"alt_text":"","src":"https:\/\/i0.wp.com\/www.wallendorff.com\/belogue\/wp-content\/uploads\/2022\/10\/20221031-20.jpg?resize=350%2C200&ssl=1","width":350,"height":200,"srcset":"https:\/\/i0.wp.com\/www.wallendorff.com\/belogue\/wp-content\/uploads\/2022\/10\/20221031-20.jpg?resize=350%2C200&ssl=1 1x, https:\/\/i0.wp.com\/www.wallendorff.com\/belogue\/wp-content\/uploads\/2022\/10\/20221031-20.jpg?resize=525%2C300&ssl=1 1.5x, https:\/\/i0.wp.com\/www.wallendorff.com\/belogue\/wp-content\/uploads\/2022\/10\/20221031-20.jpg?resize=700%2C400&ssl=1 2x, https:\/\/i0.wp.com\/www.wallendorff.com\/belogue\/wp-content\/uploads\/2022\/10\/20221031-20.jpg?resize=1050%2C600&ssl=1 3x"},"classes":[]},{"id":1262,"url":"https:\/\/www.wallendorff.com\/belogue\/2008\/07\/03\/croix-sise-neuve-douce\/","url_meta":{"origin":5470,"position":4},"title":"Croix sise neuve douce\u00b9.","author":"dpc","date":"3 juillet 2008","format":false,"excerpt":"Quai des Clarisses, Annecy, 4 juin. \u00a0Oasis \u2013 Gas Panic! (live) _____ 1 Mais si y a une croix, cherchez bien.","rel":"","context":"Dans &quot;DPC&quot;","block_context":{"text":"DPC","link":"https:\/\/www.wallendorff.com\/belogue\/category\/dpc\/"},"img":{"alt_text":"","src":"https:\/\/i0.wp.com\/www.wallendorff.com\/belogue\/wp-content\/uploads\/2015\/04\/200807031.jpg?resize=350%2C200&ssl=1","width":350,"height":200},"classes":[]},{"id":4569,"url":"https:\/\/www.wallendorff.com\/belogue\/2009\/08\/29\/et-pendant-ce-temps-a-rock-en-seine-7\/","url_meta":{"origin":5470,"position":5},"title":"Et pendant ce temps, \u00e0 Rock en Seine.","author":"dpc","date":"29 ao\u00fbt 2009","format":false,"excerpt":"C'\u00e9tait poneyland, jusqu'\u00e0 ce que les Gallagher ruinent \u00e0 grands coups de guitare mes espoirs de chouter Oasis un jour. Just Jack The Tatianas Keane Gush The Yeah Yeah Yeahs Passion Pit Vampire Weekend Bloc Party Le reste","rel":"","context":"Dans &quot;Alive&quot;","block_context":{"text":"Alive","link":"https:\/\/www.wallendorff.com\/belogue\/category\/alive\/"},"img":{"alt_text":"","src":"https:\/\/i0.wp.com\/www.wallendorff.com\/belogue\/wp-content\/uploads\/2015\/04\/200908291.jpg?resize=350%2C200&ssl=1","width":350,"height":200,"srcset":"https:\/\/i0.wp.com\/www.wallendorff.com\/belogue\/wp-content\/uploads\/2015\/04\/200908291.jpg?resize=350%2C200&ssl=1 1x, https:\/\/i0.wp.com\/www.wallendorff.com\/belogue\/wp-content\/uploads\/2015\/04\/200908291.jpg?resize=525%2C300&ssl=1 1.5x, https:\/\/i0.wp.com\/www.wallendorff.com\/belogue\/wp-content\/uploads\/2015\/04\/200908291.jpg?resize=700%2C400&ssl=1 2x"},"classes":[]}],"_links":{"self":[{"href":"https:\/\/www.wallendorff.com\/belogue\/wp-json\/wp\/v2\/posts\/5470","targetHints":{"allow":["GET"]}}],"collection":[{"href":"https:\/\/www.wallendorff.com\/belogue\/wp-json\/wp\/v2\/posts"}],"about":[{"href":"https:\/\/www.wallendorff.com\/belogue\/wp-json\/wp\/v2\/types\/post"}],"author":[{"embeddable":true,"href":"https:\/\/www.wallendorff.com\/belogue\/wp-json\/wp\/v2\/users\/1"}],"replies":[{"embeddable":true,"href":"https:\/\/www.wallendorff.com\/belogue\/wp-json\/wp\/v2\/comments?post=5470"}],"version-history":[{"count":6,"href":"https:\/\/www.wallendorff.com\/belogue\/wp-json\/wp\/v2\/posts\/5470\/revisions"}],"predecessor-version":[{"id":37752,"href":"https:\/\/www.wallendorff.com\/belogue\/wp-json\/wp\/v2\/posts\/5470\/revisions\/37752"}],"wp:featuredmedia":[{"embeddable":true,"href":"https:\/\/www.wallendorff.com\/belogue\/wp-json\/wp\/v2\/media\/25639"}],"wp:attachment":[{"href":"https:\/\/www.wallendorff.com\/belogue\/wp-json\/wp\/v2\/media?parent=5470"}],"wp:term":[{"taxonomy":"category","embeddable":true,"href":"https:\/\/www.wallendorff.com\/belogue\/wp-json\/wp\/v2\/categories?post=5470"},{"taxonomy":"post_tag","embeddable":true,"href":"https:\/\/www.wallendorff.com\/belogue\/wp-json\/wp\/v2\/tags?post=5470"}],"curies":[{"name":"wp","href":"https:\/\/api.w.org\/{rel}","templated":true}]}}