{"id":547,"date":"2004-12-02T15:51:19","date_gmt":"2004-12-02T15:51:19","guid":{"rendered":"http:\/\/www.po-l.com\/wordpress\/?p=547"},"modified":"2011-11-02T16:56:09","modified_gmt":"2011-11-02T14:56:09","slug":"franz-ferdinand-cobo-arena-detroit","status":"publish","type":"post","link":"https:\/\/www.wallendorff.com\/belogue\/2004\/12\/02\/franz-ferdinand-cobo-arena-detroit\/","title":{"rendered":"Franz Ferdinand @ Cobo Arena, D&eacute;troit."},"content":{"rendered":"\n<div id=\"photo\">\n<p><img decoding=\"async\" src=\"http:\/\/www.po-L.com\/belogue\/photo\/2004\/12\/03.jpg\"\/><\/p>\n<\/p><\/div>\n<p>So if you&rsquo;re lonelyyyyyy, you know I&rsquo;m here waiting for youuuuu<\/p>\n<p>Putain, vivement la prochaine fois<\/p>\n<p align=\"right\"><em>(mais je crois que je me r&eacute;p&egrave;te un peu, l&agrave;)<\/em><\/p>\n<div id=\"bandeson\">\n<p><img decoding=\"async\" src=\"https:\/\/www.wallendorff.com\/belogue\/photo\/pochettes\/f\/franz_ferdinand-franz_ferdinand.jpg\" align=\"left\" \/>&nbsp;<a href=\"http:\/\/www.franzferdinand.co.uk\/\">Franz Ferdinand<\/a> &ndash; <em>Take Me Out<\/em><\/p>\n<\/div>\n","protected":false},"excerpt":{"rendered":"<p>So if you&rsquo;re lonelyyyyyy, you know I&rsquo;m here waiting for youuuuu Putain, vivement la prochaine fois (mais je crois que je me r&eacute;p&egrave;te un peu, l&agrave;) &nbsp;Franz Ferdinand &ndash; Take Me Out<\/p>\n","protected":false},"author":1,"featured_media":24490,"comment_status":"open","ping_status":"open","sticky":false,"template":"","format":"standard","meta":{"_acf_changed":false,"ngg_post_thumbnail":0,"jetpack_post_was_ever_published":false,"_jetpack_newsletter_access":"","_jetpack_dont_email_post_to_subs":false,"_jetpack_newsletter_tier_id":0,"_jetpack_memberships_contains_paywalled_content":false,"_jetpack_memberships_contains_paid_content":false,"footnotes":"","jetpack_publicize_message":"","jetpack_publicize_feature_enabled":true,"jetpack_social_post_already_shared":false,"jetpack_social_options":{"image_generator_settings":{"template":"highway","default_image_id":0,"font":"","enabled":false},"version":2}},"categories":[7],"tags":[42,10128,10084,157,132,158,10099,55,10100,54,674,159],"class_list":["post-547","post","type-post","status-publish","format-standard","has-post-thumbnail","hentry","category-alive","tag-42","tag-alex-kapranos","tag-alive","tag-ef-50-mm-f18-ii","tag-eos-20d","tag-cobo-arena","tag-detroit","tag-etats-unis","tag-franz-ferdinand","tag-michigan","tag-take-me-out","tag-the-night-89x-stole-christmas"],"acf":[],"geo":{"latitude":42.3264275,"longitude":-83.0467682,"description":"Cobo Hall, Detroit, MI 48226, USA"},"jetpack_publicize_connections":[],"jetpack_featured_media_url":"https:\/\/www.wallendorff.com\/belogue\/wp-content\/uploads\/2015\/04\/035.jpg","jetpack_shortlink":"https:\/\/wp.me\/p3b35P-8P","jetpack_sharing_enabled":true,"jetpack-related-posts":[{"id":1368,"url":"https:\/\/www.wallendorff.com\/belogue\/2004\/12\/02\/franz-ferdinand-cobo-arena-detroit-2\/","url_meta":{"origin":547,"position":0},"title":"Franz Ferdinand @ Cobo Arena, D\u00e9troit","author":"dpc","date":"2 d\u00e9cembre 2004","format":false,"excerpt":"Michael |\u00a0Tell Her Tonight |\u00a0Cheating on You |\u00a0Take Me Out |\u00a0Dark of the Matin\u00e9e |\u00a0Darts of Pleasure | This Fire Ich heisse Superfantastisch, Ich trinke Schampus mit Lachsfisch, ICH HEISSE SUPERFANTASTICH!! Putain, vivement la prochaine fois. \u00a0Franz Ferdinand \u2013 Darts of Pleasure","rel":"","context":"Dans &quot;Alive&quot;","block_context":{"text":"Alive","link":"https:\/\/www.wallendorff.com\/belogue\/category\/alive\/"},"img":{"alt_text":"","src":"https:\/\/i0.wp.com\/www.wallendorff.com\/belogue\/wp-content\/uploads\/2015\/04\/027.jpg?resize=350%2C200&ssl=1","width":350,"height":200,"srcset":"https:\/\/i0.wp.com\/www.wallendorff.com\/belogue\/wp-content\/uploads\/2015\/04\/027.jpg?resize=350%2C200&ssl=1 1x, https:\/\/i0.wp.com\/www.wallendorff.com\/belogue\/wp-content\/uploads\/2015\/04\/027.jpg?resize=525%2C300&ssl=1 1.5x, https:\/\/i0.wp.com\/www.wallendorff.com\/belogue\/wp-content\/uploads\/2015\/04\/027.jpg?resize=700%2C400&ssl=1 2x"},"classes":[]},{"id":492,"url":"https:\/\/www.wallendorff.com\/belogue\/2005\/01\/20\/previously-unreleased-2\/","url_meta":{"origin":547,"position":1},"title":"Previously unreleased #2.","author":"dpc","date":"20 janvier 2005","format":false,"excerpt":"Franz Ferdinand, Cobo Arena, 1er d\u00e9cembre 2004. \u00a0The Go! Team \u2013 Ladyflash","rel":"","context":"Dans &quot;Previously unreleased&quot;","block_context":{"text":"Previously unreleased","link":"https:\/\/www.wallendorff.com\/belogue\/category\/previously-unreleased\/"},"img":{"alt_text":"","src":"https:\/\/i0.wp.com\/www.wallendorff.com\/belogue\/wp-content\/uploads\/2015\/04\/20050120-ff1.jpg?resize=350%2C200&ssl=1","width":350,"height":200,"srcset":"https:\/\/i0.wp.com\/www.wallendorff.com\/belogue\/wp-content\/uploads\/2015\/04\/20050120-ff1.jpg?resize=350%2C200&ssl=1 1x, https:\/\/i0.wp.com\/www.wallendorff.com\/belogue\/wp-content\/uploads\/2015\/04\/20050120-ff1.jpg?resize=525%2C300&ssl=1 1.5x, https:\/\/i0.wp.com\/www.wallendorff.com\/belogue\/wp-content\/uploads\/2015\/04\/20050120-ff1.jpg?resize=700%2C400&ssl=1 2x"},"classes":[]},{"id":877,"url":"https:\/\/www.wallendorff.com\/belogue\/2007\/01\/19\/previously-unreleased-49\/","url_meta":{"origin":547,"position":2},"title":"Previously unreleased #49\u00b9.","author":"dpc","date":"19 janvier 2007","format":false,"excerpt":"Franz Ferdinand, Cobo Arena, D\u00e9troit, 1er d\u00e9cembre 2004. Dingue comme on peut d\u00e9laisser une photo pendant 2 ans sous pr\u00e9texte qu'\u00e0 l'\u00e9poque, on a s\u00e9lectionn\u00e9 sa petite s\u0153ur [la derni\u00e8re de cette note-l\u00e0, photo de l'ann\u00e9e 2004 qui a longtemps squatt\u00e9 le bandeau de cet ancien ici, souvenez-vous, \u00e7a nous\u2026","rel":"","context":"Dans &quot;Previously unreleased&quot;","block_context":{"text":"Previously unreleased","link":"https:\/\/www.wallendorff.com\/belogue\/category\/previously-unreleased\/"},"img":{"alt_text":"","src":"https:\/\/i0.wp.com\/www.wallendorff.com\/belogue\/wp-content\/uploads\/2015\/04\/200701191.jpg?resize=350%2C200&ssl=1","width":350,"height":200,"srcset":"https:\/\/i0.wp.com\/www.wallendorff.com\/belogue\/wp-content\/uploads\/2015\/04\/200701191.jpg?resize=350%2C200&ssl=1 1x, https:\/\/i0.wp.com\/www.wallendorff.com\/belogue\/wp-content\/uploads\/2015\/04\/200701191.jpg?resize=525%2C300&ssl=1 1.5x, https:\/\/i0.wp.com\/www.wallendorff.com\/belogue\/wp-content\/uploads\/2015\/04\/200701191.jpg?resize=700%2C400&ssl=1 2x"},"classes":[]},{"id":770,"url":"https:\/\/www.wallendorff.com\/belogue\/2004\/06\/14\/franz-ferdinand-majestic-theatre-detroit\/","url_meta":{"origin":547,"position":3},"title":"Franz Ferdinand @ Majestic Theatre, D\u00e9troit.","author":"dpc","date":"14 juin 2004","format":false,"excerpt":"Ils ont tout p\u00e9t\u00e9. Un concert \u00e9norme, j'ai ador\u00e9. J'ach\u00e8te l'album demain.","rel":"","context":"Dans &quot;Alive&quot;","block_context":{"text":"Alive","link":"https:\/\/www.wallendorff.com\/belogue\/category\/alive\/"},"img":{"alt_text":"","src":"https:\/\/i0.wp.com\/www.wallendorff.com\/belogue\/wp-content\/uploads\/2015\/04\/047.jpg?resize=350%2C200&ssl=1","width":350,"height":200,"srcset":"https:\/\/i0.wp.com\/www.wallendorff.com\/belogue\/wp-content\/uploads\/2015\/04\/047.jpg?resize=350%2C200&ssl=1 1x, https:\/\/i0.wp.com\/www.wallendorff.com\/belogue\/wp-content\/uploads\/2015\/04\/047.jpg?resize=525%2C300&ssl=1 1.5x, https:\/\/i0.wp.com\/www.wallendorff.com\/belogue\/wp-content\/uploads\/2015\/04\/047.jpg?resize=700%2C400&ssl=1 2x"},"classes":[]},{"id":125680,"url":"https:\/\/www.wallendorff.com\/belogue\/2023\/07\/25\/paleo-festival-2023-nyon-jour-6\/","url_meta":{"origin":547,"position":4},"title":"Pal\u00e9o Festival 2023, Nyon, jour 6.","author":"dpc","date":"25 juillet 2023","format":false,"excerpt":"Ambiance, Pal\u00e9o Festival Nyon 2023 Ambiance, Pal\u00e9o Festival Nyon 2023 Ambiance, Pal\u00e9o Festival Nyon 2023 Ambiance, Pal\u00e9o Festival Nyon 2023 La Col\u00e8re, Pal\u00e9o Festival Nyon 2023 Ambiance, Pal\u00e9o Festival Nyon 2023 La Col\u00e8re, Pal\u00e9o Festival Nyon 2023 Ambiance, Pal\u00e9o Festival Nyon 2023 Ambiance, Pal\u00e9o Festival Nyon 2023 Roda do Cavaco,\u2026","rel":"","context":"Dans &quot;Alive&quot;","block_context":{"text":"Alive","link":"https:\/\/www.wallendorff.com\/belogue\/category\/alive\/"},"img":{"alt_text":"","src":"https:\/\/i0.wp.com\/www.wallendorff.com\/belogue\/wp-content\/uploads\/2023\/07\/20230725-28.jpg?resize=350%2C200&ssl=1","width":350,"height":200,"srcset":"https:\/\/i0.wp.com\/www.wallendorff.com\/belogue\/wp-content\/uploads\/2023\/07\/20230725-28.jpg?resize=350%2C200&ssl=1 1x, https:\/\/i0.wp.com\/www.wallendorff.com\/belogue\/wp-content\/uploads\/2023\/07\/20230725-28.jpg?resize=525%2C300&ssl=1 1.5x, https:\/\/i0.wp.com\/www.wallendorff.com\/belogue\/wp-content\/uploads\/2023\/07\/20230725-28.jpg?resize=700%2C400&ssl=1 2x, https:\/\/i0.wp.com\/www.wallendorff.com\/belogue\/wp-content\/uploads\/2023\/07\/20230725-28.jpg?resize=1050%2C600&ssl=1 3x"},"classes":[]},{"id":38063,"url":"https:\/\/www.wallendorff.com\/belogue\/2018\/05\/03\/franz-ferdinand-le-zenith-paris-27-fevrier-2018\/","url_meta":{"origin":547,"position":5},"title":"Franz Ferdinand @ le Z\u00e9nith, Paris, 27 f\u00e9vrier 2018.","author":"dpc","date":"3 mai 2018","format":false,"excerpt":"Always Ascending Franz Ferdinand","rel":"","context":"Dans &quot;Alive&quot;","block_context":{"text":"Alive","link":"https:\/\/www.wallendorff.com\/belogue\/category\/alive\/"},"img":{"alt_text":"","src":"https:\/\/i0.wp.com\/www.wallendorff.com\/belogue\/wp-content\/uploads\/2018\/05\/20180503-20.jpg?resize=350%2C200&ssl=1","width":350,"height":200,"srcset":"https:\/\/i0.wp.com\/www.wallendorff.com\/belogue\/wp-content\/uploads\/2018\/05\/20180503-20.jpg?resize=350%2C200&ssl=1 1x, https:\/\/i0.wp.com\/www.wallendorff.com\/belogue\/wp-content\/uploads\/2018\/05\/20180503-20.jpg?resize=525%2C300&ssl=1 1.5x, https:\/\/i0.wp.com\/www.wallendorff.com\/belogue\/wp-content\/uploads\/2018\/05\/20180503-20.jpg?resize=700%2C400&ssl=1 2x, https:\/\/i0.wp.com\/www.wallendorff.com\/belogue\/wp-content\/uploads\/2018\/05\/20180503-20.jpg?resize=1050%2C600&ssl=1 3x"},"classes":[]}],"_links":{"self":[{"href":"https:\/\/www.wallendorff.com\/belogue\/wp-json\/wp\/v2\/posts\/547","targetHints":{"allow":["GET"]}}],"collection":[{"href":"https:\/\/www.wallendorff.com\/belogue\/wp-json\/wp\/v2\/posts"}],"about":[{"href":"https:\/\/www.wallendorff.com\/belogue\/wp-json\/wp\/v2\/types\/post"}],"author":[{"embeddable":true,"href":"https:\/\/www.wallendorff.com\/belogue\/wp-json\/wp\/v2\/users\/1"}],"replies":[{"embeddable":true,"href":"https:\/\/www.wallendorff.com\/belogue\/wp-json\/wp\/v2\/comments?post=547"}],"version-history":[{"count":3,"href":"https:\/\/www.wallendorff.com\/belogue\/wp-json\/wp\/v2\/posts\/547\/revisions"}],"predecessor-version":[{"id":14345,"href":"https:\/\/www.wallendorff.com\/belogue\/wp-json\/wp\/v2\/posts\/547\/revisions\/14345"}],"wp:featuredmedia":[{"embeddable":true,"href":"https:\/\/www.wallendorff.com\/belogue\/wp-json\/wp\/v2\/media\/24490"}],"wp:attachment":[{"href":"https:\/\/www.wallendorff.com\/belogue\/wp-json\/wp\/v2\/media?parent=547"}],"wp:term":[{"taxonomy":"category","embeddable":true,"href":"https:\/\/www.wallendorff.com\/belogue\/wp-json\/wp\/v2\/categories?post=547"},{"taxonomy":"post_tag","embeddable":true,"href":"https:\/\/www.wallendorff.com\/belogue\/wp-json\/wp\/v2\/tags?post=547"}],"curies":[{"name":"wp","href":"https:\/\/api.w.org\/{rel}","templated":true}]}}