{"id":5465,"date":"2009-12-27T09:30:33","date_gmt":"2009-12-27T08:30:33","guid":{"rendered":"http:\/\/www.po-l.com\/belogue\/?p=5465"},"modified":"2012-08-30T12:04:55","modified_gmt":"2012-08-30T10:04:55","slug":"en-2-2","status":"publish","type":"post","link":"https:\/\/www.wallendorff.com\/belogue\/2009\/12\/27\/en-2-2\/","title":{"rendered":"2009 en&#8230; #2."},"content":{"rendered":"<div id=\"photo\">\n<p><img decoding=\"async\" src=\"https:\/\/www.wallendorff.com\/belogue\/photo\/2009\/12\/20091227.jpg\" \/><br \/>\n    The Black Box Revelation, le Bataclan, Paris, 3 avril.<\/p>\n<\/div>\n<p style=\"text-align:center\"><img decoding=\"async\" src=\"https:\/\/www.wallendorff.com\/belogue\/photo\/2009\/12\/sponsors\/krema.gif\" style=\"text-align:absmiddle\" \/> <strong>et<\/strong> <img decoding=\"async\" src=\"https:\/\/www.wallendorff.com\/belogue\/photo\/2009\/12\/sponsors\/lehman.gif\" style=\"text-align:middle\" \/><\/p>\n<p style=\"text-align:center\">pr&eacute;sentent<\/p>\n<h1 class=\"titre\">2009 en 5 nouvelles bandes de jeunes qui s&rsquo;&eacute;clatent<\/h1>\n<p>Jan Paternoster et Dries Van Dijck ne ressemblent &agrave; rien, viennent d&rsquo;une banlieue cradingue et n&rsquo;ont personne pour les aider <a href=\"http:\/\/www.youtube.com\/watch?v=GYFL4l73lwc\">&agrave; mieux choisir leurs pulls<\/a>. Mais Paternoster et Van Dijck poss&egrave;dent une sacr&eacute; pile de disques de chevet, affichent une complicit&eacute; inalt&eacute;rable, font preuve d&rsquo;un talent dingue et d&rsquo;une &eacute;nergie incendiaire sur sc&egrave;ne&nbsp;; Exactement ce qu&rsquo;avait pu &ecirc;tre Wolfmother il y a quelques ann&eacute;es, mais en plus belges et en moins aptes &agrave; vouloir ressusciter The Darkness sur leur deuxi&egrave;me album<sup>1<\/sup>. Souhaitons longue vie et belle discographie &agrave; eux, mais aussi &agrave; la pop froide de The Pains of Being Pure at Heart, au folk boucanier de Mumford &amp; Sons, &agrave; la machine de guerre The Big Pink et au b&uuml;ze The xx, qui m&ecirc;me s&rsquo;il ressemble un peu beaucoup &agrave; Flexa Lyndo, m&eacute;rite de tra&icirc;ner ici. Et puisse aucun d&rsquo;entre eux ne finir dans le classement d&rsquo;hier.<\/p>\n<ol>\n<ol>\n<ol>\n<ol>\n<li><strong>The Black Box Revelation<\/strong><\/li>\n<li>The Pains of Being Pure at Heart<\/li>\n<li>Mumford &amp; Sons<\/li>\n<li>The Big Pink<\/li>\n<li>The xx<\/li>\n<\/ol>\n<\/ol>\n<\/ol>\n<\/ol>\n<div id=\"bandeson\">\n<p><img decoding=\"async\" src=\"https:\/\/www.wallendorff.com\/belogue\/photo\/pochettes\/b\/black_box_revelation_the-set_your_head_on_fire.jpg\" style=\"text-align:left\" \/>&nbsp;<a href=\"http:\/\/www.blackboxrevelation.com\">The Black Box Revelation<\/a> &ndash; <em>Love, Love Is on My Mind<\/em><\/p>\n<\/div>\n<p style=\"text-align:center\"> <img decoding=\"async\" src=\"https:\/\/www.wallendorff.com\/belogue\/photo\/2005\/12\/archives.gif\" width=\"120\" height=\"52\"><\/p>\n<p style=\"text-align:center\"><strong>avec<\/strong><\/p>\n<p style=\"text-align:center\"><img decoding=\"async\" src=\"https:\/\/www.wallendorff.com\/belogue\/photo\/2009\/12\/sponsors\/bigjim.gif\" style=\"text-align:absmiddle\" \/> &nbsp;<strong>et<\/strong> <img decoding=\"async\" src=\"https:\/\/www.wallendorff.com\/belogue\/photo\/2009\/12\/sponsors\/captainchoc.gif\" style=\"text-align:absmiddle\" \/><\/p>\n<h1>2008 en 5 trucs dont 2007 nous avait pas parl&eacute;<\/h1>\n<ol>\n<ol>\n<ol>\n<ol>\n<li><strong>The Black Angels<\/strong><\/li>\n<li>The Ting Tings<\/li>\n<li>Blood Red Shoes<\/li>\n<li>The Blakes<\/li>\n<li>MGMT<em><br \/>\n          <\/em> <\/li>\n<\/ol>\n<\/ol>\n<\/ol>\n<\/ol>\n<h1>1999 en 5 groupes pas disponibles en MP3<\/h1>\n<ol>\n<ol>\n<ol>\n<ol>\n<ul>\n<li><strong>N\/A<\/strong><\/li>\n<\/ul>\n<\/ol>\n<\/ol>\n<\/ol>\n<\/ol>\n<div id=\"bas_note\">\n<p><sup>1<\/sup> Enfin ne nous emballons pas non plus, hein, on ne l&rsquo;a pas encore entendu ce deuxi&egrave;me album.<\/p>\n<\/div>\n","protected":false},"excerpt":{"rendered":"<p>The Black Box Revelation, le Bataclan, Paris, 3 avril. et pr&eacute;sentent 2009 en 5 nouvelles bandes de jeunes qui s&rsquo;&eacute;clatent Jan Paternoster et Dries Van Dijck ne ressemblent &agrave; rien, viennent d&rsquo;une banlieue cradingue et n&rsquo;ont personne pour les aider &agrave; mieux choisir leurs pulls. Mais Paternoster et Van Dijck poss&egrave;dent une sacr&eacute; pile de&hellip;<\/p>\n","protected":false},"author":1,"featured_media":25638,"comment_status":"open","ping_status":"open","sticky":false,"template":"","format":"standard","meta":{"_acf_changed":false,"ngg_post_thumbnail":0,"jetpack_post_was_ever_published":false,"_jetpack_newsletter_access":"","_jetpack_dont_email_post_to_subs":false,"_jetpack_newsletter_tier_id":0,"_jetpack_memberships_contains_paywalled_content":false,"_jetpack_memberships_contains_paid_content":false,"footnotes":"","jetpack_publicize_message":"","jetpack_publicize_feature_enabled":true,"jetpack_social_post_already_shared":false,"jetpack_social_options":{"image_generator_settings":{"template":"highway","default_image_id":0,"font":"","enabled":false},"version":2}},"categories":[3],"tags":[10508,10183,10084,2571,2615,167,10120,10121,10332,10607,10098,3329,4561,10602,10510,10526,10615],"class_list":["post-5465","post","type-post","status-publish","format-standard","has-post-thumbnail","hentry","category-dpc","tag-10508","tag-10183","tag-alive","tag-ef-16-35-mm-f28l-ii-usm","tag-eos-5d-mark-ii","tag-classements-de-fin-dannee","tag-france","tag-ile-de-france","tag-le-bataclan","tag-mumford-sons","tag-paris","tag-revelation","tag-set-your-head-on-fire-album","tag-the-big-pink","tag-the-black-box-revelation","tag-the-pains-of-being-pure-at-heart","tag-the-xx"],"acf":[],"geo":{"latitude":48.8629417,"longitude":2.370445,"description":"1-15 Passage Saint-Pierre Amelot, 75011 Paris, France"},"jetpack_publicize_connections":[],"jetpack_featured_media_url":"https:\/\/www.wallendorff.com\/belogue\/wp-content\/uploads\/2015\/04\/200912271.jpg","jetpack_shortlink":"https:\/\/wp.me\/p3b35P-1q9","jetpack_sharing_enabled":true,"jetpack-related-posts":[{"id":5369,"url":"https:\/\/www.wallendorff.com\/belogue\/2009\/12\/15\/the-black-box-revelation-la-fleche-dor-paris\/","url_meta":{"origin":5465,"position":0},"title":"The Black Box Revelation @ la Fl\u00e8che d&rsquo;Or, Paris.","author":"dpc","date":"15 d\u00e9cembre 2009","format":false,"excerpt":"\u00a0The Black Box Revelation \u2013 Set Your Head on Fire (live Pal\u00e9o festival 2009) J'aime ces matins o\u00f9 la photo parle d'elle-m\u00eame, o\u00f9 l'image montre bien que oui oui ils ont tout arrach\u00e9s et m\u00eame que Paternoster est mont\u00e9 sur la batterie de Van Dijck \u00e0 la fin de Set\u2026","rel":"","context":"Dans &quot;Alive&quot;","block_context":{"text":"Alive","link":"https:\/\/www.wallendorff.com\/belogue\/category\/alive\/"},"img":{"alt_text":"","src":"https:\/\/i0.wp.com\/www.wallendorff.com\/belogue\/wp-content\/uploads\/2015\/04\/200912151.jpg?resize=350%2C200&ssl=1","width":350,"height":200,"srcset":"https:\/\/i0.wp.com\/www.wallendorff.com\/belogue\/wp-content\/uploads\/2015\/04\/200912151.jpg?resize=350%2C200&ssl=1 1x, https:\/\/i0.wp.com\/www.wallendorff.com\/belogue\/wp-content\/uploads\/2015\/04\/200912151.jpg?resize=525%2C300&ssl=1 1.5x, https:\/\/i0.wp.com\/www.wallendorff.com\/belogue\/wp-content\/uploads\/2015\/04\/200912151.jpg?resize=700%2C400&ssl=1 2x"},"classes":[]},{"id":7399,"url":"https:\/\/www.wallendorff.com\/belogue\/2010\/04\/17\/the-black-box-revelation-general-fiasco-le-point-ephemere-paris-14-avril\/","url_meta":{"origin":5465,"position":1},"title":"The Black Box Revelation + General Fiasco @ le Point \u00c9ph\u00e9m\u00e8re, Paris, 14 avril.","author":"dpc","date":"17 avril 2010","format":false,"excerpt":"Sur Silver Threats, leur deuxi\u00e8me album, les deux Belges affichent une volont\u00e9 de maturit\u00e9 d\u00e9bouchant sur des morceaux moins enflamm\u00e9s, plus pos\u00e9s et lourds, signes de changement, d'\u00e9volution, d'envie de faire pas pareil que sur Set Your Head on Fire, ce premier effort sentant le souffre qui avait tant bluff\u00e9\u2026","rel":"","context":"Dans &quot;Alive&quot;","block_context":{"text":"Alive","link":"https:\/\/www.wallendorff.com\/belogue\/category\/alive\/"},"img":{"alt_text":"","src":"https:\/\/i0.wp.com\/www.wallendorff.com\/belogue\/wp-content\/uploads\/2015\/04\/201004171.jpg?resize=350%2C200&ssl=1","width":350,"height":200,"srcset":"https:\/\/i0.wp.com\/www.wallendorff.com\/belogue\/wp-content\/uploads\/2015\/04\/201004171.jpg?resize=350%2C200&ssl=1 1x, https:\/\/i0.wp.com\/www.wallendorff.com\/belogue\/wp-content\/uploads\/2015\/04\/201004171.jpg?resize=525%2C300&ssl=1 1.5x, https:\/\/i0.wp.com\/www.wallendorff.com\/belogue\/wp-content\/uploads\/2015\/04\/201004171.jpg?resize=700%2C400&ssl=1 2x"},"classes":[]},{"id":13212,"url":"https:\/\/www.wallendorff.com\/belogue\/2011\/09\/05\/the-black-box-revelation-other-lives-the-bony-king-of-nowhere-la-fleche-dor-1er-septembre\/","url_meta":{"origin":5465,"position":2},"title":"The Black Box Revelation + Other Lives + The Bony King of Nowhere @ la Fl\u00e8che d&rsquo;Or, 1er septembre.","author":"dpc","date":"5 septembre 2011","format":false,"excerpt":"Dries Van Dijck est le plus cool batteur du monde \u00e0 prendre en photo, depuis que Meg W. a disparu.Elle me manque cruellement, Meg W.. C'est nul, la vie sans Meg W.. Alors Dries Van Dijck. \u00a0The Black Box Revelation \u2013 My Perception [youtube]http:\/\/www.youtube.com\/watch?v=oIl5CrPjJuM&t=18[\/youtube] The Bony King of Nowhere Des\u2026","rel":"","context":"Dans &quot;Alive&quot;","block_context":{"text":"Alive","link":"https:\/\/www.wallendorff.com\/belogue\/category\/alive\/"},"img":{"alt_text":"","src":"https:\/\/i0.wp.com\/www.wallendorff.com\/belogue\/wp-content\/uploads\/2015\/04\/201109051.jpg?resize=350%2C200&ssl=1","width":350,"height":200,"srcset":"https:\/\/i0.wp.com\/www.wallendorff.com\/belogue\/wp-content\/uploads\/2015\/04\/201109051.jpg?resize=350%2C200&ssl=1 1x, https:\/\/i0.wp.com\/www.wallendorff.com\/belogue\/wp-content\/uploads\/2015\/04\/201109051.jpg?resize=525%2C300&ssl=1 1.5x, https:\/\/i0.wp.com\/www.wallendorff.com\/belogue\/wp-content\/uploads\/2015\/04\/201109051.jpg?resize=700%2C400&ssl=1 2x"},"classes":[]},{"id":4117,"url":"https:\/\/www.wallendorff.com\/belogue\/2009\/04\/05\/ghinzu-the-black-box-revelation-le-bataclan-paris-3-avril\/","url_meta":{"origin":5465,"position":3},"title":"Ghinzu + The Black Box Revelation @ le Bataclan, Paris, 3 avril.","author":"dpc","date":"5 avril 2009","format":false,"excerpt":"Flandre 1 \u2013 Wallonie 0 \u00a0 The Black Box Revelation \u2013 Love, Love is on My Mind \u00a0 The Black Box Revelation Ghinzu","rel":"","context":"Dans &quot;Alive&quot;","block_context":{"text":"Alive","link":"https:\/\/www.wallendorff.com\/belogue\/category\/alive\/"},"img":{"alt_text":"","src":"https:\/\/i0.wp.com\/www.wallendorff.com\/belogue\/wp-content\/uploads\/2015\/04\/200904041.jpg?resize=350%2C200&ssl=1","width":350,"height":200,"srcset":"https:\/\/i0.wp.com\/www.wallendorff.com\/belogue\/wp-content\/uploads\/2015\/04\/200904041.jpg?resize=350%2C200&ssl=1 1x, https:\/\/i0.wp.com\/www.wallendorff.com\/belogue\/wp-content\/uploads\/2015\/04\/200904041.jpg?resize=525%2C300&ssl=1 1.5x, https:\/\/i0.wp.com\/www.wallendorff.com\/belogue\/wp-content\/uploads\/2015\/04\/200904041.jpg?resize=700%2C400&ssl=1 2x"},"classes":[]},{"id":130445,"url":"https:\/\/www.wallendorff.com\/belogue\/2024\/08\/31\/flogging-molly-le-bataclan-paris-27-aout-2024\/","url_meta":{"origin":5465,"position":4},"title":"Flogging Molly @ le Bataclan, Paris, 27 ao\u00fbt 2024.","author":"dpc","date":"31 ao\u00fbt 2024","format":false,"excerpt":"Drunken Lullabies | The Hand of John L. Sullivan | Swagger | (Try) Keep the Man Down | Whistles the Wind | Life in a Tenement Square | A Song of Liberty | Tobacco Island | The Croppy Boy '98 | Float | Saints & Sinners | Rebels of the\u2026","rel":"","context":"Dans &quot;Alive&quot;","block_context":{"text":"Alive","link":"https:\/\/www.wallendorff.com\/belogue\/category\/alive\/"},"img":{"alt_text":"","src":"https:\/\/i0.wp.com\/www.wallendorff.com\/belogue\/wp-content\/uploads\/2024\/08\/20240830-26.jpg?resize=350%2C200&ssl=1","width":350,"height":200,"srcset":"https:\/\/i0.wp.com\/www.wallendorff.com\/belogue\/wp-content\/uploads\/2024\/08\/20240830-26.jpg?resize=350%2C200&ssl=1 1x, https:\/\/i0.wp.com\/www.wallendorff.com\/belogue\/wp-content\/uploads\/2024\/08\/20240830-26.jpg?resize=525%2C300&ssl=1 1.5x, https:\/\/i0.wp.com\/www.wallendorff.com\/belogue\/wp-content\/uploads\/2024\/08\/20240830-26.jpg?resize=700%2C400&ssl=1 2x, https:\/\/i0.wp.com\/www.wallendorff.com\/belogue\/wp-content\/uploads\/2024\/08\/20240830-26.jpg?resize=1050%2C600&ssl=1 3x"},"classes":[]},{"id":5470,"url":"https:\/\/www.wallendorff.com\/belogue\/2009\/12\/28\/en-3\/","url_meta":{"origin":5465,"position":5},"title":"2009 en&#8230; #3.","author":"dpc","date":"28 d\u00e9cembre 2009","format":false,"excerpt":"Rock en Seine, Saint-Cloud, 28 ao\u00fbt. et pr\u00e9sentent 2009 en 10 concerts qui arrach\u00e8rent tout Hors concours\u00a0: Oasis, Rock en Seine, Saint-Cloud, 28 ao\u00fbt. Parce que forc\u00e9ment, quand je serai vieux, grabataire et que je sentirai le renferm\u00e9, la seule soir\u00e9e de 2009 dont je me souviendrai vraiment et gr\u00e2ce\u2026","rel":"","context":"Dans &quot;DPC&quot;","block_context":{"text":"DPC","link":"https:\/\/www.wallendorff.com\/belogue\/category\/dpc\/"},"img":{"alt_text":"","src":"https:\/\/i0.wp.com\/www.wallendorff.com\/belogue\/wp-content\/uploads\/2015\/04\/20090829-1991.jpg?resize=350%2C200&ssl=1","width":350,"height":200},"classes":[]}],"_links":{"self":[{"href":"https:\/\/www.wallendorff.com\/belogue\/wp-json\/wp\/v2\/posts\/5465","targetHints":{"allow":["GET"]}}],"collection":[{"href":"https:\/\/www.wallendorff.com\/belogue\/wp-json\/wp\/v2\/posts"}],"about":[{"href":"https:\/\/www.wallendorff.com\/belogue\/wp-json\/wp\/v2\/types\/post"}],"author":[{"embeddable":true,"href":"https:\/\/www.wallendorff.com\/belogue\/wp-json\/wp\/v2\/users\/1"}],"replies":[{"embeddable":true,"href":"https:\/\/www.wallendorff.com\/belogue\/wp-json\/wp\/v2\/comments?post=5465"}],"version-history":[{"count":3,"href":"https:\/\/www.wallendorff.com\/belogue\/wp-json\/wp\/v2\/posts\/5465\/revisions"}],"predecessor-version":[{"id":18837,"href":"https:\/\/www.wallendorff.com\/belogue\/wp-json\/wp\/v2\/posts\/5465\/revisions\/18837"}],"wp:featuredmedia":[{"embeddable":true,"href":"https:\/\/www.wallendorff.com\/belogue\/wp-json\/wp\/v2\/media\/25638"}],"wp:attachment":[{"href":"https:\/\/www.wallendorff.com\/belogue\/wp-json\/wp\/v2\/media?parent=5465"}],"wp:term":[{"taxonomy":"category","embeddable":true,"href":"https:\/\/www.wallendorff.com\/belogue\/wp-json\/wp\/v2\/categories?post=5465"},{"taxonomy":"post_tag","embeddable":true,"href":"https:\/\/www.wallendorff.com\/belogue\/wp-json\/wp\/v2\/tags?post=5465"}],"curies":[{"name":"wp","href":"https:\/\/api.w.org\/{rel}","templated":true}]}}