{"id":54001,"date":"2023-01-07T14:11:52","date_gmt":"2023-01-07T12:11:52","guid":{"rendered":"https:\/\/www.wallendorff.com\/belogue\/?p=54001"},"modified":"2023-01-07T15:00:48","modified_gmt":"2023-01-07T13:00:48","slug":"pierre-qui-coule-namasse-pas-dours","status":"publish","type":"post","link":"https:\/\/www.wallendorff.com\/belogue\/2023\/01\/07\/pierre-qui-coule-namasse-pas-dours\/","title":{"rendered":"Pierre qui coule [n&rsquo;amasse pas d&rsquo;ours]."},"content":{"rendered":"\t\t<div data-elementor-type=\"wp-post\" data-elementor-id=\"54001\" class=\"elementor elementor-54001\" data-elementor-post-type=\"post\">\n\t\t\t\t\t\t<section class=\"elementor-section elementor-top-section elementor-element elementor-element-7bbd62f elementor-section-boxed elementor-section-height-default elementor-section-height-default\" data-id=\"7bbd62f\" data-element_type=\"section\" data-e-type=\"section\">\n\t\t\t\t\t\t<div class=\"elementor-container elementor-column-gap-default\">\n\t\t\t\t\t<div class=\"elementor-column elementor-col-100 elementor-top-column elementor-element elementor-element-7a479fb\" data-id=\"7a479fb\" data-element_type=\"column\" data-e-type=\"column\">\n\t\t\t<div class=\"elementor-widget-wrap elementor-element-populated\">\n\t\t\t\t\t\t<div class=\"elementor-element elementor-element-ed6c9bf elementor-widget elementor-widget-text-editor\" data-id=\"ed6c9bf\" data-element_type=\"widget\" data-e-type=\"widget\" data-widget_type=\"text-editor.default\">\n\t\t\t\t<div class=\"elementor-widget-container\">\n\t\t\t\t\t\t\t\t\t<div id=\"photo\">\n\n<img decoding=\"async\" src=\"https:\/\/www.wallendorff.com\/belogue\/wp-content\/uploads\/2023\/01\/20230107.jpg\" \/>\nPlage de Trono\u00ebn, Saint-Jean-Trolimon, 7 novembre 2022.\n<\/div>\t\t\t\t\t\t\t\t<\/div>\n\t\t\t\t<\/div>\n\t\t\t\t\t<\/div>\n\t\t<\/div>\n\t\t\t\t\t<\/div>\n\t\t<\/section>\n\t\t\t\t<section class=\"elementor-section elementor-top-section elementor-element elementor-element-d352968 elementor-section-boxed elementor-section-height-default elementor-section-height-default\" data-id=\"d352968\" data-element_type=\"section\" data-e-type=\"section\">\n\t\t\t\t\t\t<div class=\"elementor-container elementor-column-gap-default\">\n\t\t\t\t\t<div class=\"elementor-column elementor-col-100 elementor-top-column elementor-element elementor-element-0b4774a\" data-id=\"0b4774a\" data-element_type=\"column\" data-e-type=\"column\">\n\t\t\t<div class=\"elementor-widget-wrap elementor-element-populated\">\n\t\t\t\t\t\t<div class=\"elementor-element elementor-element-de43785 elementor-widget elementor-widget-text-editor\" data-id=\"de43785\" data-element_type=\"widget\" data-e-type=\"widget\" data-widget_type=\"text-editor.default\">\n\t\t\t\t<div class=\"elementor-widget-container\">\n\t\t\t\t\t\t\t\t\t<p style=\"text-align: right;\">Oui parce que voyez-nous, n&rsquo;est-ce pas, si jamais un ours vient s&rsquo;installer l\u00e0-dedans, le blockhaus coulera encore plus vite.<\/p><p style=\"text-align: right;\">Alors, bien s\u00fbr, vous me r\u00e9pondrez que, dans le Finist\u00e8re, ce blockhaus risque moins d&rsquo;accueillir un ours qu&rsquo;un oursin.<\/p><p style=\"text-align: right;\">Vous aurez bien raison, mais convenez toutefois du fait que \u00ab\u00a0Pierre qui coule n&rsquo;amasse pas d&rsquo;oursin\u00a0\u00bb aurait \u00e9t\u00e9 un jeu de mot encore plus navrant que celui-ci.<\/p>\t\t\t\t\t\t\t\t<\/div>\n\t\t\t\t<\/div>\n\t\t\t\t\t<\/div>\n\t\t<\/div>\n\t\t\t\t\t<\/div>\n\t\t<\/section>\n\t\t\t\t<\/div>\n\t\t","protected":false},"excerpt":{"rendered":"<p>Plage de Trono\u00ebn, Saint-Jean-Trolimon, 7 novembre 2022. Oui parce que voyez-nous, n&rsquo;est-ce pas, si jamais un ours vient s&rsquo;installer l\u00e0-dedans, le blockhaus coulera encore plus vite. Alors, bien s\u00fbr, vous me r\u00e9pondrez que, dans le Finist\u00e8re, ce blockhaus risque moins d&rsquo;accueillir un ours qu&rsquo;un oursin. Vous aurez bien raison, mais convenez toutefois du fait que&hellip;<\/p>\n","protected":false},"author":1,"featured_media":54006,"comment_status":"open","ping_status":"open","sticky":false,"template":"","format":"standard","meta":{"_acf_changed":false,"ngg_post_thumbnail":0,"jetpack_post_was_ever_published":false,"_jetpack_newsletter_access":"","_jetpack_dont_email_post_to_subs":false,"_jetpack_newsletter_tier_id":0,"_jetpack_memberships_contains_paywalled_content":false,"_jetpack_memberships_contains_paid_content":false,"footnotes":"","jetpack_publicize_message":"","jetpack_publicize_feature_enabled":true,"jetpack_social_post_already_shared":true,"jetpack_social_options":{"image_generator_settings":{"template":"highway","default_image_id":0,"font":"","enabled":false},"version":2}},"categories":[7654],"tags":[18266,10791,4157,10120,15878,14272,10483,4163,10714,18278,10681,18282],"class_list":["post-54001","post","type-post","status-publish","format-standard","has-post-thumbnail","hentry","category-dpc-en","tag-blockhaus","tag-bretagne","tag-finistere","tag-france","tag-fujifilm-x-t3","tag-fujinon-xf-18-55-mm-f2-8-4-r-lm-ois","tag-mer","tag-ocean-atlantique","tag-plage","tag-plage-de-tronoen","tag-ruine","tag-saint-jean-trolimon"],"acf":[],"geo":{"latitude":47.8686523,"longitude":-4.354856,"description":null},"jetpack_publicize_connections":[],"jetpack_featured_media_url":"https:\/\/www.wallendorff.com\/belogue\/wp-content\/uploads\/2023\/01\/20230107.jpg","jetpack_shortlink":"https:\/\/wp.me\/p3b35P-e2Z","jetpack_sharing_enabled":true,"jetpack-related-posts":[{"id":54017,"url":"https:\/\/www.wallendorff.com\/belogue\/2023\/01\/09\/gite\/","url_meta":{"origin":54001,"position":0},"title":"G\u00eete.","author":"dpc","date":"9 janvier 2023","format":false,"excerpt":"Pointe de la Torche, 7 novembre 2022.","rel":"","context":"Dans &quot;DPC&quot;","block_context":{"text":"DPC","link":"https:\/\/www.wallendorff.com\/belogue\/category\/dpc-en\/"},"img":{"alt_text":"","src":"https:\/\/i0.wp.com\/www.wallendorff.com\/belogue\/wp-content\/uploads\/2023\/01\/20230109.jpg?resize=350%2C200&ssl=1","width":350,"height":200,"srcset":"https:\/\/i0.wp.com\/www.wallendorff.com\/belogue\/wp-content\/uploads\/2023\/01\/20230109.jpg?resize=350%2C200&ssl=1 1x, https:\/\/i0.wp.com\/www.wallendorff.com\/belogue\/wp-content\/uploads\/2023\/01\/20230109.jpg?resize=525%2C300&ssl=1 1.5x, https:\/\/i0.wp.com\/www.wallendorff.com\/belogue\/wp-content\/uploads\/2023\/01\/20230109.jpg?resize=700%2C400&ssl=1 2x, https:\/\/i0.wp.com\/www.wallendorff.com\/belogue\/wp-content\/uploads\/2023\/01\/20230109.jpg?resize=1050%2C600&ssl=1 3x"},"classes":[]},{"id":129897,"url":"https:\/\/www.wallendorff.com\/belogue\/2024\/08\/12\/greve-sur-le-tard-2\/","url_meta":{"origin":54001,"position":1},"title":"Gr\u00e8ve sur le tard.","author":"dpc","date":"12 ao\u00fbt 2024","format":false,"excerpt":"Pointe de la Torche, 4 avril 2024. 4 mois de retard sur les publications, y avait longtemps.","rel":"","context":"Dans &quot;DPC&quot;","block_context":{"text":"DPC","link":"https:\/\/www.wallendorff.com\/belogue\/category\/dpc\/"},"img":{"alt_text":"","src":"https:\/\/i0.wp.com\/www.wallendorff.com\/belogue\/wp-content\/uploads\/2024\/08\/20240812-11.jpg?resize=350%2C200&ssl=1","width":350,"height":200,"srcset":"https:\/\/i0.wp.com\/www.wallendorff.com\/belogue\/wp-content\/uploads\/2024\/08\/20240812-11.jpg?resize=350%2C200&ssl=1 1x, https:\/\/i0.wp.com\/www.wallendorff.com\/belogue\/wp-content\/uploads\/2024\/08\/20240812-11.jpg?resize=525%2C300&ssl=1 1.5x, https:\/\/i0.wp.com\/www.wallendorff.com\/belogue\/wp-content\/uploads\/2024\/08\/20240812-11.jpg?resize=700%2C400&ssl=1 2x, https:\/\/i0.wp.com\/www.wallendorff.com\/belogue\/wp-content\/uploads\/2024\/08\/20240812-11.jpg?resize=1050%2C600&ssl=1 3x"},"classes":[]},{"id":128077,"url":"https:\/\/www.wallendorff.com\/belogue\/2024\/04\/30\/avril-2024\/","url_meta":{"origin":54001,"position":2},"title":"Avril 2024.","author":"dpc","date":"30 avril 2024","format":false,"excerpt":"Une \u00e9glise, un train, une fondue, une fen\u00eatre, une plage, un blockhaus, un ap\u00e9ro, un train, une plage, une terrasse, une maison, une jet\u00e9e, un phare, une c\u00f4te, un rocher, une tour, un r\u00e9cif, une urne, une halle, des toits, une grille, une vitrine en cours, une gare, un train,\u2026","rel":"","context":"Dans &quot;Blog-note&quot;","block_context":{"text":"Blog-note","link":"https:\/\/www.wallendorff.com\/belogue\/category\/blog-note\/"},"img":{"alt_text":"","src":"https:\/\/i0.wp.com\/www.wallendorff.com\/belogue\/wp-content\/uploads\/2024\/05\/20240523-70.jpg?resize=350%2C200&ssl=1","width":350,"height":200,"srcset":"https:\/\/i0.wp.com\/www.wallendorff.com\/belogue\/wp-content\/uploads\/2024\/05\/20240523-70.jpg?resize=350%2C200&ssl=1 1x, https:\/\/i0.wp.com\/www.wallendorff.com\/belogue\/wp-content\/uploads\/2024\/05\/20240523-70.jpg?resize=525%2C300&ssl=1 1.5x, https:\/\/i0.wp.com\/www.wallendorff.com\/belogue\/wp-content\/uploads\/2024\/05\/20240523-70.jpg?resize=700%2C400&ssl=1 2x, https:\/\/i0.wp.com\/www.wallendorff.com\/belogue\/wp-content\/uploads\/2024\/05\/20240523-70.jpg?resize=1050%2C600&ssl=1 3x"},"classes":[]},{"id":53806,"url":"https:\/\/www.wallendorff.com\/belogue\/2022\/11\/30\/novembre-2022\/","url_meta":{"origin":54001,"position":3},"title":"Novembre 2022.","author":"dpc","date":"30 novembre 2022","format":false,"excerpt":"Un avion, Un ap\u00e9ro, une ruelle, une gare, des paons, un chat pr\u00e9nomm\u00e9 Bruschetta, un train, une ardoise, une nuit venteuse, une terrasse, une plage, un blockhaus, une plage, un coucher de soleil, une temp\u00eate, un restaurant, une partie de fl\u00e9chettes, un rayon de soleil, un bus, un vernissage, un\u2026","rel":"","context":"Dans &quot;Blog-note&quot;","block_context":{"text":"Blog-note","link":"https:\/\/www.wallendorff.com\/belogue\/category\/blog-note\/"},"img":{"alt_text":"","src":"https:\/\/i0.wp.com\/www.wallendorff.com\/belogue\/wp-content\/uploads\/2022\/12\/20221212-17.jpg?resize=350%2C200&ssl=1","width":350,"height":200,"srcset":"https:\/\/i0.wp.com\/www.wallendorff.com\/belogue\/wp-content\/uploads\/2022\/12\/20221212-17.jpg?resize=350%2C200&ssl=1 1x, https:\/\/i0.wp.com\/www.wallendorff.com\/belogue\/wp-content\/uploads\/2022\/12\/20221212-17.jpg?resize=525%2C300&ssl=1 1.5x, https:\/\/i0.wp.com\/www.wallendorff.com\/belogue\/wp-content\/uploads\/2022\/12\/20221212-17.jpg?resize=700%2C400&ssl=1 2x, https:\/\/i0.wp.com\/www.wallendorff.com\/belogue\/wp-content\/uploads\/2022\/12\/20221212-17.jpg?resize=1050%2C600&ssl=1 3x"},"classes":[]},{"id":10744,"url":"https:\/\/www.wallendorff.com\/belogue\/2010\/12\/14\/ca-digue-ou-la-destinee\/","url_meta":{"origin":54001,"position":4},"title":"\u00c7a digue [ou la destin\u00e9e].","author":"dpc","date":"14 d\u00e9cembre 2010","format":false,"excerpt":"Plage de Langoz, Loctudy, 31 octobre. Il est certes de fort mauvais go\u00fbt de poster en 2010 des bandes-sons avec des coiffures pareilles mais \u00e7a fait treize ans que ce truc me tombe dans la t\u00eate \u00e0 chaque fois que je croise une plage ensoleill\u00e9e et zut \u00e0 la fin\u2026","rel":"","context":"Dans &quot;DPC&quot;","block_context":{"text":"DPC","link":"https:\/\/www.wallendorff.com\/belogue\/category\/dpc\/"},"img":{"alt_text":"","src":"https:\/\/i0.wp.com\/www.wallendorff.com\/belogue\/wp-content\/uploads\/2015\/04\/201012141.jpg?resize=350%2C200&ssl=1","width":350,"height":200,"srcset":"https:\/\/i0.wp.com\/www.wallendorff.com\/belogue\/wp-content\/uploads\/2015\/04\/201012141.jpg?resize=350%2C200&ssl=1 1x, https:\/\/i0.wp.com\/www.wallendorff.com\/belogue\/wp-content\/uploads\/2015\/04\/201012141.jpg?resize=525%2C300&ssl=1 1.5x, https:\/\/i0.wp.com\/www.wallendorff.com\/belogue\/wp-content\/uploads\/2015\/04\/201012141.jpg?resize=700%2C400&ssl=1 2x"},"classes":[]},{"id":125752,"url":"https:\/\/www.wallendorff.com\/belogue\/2023\/08\/08\/labbaye-coule\/","url_meta":{"origin":54001,"position":5},"title":"L&rsquo;abbaye coule.","author":"dpc","date":"8 ao\u00fbt 2023","format":false,"excerpt":"Abbaye de Jumi\u00e8ges, 10 juin 2023.Je suis \u00e0 court de photos. Les suivantes sont en cours d'\u00e9dition. C'est la premi\u00e8re fois que cela m'arrive depuis ao\u00fbt 2006 (je vous ai mis le lien au cas o\u00f9 vous aimez l'arch\u00e9ologie num\u00e9rique).Ce n'est pas une mauvaise nouvelle. Simplement le signe d'un changement.\u2026","rel":"","context":"Dans &quot;DPC&quot;","block_context":{"text":"DPC","link":"https:\/\/www.wallendorff.com\/belogue\/category\/dpc\/"},"img":{"alt_text":"","src":"https:\/\/i0.wp.com\/www.wallendorff.com\/belogue\/wp-content\/uploads\/2023\/08\/20230808.jpg?resize=350%2C200&ssl=1","width":350,"height":200,"srcset":"https:\/\/i0.wp.com\/www.wallendorff.com\/belogue\/wp-content\/uploads\/2023\/08\/20230808.jpg?resize=350%2C200&ssl=1 1x, https:\/\/i0.wp.com\/www.wallendorff.com\/belogue\/wp-content\/uploads\/2023\/08\/20230808.jpg?resize=525%2C300&ssl=1 1.5x, https:\/\/i0.wp.com\/www.wallendorff.com\/belogue\/wp-content\/uploads\/2023\/08\/20230808.jpg?resize=700%2C400&ssl=1 2x, https:\/\/i0.wp.com\/www.wallendorff.com\/belogue\/wp-content\/uploads\/2023\/08\/20230808.jpg?resize=1050%2C600&ssl=1 3x"},"classes":[]}],"_links":{"self":[{"href":"https:\/\/www.wallendorff.com\/belogue\/wp-json\/wp\/v2\/posts\/54001","targetHints":{"allow":["GET"]}}],"collection":[{"href":"https:\/\/www.wallendorff.com\/belogue\/wp-json\/wp\/v2\/posts"}],"about":[{"href":"https:\/\/www.wallendorff.com\/belogue\/wp-json\/wp\/v2\/types\/post"}],"author":[{"embeddable":true,"href":"https:\/\/www.wallendorff.com\/belogue\/wp-json\/wp\/v2\/users\/1"}],"replies":[{"embeddable":true,"href":"https:\/\/www.wallendorff.com\/belogue\/wp-json\/wp\/v2\/comments?post=54001"}],"version-history":[{"count":14,"href":"https:\/\/www.wallendorff.com\/belogue\/wp-json\/wp\/v2\/posts\/54001\/revisions"}],"predecessor-version":[{"id":54016,"href":"https:\/\/www.wallendorff.com\/belogue\/wp-json\/wp\/v2\/posts\/54001\/revisions\/54016"}],"wp:featuredmedia":[{"embeddable":true,"href":"https:\/\/www.wallendorff.com\/belogue\/wp-json\/wp\/v2\/media\/54006"}],"wp:attachment":[{"href":"https:\/\/www.wallendorff.com\/belogue\/wp-json\/wp\/v2\/media?parent=54001"}],"wp:term":[{"taxonomy":"category","embeddable":true,"href":"https:\/\/www.wallendorff.com\/belogue\/wp-json\/wp\/v2\/categories?post=54001"},{"taxonomy":"post_tag","embeddable":true,"href":"https:\/\/www.wallendorff.com\/belogue\/wp-json\/wp\/v2\/tags?post=54001"}],"curies":[{"name":"wp","href":"https:\/\/api.w.org\/{rel}","templated":true}]}}