{"id":54,"date":"2005-10-14T11:52:05","date_gmt":"2005-10-14T11:52:05","guid":{"rendered":"http:\/\/www.po-l.com\/wordpress\/?p=54"},"modified":"2012-07-26T09:46:06","modified_gmt":"2012-07-26T07:46:06","slug":"dpc-crisis-update-big-3-killed-my-baby","status":"publish","type":"post","link":"https:\/\/www.wallendorff.com\/belogue\/2005\/10\/14\/dpc-crisis-update-big-3-killed-my-baby\/","title":{"rendered":"DPC Crisis update #big-3-killed-my-baby."},"content":{"rendered":"<div id=\"photo\">\n<p><img decoding=\"async\" src=\"https:\/\/www.wallendorff.com\/belogue\/images\/etoile_blanche.jpg\"><\/p>\n<\/div>\n<p>Hello to you, valuable readers,<\/p>\n<p>Excitement is getting higher and higher as time runs out before the return of your favorite <em>Bel&ouml;gue<\/em>&#8482;. DPC will be back on <strong>Monday, October 17<sup>th<\/sup><\/strong>, with new pictures, new music and new puns<sup>1<\/sup> just for you. As a way to celebrate this rebirth, famous Detroitian fans of our <em>Bel&ouml;gue<\/em>&#8482; Meg and Jack White, members of the famous duo <strong>The WHITE STRIPES<\/strong>, have announced that they&#8217;ll play a <strong>FREE GIG<\/strong><sup>2<\/sup>, Monday night @ 7:30pm at Le Z&eacute;nith in Paris. They&#8217;ll go onstage dressed up in the colors of the DPC <em>Bel&ouml;gue<\/em>&#8482; &#8211; black, red and white &#8211; as a symbol of their happiness to see it coming back. Support will be brought by their good buddies from Cincinnatti, Ohio, <strong>The GREENHORNES<\/strong>.<\/p>\n<p style=\"text-align:right\">We hope to see you all there Monday!<\/p>\n<p style=\"text-align:right\">With love,<br \/>\n        The DPC Head Office.<\/p>\n<p style=\"text-align:right\">PS&nbsp;: Je sais, je craque.<\/p>\n<div id=\"bas_note\">\n<p>_____<\/p>\n<p><sup>1<\/sup> We at DPC would like to thank <a href=\"http:\/\/www.20six.fr\/latraductriste\">Dannie<\/a> for teaching us new words.<\/p>\n<p><sup>2<\/sup> Admission is free. However, there will be a &#8364; 33 charge for staying there.<\/p>\n<\/p><\/div>\n","protected":false},"excerpt":{"rendered":"<p>Hello to you, valuable readers, Excitement is getting higher and higher as time runs out before the return of your favorite Bel&ouml;gue&#8482;. DPC will be back on Monday, October 17th, with new pictures, new music and new puns1 just for you. As a way to celebrate this rebirth, famous Detroitian fans of our Bel&ouml;gue&#8482; Meg&hellip;<\/p>\n","protected":false},"author":1,"featured_media":0,"comment_status":"open","ping_status":"open","sticky":false,"template":"","format":"standard","meta":{"_acf_changed":false,"ngg_post_thumbnail":0,"jetpack_post_was_ever_published":false,"_jetpack_newsletter_access":"","_jetpack_dont_email_post_to_subs":false,"_jetpack_newsletter_tier_id":0,"_jetpack_memberships_contains_paywalled_content":false,"_jetpack_memberships_contains_paid_content":false,"footnotes":"","jetpack_publicize_message":"","jetpack_publicize_feature_enabled":true,"jetpack_social_post_already_shared":false,"jetpack_social_options":{"image_generator_settings":{"template":"highway","default_image_id":0,"font":"","enabled":false},"version":2}},"categories":[6],"tags":[10097],"class_list":["post-54","post","type-post","status-publish","format-standard","hentry","category-pictureless-thoughts","tag-the-white-stripes"],"acf":[],"geo":null,"jetpack_publicize_connections":[],"jetpack_featured_media_url":"","jetpack_shortlink":"https:\/\/wp.me\/p3b35P-S","jetpack_sharing_enabled":true,"jetpack-related-posts":[{"id":128363,"url":"https:\/\/www.wallendorff.com\/belogue\/2024\/06\/15\/cetait-2007\/","url_meta":{"origin":54,"position":0},"title":"C&rsquo;\u00e9tait 2007.","author":"dpc","date":"15 juin 2024","format":false,"excerpt":"2007, un 2006 en mieux. RockMag, Paris, 8 janvier 2007. Archive @ aquarium du Trocad\u00e9ro, Paris, 11 janvier 2007. Ardenne, 10 f\u00e9vrier 2007. Pop Levi @ la Maroquinerie, Paris, 13 avril 2007. Paris, 28 avril 2007. The White Stripes @ le Z\u00e9nith, Paris, 11 juin 2007. Editors @ les Eurock\u00e9ennes,\u2026","rel":"","context":"Dans &quot;DPC&quot;","block_context":{"text":"DPC","link":"https:\/\/www.wallendorff.com\/belogue\/category\/dpc\/"},"img":{"alt_text":"","src":"https:\/\/i0.wp.com\/www.wallendorff.com\/belogue\/wp-content\/uploads\/2024\/06\/20240615-06.jpg?resize=350%2C200&ssl=1","width":350,"height":200,"srcset":"https:\/\/i0.wp.com\/www.wallendorff.com\/belogue\/wp-content\/uploads\/2024\/06\/20240615-06.jpg?resize=350%2C200&ssl=1 1x, https:\/\/i0.wp.com\/www.wallendorff.com\/belogue\/wp-content\/uploads\/2024\/06\/20240615-06.jpg?resize=525%2C300&ssl=1 1.5x, https:\/\/i0.wp.com\/www.wallendorff.com\/belogue\/wp-content\/uploads\/2024\/06\/20240615-06.jpg?resize=700%2C400&ssl=1 2x, https:\/\/i0.wp.com\/www.wallendorff.com\/belogue\/wp-content\/uploads\/2024\/06\/20240615-06.jpg?resize=1050%2C600&ssl=1 3x"},"classes":[]},{"id":128664,"url":"https:\/\/www.wallendorff.com\/belogue\/2024\/06\/25\/cetait-2017\/","url_meta":{"origin":54,"position":1},"title":"C&rsquo;\u00e9tait 2017.","author":"dpc","date":"25 juin 2024","format":false,"excerpt":"2017, \u00e9chapp\u00e9es. Findlay, Paris, 1","rel":"","context":"Dans &quot;DPC&quot;","block_context":{"text":"DPC","link":"https:\/\/www.wallendorff.com\/belogue\/category\/dpc\/"},"img":{"alt_text":"","src":"https:\/\/i0.wp.com\/www.wallendorff.com\/belogue\/wp-content\/uploads\/2024\/06\/20240625-17.jpg?resize=350%2C200&ssl=1","width":350,"height":200,"srcset":"https:\/\/i0.wp.com\/www.wallendorff.com\/belogue\/wp-content\/uploads\/2024\/06\/20240625-17.jpg?resize=350%2C200&ssl=1 1x, https:\/\/i0.wp.com\/www.wallendorff.com\/belogue\/wp-content\/uploads\/2024\/06\/20240625-17.jpg?resize=525%2C300&ssl=1 1.5x, https:\/\/i0.wp.com\/www.wallendorff.com\/belogue\/wp-content\/uploads\/2024\/06\/20240625-17.jpg?resize=700%2C400&ssl=1 2x, https:\/\/i0.wp.com\/www.wallendorff.com\/belogue\/wp-content\/uploads\/2024\/06\/20240625-17.jpg?resize=1050%2C600&ssl=1 3x"},"classes":[]},{"id":135047,"url":"https:\/\/www.wallendorff.com\/belogue\/2026\/01\/12\/prost-stuttgart-5\/","url_meta":{"origin":54,"position":2},"title":"Prost Stuttgart.","author":"dpc","date":"12 janvier 2026","format":false,"excerpt":"","rel":"","context":"Dans &quot;DPC&quot;","block_context":{"text":"DPC","link":"https:\/\/www.wallendorff.com\/belogue\/category\/dpc\/"},"img":{"alt_text":"","src":"https:\/\/i0.wp.com\/www.wallendorff.com\/belogue\/wp-content\/uploads\/2026\/01\/20260112-19.jpg?resize=350%2C200&ssl=1","width":350,"height":200,"srcset":"https:\/\/i0.wp.com\/www.wallendorff.com\/belogue\/wp-content\/uploads\/2026\/01\/20260112-19.jpg?resize=350%2C200&ssl=1 1x, https:\/\/i0.wp.com\/www.wallendorff.com\/belogue\/wp-content\/uploads\/2026\/01\/20260112-19.jpg?resize=525%2C300&ssl=1 1.5x, https:\/\/i0.wp.com\/www.wallendorff.com\/belogue\/wp-content\/uploads\/2026\/01\/20260112-19.jpg?resize=700%2C400&ssl=1 2x, https:\/\/i0.wp.com\/www.wallendorff.com\/belogue\/wp-content\/uploads\/2026\/01\/20260112-19.jpg?resize=1050%2C600&ssl=1 3x"},"classes":[]},{"id":126124,"url":"https:\/\/www.wallendorff.com\/belogue\/2023\/09\/21\/pigeonnier-by-night-ix\/","url_meta":{"origin":54,"position":3},"title":"Pigeonnier by night IX.","author":"dpc","date":"21 septembre 2023","format":false,"excerpt":"","rel":"","context":"Dans &quot;DPC&quot;","block_context":{"text":"DPC","link":"https:\/\/www.wallendorff.com\/belogue\/category\/dpc\/"},"img":{"alt_text":"","src":"https:\/\/i0.wp.com\/www.wallendorff.com\/belogue\/wp-content\/uploads\/2023\/09\/20230921.jpg?resize=350%2C200&ssl=1","width":350,"height":200,"srcset":"https:\/\/i0.wp.com\/www.wallendorff.com\/belogue\/wp-content\/uploads\/2023\/09\/20230921.jpg?resize=350%2C200&ssl=1 1x, https:\/\/i0.wp.com\/www.wallendorff.com\/belogue\/wp-content\/uploads\/2023\/09\/20230921.jpg?resize=525%2C300&ssl=1 1.5x, https:\/\/i0.wp.com\/www.wallendorff.com\/belogue\/wp-content\/uploads\/2023\/09\/20230921.jpg?resize=700%2C400&ssl=1 2x, https:\/\/i0.wp.com\/www.wallendorff.com\/belogue\/wp-content\/uploads\/2023\/09\/20230921.jpg?resize=1050%2C600&ssl=1 3x"},"classes":[]},{"id":127511,"url":"https:\/\/www.wallendorff.com\/belogue\/2024\/02\/28\/quepaulent-vos-trains\/","url_meta":{"origin":54,"position":4},"title":"Qu&rsquo;\u00e9paulent vos trains.","author":"dpc","date":"28 f\u00e9vrier 2024","format":false,"excerpt":"Quai Paul-Vautrin, Metz, 27 d\u00e9cembre 2023.","rel":"","context":"Dans &quot;DPC&quot;","block_context":{"text":"DPC","link":"https:\/\/www.wallendorff.com\/belogue\/category\/dpc\/"},"img":{"alt_text":"","src":"https:\/\/i0.wp.com\/www.wallendorff.com\/belogue\/wp-content\/uploads\/2024\/02\/20240228.jpg?resize=350%2C200&ssl=1","width":350,"height":200,"srcset":"https:\/\/i0.wp.com\/www.wallendorff.com\/belogue\/wp-content\/uploads\/2024\/02\/20240228.jpg?resize=350%2C200&ssl=1 1x, https:\/\/i0.wp.com\/www.wallendorff.com\/belogue\/wp-content\/uploads\/2024\/02\/20240228.jpg?resize=525%2C300&ssl=1 1.5x, https:\/\/i0.wp.com\/www.wallendorff.com\/belogue\/wp-content\/uploads\/2024\/02\/20240228.jpg?resize=700%2C400&ssl=1 2x, https:\/\/i0.wp.com\/www.wallendorff.com\/belogue\/wp-content\/uploads\/2024\/02\/20240228.jpg?resize=1050%2C600&ssl=1 3x"},"classes":[]},{"id":124618,"url":"https:\/\/www.wallendorff.com\/belogue\/2023\/06\/02\/seuil-sur-mars\/","url_meta":{"origin":54,"position":5},"title":"Seuil sur Mars.","author":"dpc","date":"2 juin 2023","format":false,"excerpt":"\u00c9peign\u00e9-sur-D\u00eame, 18 mars 2023.","rel":"","context":"Dans &quot;DPC&quot;","block_context":{"text":"DPC","link":"https:\/\/www.wallendorff.com\/belogue\/category\/dpc-en\/"},"img":{"alt_text":"","src":"https:\/\/i0.wp.com\/www.wallendorff.com\/belogue\/wp-content\/uploads\/2023\/06\/20230602.jpg?resize=350%2C200&ssl=1","width":350,"height":200,"srcset":"https:\/\/i0.wp.com\/www.wallendorff.com\/belogue\/wp-content\/uploads\/2023\/06\/20230602.jpg?resize=350%2C200&ssl=1 1x, https:\/\/i0.wp.com\/www.wallendorff.com\/belogue\/wp-content\/uploads\/2023\/06\/20230602.jpg?resize=525%2C300&ssl=1 1.5x, https:\/\/i0.wp.com\/www.wallendorff.com\/belogue\/wp-content\/uploads\/2023\/06\/20230602.jpg?resize=700%2C400&ssl=1 2x"},"classes":[]}],"_links":{"self":[{"href":"https:\/\/www.wallendorff.com\/belogue\/wp-json\/wp\/v2\/posts\/54","targetHints":{"allow":["GET"]}}],"collection":[{"href":"https:\/\/www.wallendorff.com\/belogue\/wp-json\/wp\/v2\/posts"}],"about":[{"href":"https:\/\/www.wallendorff.com\/belogue\/wp-json\/wp\/v2\/types\/post"}],"author":[{"embeddable":true,"href":"https:\/\/www.wallendorff.com\/belogue\/wp-json\/wp\/v2\/users\/1"}],"replies":[{"embeddable":true,"href":"https:\/\/www.wallendorff.com\/belogue\/wp-json\/wp\/v2\/comments?post=54"}],"version-history":[{"count":2,"href":"https:\/\/www.wallendorff.com\/belogue\/wp-json\/wp\/v2\/posts\/54\/revisions"}],"predecessor-version":[{"id":18388,"href":"https:\/\/www.wallendorff.com\/belogue\/wp-json\/wp\/v2\/posts\/54\/revisions\/18388"}],"wp:attachment":[{"href":"https:\/\/www.wallendorff.com\/belogue\/wp-json\/wp\/v2\/media?parent=54"}],"wp:term":[{"taxonomy":"category","embeddable":true,"href":"https:\/\/www.wallendorff.com\/belogue\/wp-json\/wp\/v2\/categories?post=54"},{"taxonomy":"post_tag","embeddable":true,"href":"https:\/\/www.wallendorff.com\/belogue\/wp-json\/wp\/v2\/tags?post=54"}],"curies":[{"name":"wp","href":"https:\/\/api.w.org\/{rel}","templated":true}]}}