{"id":5379,"date":"2009-12-17T10:03:18","date_gmt":"2009-12-17T09:03:18","guid":{"rendered":"http:\/\/www.po-l.com\/belogue\/?p=5379"},"modified":"2012-08-20T12:13:25","modified_gmt":"2012-08-20T10:13:25","slug":"laisselle-leche-hart-mat-gyre1","status":"publish","type":"post","link":"https:\/\/www.wallendorff.com\/belogue\/2009\/12\/17\/laisselle-leche-hart-mat-gyre1\/","title":{"rendered":"L&rsquo;aisselle l\u00e8che hart, m\u00e2t gyre<sup>1<\/sup>."},"content":{"rendered":"<div id=\"photo\">\n<p><img decoding=\"async\" src=\"https:\/\/www.wallendorff.com\/belogue\/photo\/2009\/12\/20091217.jpg\" \/><br \/>\nCh&acirc;teau de F&egrave;re, F&egrave;re-en-Tardenois, 26 septembre.<\/p>\n<\/div>\n<div id=\"bandeson\">\n<p><img decoding=\"async\" src=\"https:\/\/www.wallendorff.com\/belogue\/photo\/pochettes\/w\/woodpigeon-songbook.jpg\" align=\"left\" \/>&nbsp;<a href=\"http:\/\/www.woodpigeon-songbook.com\/\">Woodpigeon<\/a> &ndash; <em>A Sad Country Ballad for a Tired Superhero<\/em><\/p>\n<\/div>\n<p style=\"text-align:right\">Et comme tu es priv&eacute; de sortie alors que dehors tombent de chouettes choses &agrave; prendre en photo tu te consoles comme tu peux <a href=\"https:\/\/www.wallendorff.com\/belogue\/2005\/01\/15\/arbore-les-sens\/\">en<\/a> <a href=\"https:\/\/www.wallendorff.com\/belogue\/2005\/01\/09\/banc-crise\">regardant<\/a> <a href=\"https:\/\/www.wallendorff.com\/belogue\/2009\/03\/13\/quemporte-le-flocon\">de<\/a> <a href=\"https:\/\/www.wallendorff.com\/belogue\/2009\/02\/06\/seiches-au-choix-trie\">vieux<\/a> <a href=\"https:\/\/www.wallendorff.com\/belogue\/2005\/02\/28\/de-butte-en-blanc\">trucs<\/a> et en priant pour que tout &ccedil;a tienne jusqu&rsquo;&agrave; ce soir.<\/p>\n<p>_____<\/p>\n<div id=\"bas_note\">\n<p><sup>1<\/sup> Alors au d&eacute;but je pensais qu&rsquo;un gyre &eacute;tait un autogyre manuel<sup>2<\/sup> et au moment de v&eacute;rifier j&rsquo;ai pu constater que pas du tout puisque gyre est la premi&egrave;re et troisi&egrave;me personnes du verbe gyrer, &laquo;&nbsp;mettre un corps en rotation dans l&rsquo;espace&nbsp;&raquo; &#8213;&nbsp;comme par exemple dans le fameux proverbe basque<sup>3<\/sup>&nbsp;&#8213;, un verbe invent&eacute; par des savants tr&egrave;s s&eacute;rieux, &ccedil;a se voit, puisque nous autres le commun des mortels on s&rsquo;en serait tenu &agrave; &laquo;&nbsp;rotationer<sup>4<\/sup>&nbsp;&raquo;. Tout &ccedil;a pour dire que faut pas croire que c&rsquo;est facile tous les jours, de trouver des titres compl&egrave;tement cons mais grammaticalement coh&eacute;rents, surtout avec ce froid.<\/p>\n<p><sup>2<\/sup> Oui oui, avec la faute et tout.<\/p>\n<p><sup>3<\/sup> Mais si, enfin, &laquo;&nbsp;gyrer de Pampelune jusqu&rsquo;&agrave; Bayonne, gyrer de Dax jusqu&rsquo;&agrave; Mont-de-Marsan&nbsp;&raquo;.<\/p>\n<p><sup>4<\/sup> Alors que de vrai linguistes durs du noyau auraient brandi un bon gros verbe du troisi&egrave;me groupe comme &laquo;&nbsp;gy&yuml;re&nbsp;&raquo; ou &laquo;&nbsp;rondre&nbsp;&raquo;.<\/p>\n<\/div>\n","protected":false},"excerpt":{"rendered":"<p>Ch&acirc;teau de F&egrave;re, F&egrave;re-en-Tardenois, 26 septembre. &nbsp;Woodpigeon &ndash; A Sad Country Ballad for a Tired Superhero Et comme tu es priv&eacute; de sortie alors que dehors tombent de chouettes choses &agrave; prendre en photo tu te consoles comme tu peux en regardant de vieux trucs et en priant pour que tout &ccedil;a tienne jusqu&rsquo;&agrave; ce&hellip;<\/p>\n","protected":false},"author":1,"featured_media":25629,"comment_status":"open","ping_status":"open","sticky":false,"template":"","format":"standard","meta":{"_acf_changed":false,"ngg_post_thumbnail":0,"jetpack_post_was_ever_published":false,"_jetpack_newsletter_access":"","_jetpack_dont_email_post_to_subs":false,"_jetpack_newsletter_tier_id":0,"_jetpack_memberships_contains_paywalled_content":false,"_jetpack_memberships_contains_paid_content":false,"footnotes":"","jetpack_publicize_message":"","jetpack_publicize_feature_enabled":true,"jetpack_social_post_already_shared":false,"jetpack_social_options":{"image_generator_settings":{"template":"highway","default_image_id":0,"font":"","enabled":false},"version":2}},"categories":[3],"tags":[3318,10631,2571,2615,3292,10210,3293,10120,143,10632,10638,10524],"class_list":["post-5379","post","type-post","status-publish","format-standard","has-post-thumbnail","hentry","category-dpc","tag-a-sad-country-ballad-for-a-tired-superhero","tag-aisne","tag-ef-16-35-mm-f28l-ii-usm","tag-eos-5d-mark-ii","tag-chateau-de-fere","tag-escalier","tag-fere-en-tardenois","tag-france","tag-noir-et-blanc","tag-picardie","tag-rampe","tag-woodpigeon"],"acf":[],"geo":{"latitude":49.2225304,"longitude":3.5329251,"description":null},"jetpack_publicize_connections":[],"jetpack_featured_media_url":"https:\/\/www.wallendorff.com\/belogue\/wp-content\/uploads\/2015\/04\/200912171.jpg","jetpack_shortlink":"https:\/\/wp.me\/p3b35P-1oL","jetpack_sharing_enabled":true,"jetpack-related-posts":[{"id":5277,"url":"https:\/\/www.wallendorff.com\/belogue\/2009\/12\/10\/eteins-je-art-dun-est-ce-toi-aux-dix-nerfs\/","url_meta":{"origin":5379,"position":0},"title":"\u00c9teins-je art d&rsquo;un ? Est-ce toi aux dix nerfs ?","author":"dpc","date":"10 d\u00e9cembre 2009","format":false,"excerpt":"Ch\u00e2teau de F\u00e8re, F\u00e8re-en-Tardenois, 26 septembre. \u00a0U2 \u2013 A Sort of Homecoming (live) ... Puis tu d\u00e9cides un beau matin que tu es tomb\u00e9 sur le ch\u00e2teau de The Unforgettable Fire, et ce m\u00eame si Kikip\u00e9dia pr\u00e9tend qu'il s'agit en vrai d'un autre.","rel":"","context":"Dans &quot;DPC&quot;","block_context":{"text":"DPC","link":"https:\/\/www.wallendorff.com\/belogue\/category\/dpc\/"},"img":{"alt_text":"","src":"https:\/\/i0.wp.com\/www.wallendorff.com\/belogue\/wp-content\/uploads\/2015\/04\/200912101.jpg?resize=350%2C200&ssl=1","width":350,"height":200},"classes":[]},{"id":5260,"url":"https:\/\/www.wallendorff.com\/belogue\/2009\/12\/09\/cagnard-en-chai-nest\/","url_meta":{"origin":5379,"position":1},"title":"Cagnard en chai n&rsquo;est.","author":"dpc","date":"9 d\u00e9cembre 2009","format":false,"excerpt":"Ch\u00e2teau de F\u00e8re, F\u00e8re-en-Tardenois, 26 septembre. \u00a0Those Darlins \u2013 Who's That Knockin' at My Window? Y a des jours comme \u00e7a o\u00f9 paf sans rien demander tu tombes sur de vieux couloirs en forme de brownie g\u00e9ant. C'est quand m\u00eame fou, la vie.","rel":"","context":"Dans &quot;DPC&quot;","block_context":{"text":"DPC","link":"https:\/\/www.wallendorff.com\/belogue\/category\/dpc\/"},"img":{"alt_text":"","src":"https:\/\/i0.wp.com\/www.wallendorff.com\/belogue\/wp-content\/uploads\/2015\/04\/200912091.jpg?resize=350%2C200&ssl=1","width":350,"height":200},"classes":[]},{"id":5321,"url":"https:\/\/www.wallendorff.com\/belogue\/2009\/12\/13\/retors-a-lents-voyeurs\/","url_meta":{"origin":5379,"position":2},"title":"Retors \u00e0 lents voyeurs.","author":"dpc","date":"13 d\u00e9cembre 2009","format":false,"excerpt":"Ch\u00e2teau de F\u00e8re, F\u00e8re-en-Tardenois, 26 septembre. \u00a0Flogging Molly \u2013 Us of Lesser Gods","rel":"","context":"Dans &quot;DPC&quot;","block_context":{"text":"DPC","link":"https:\/\/www.wallendorff.com\/belogue\/category\/dpc\/"},"img":{"alt_text":"","src":"https:\/\/i0.wp.com\/www.wallendorff.com\/belogue\/wp-content\/uploads\/2015\/04\/200912131.jpg?resize=350%2C200&ssl=1","width":350,"height":200},"classes":[]},{"id":5279,"url":"https:\/\/www.wallendorff.com\/belogue\/2009\/12\/11\/tchik\/","url_meta":{"origin":5379,"position":3},"title":"Tchik.","author":"dpc","date":"11 d\u00e9cembre 2009","format":false,"excerpt":"Ch\u00e2teau de F\u00e8re, F\u00e8re-en-Tardenois, 26 septembre. \u00a0Biffy Clyro \u2013 Booooom, Blast & Ruin \u00ab\u00a0Pourquoi Liam Gallagher ne se retourne-t-il jamais quand il marche dans la pr\u00e9fecture du Maine-et-Loire\u00a0? Parce que \u00e7a fait 15 ans qu'il entend son fr\u00e8re lui dire \u201cdon't look back in Angers\u201d.\u00a0\u00bb Ahah, ohoh, faut vraiment que\u2026","rel":"","context":"Dans &quot;DPC&quot;","block_context":{"text":"DPC","link":"https:\/\/www.wallendorff.com\/belogue\/category\/dpc\/"},"img":{"alt_text":"","src":"https:\/\/i0.wp.com\/www.wallendorff.com\/belogue\/wp-content\/uploads\/2015\/04\/200912111.jpg?resize=350%2C200&ssl=1","width":350,"height":200},"classes":[]},{"id":5373,"url":"https:\/\/www.wallendorff.com\/belogue\/2009\/12\/16\/it-only-happens-if-you-try\/","url_meta":{"origin":5379,"position":4},"title":"It only happens if you try.","author":"dpc","date":"16 d\u00e9cembre 2009","format":false,"excerpt":"Ch\u00e2teau de F\u00e8re, F\u00e8re-en-Tardenois, 26 septembre. \u00a0The Flaming Lips \u2013 Powerless Black drowned coffee and home-made brownies. [This is all my body needs.] \/Edit\u00a0: Le top des blogueurs 2009 est sorti, et outre le fait que leur top 20 ne recoupe pas du tout le mien \u2015\u00a0\u00e7a arrive hein, n'en\u2026","rel":"","context":"Dans &quot;DPC&quot;","block_context":{"text":"DPC","link":"https:\/\/www.wallendorff.com\/belogue\/category\/dpc\/"},"img":{"alt_text":"","src":"https:\/\/i0.wp.com\/www.wallendorff.com\/belogue\/wp-content\/uploads\/2015\/04\/200912161.jpg?resize=350%2C200&ssl=1","width":350,"height":200},"classes":[]},{"id":5410,"url":"https:\/\/www.wallendorff.com\/belogue\/2009\/12\/18\/a-lun-deux-lont\/","url_meta":{"origin":5379,"position":5},"title":"\u00c0 l&rsquo;un, deux l&rsquo;ont.","author":"dpc","date":"18 d\u00e9cembre 2009","format":false,"excerpt":"F\u00e8re-en-Tardenois, 27 septembre. \u00a0I Am Kloot \u2013 Avenue of Hope Les Lyonnais de The Fuzz proposent un chouette concours pour les gagner en concert chez toi dans ton salon1. C'est tr\u00e8s important que tu joues, le lecteur, car comme The Fuzz m'a promis une brouette de g\u00e2teaux, plein de b\u00e2dches\u2026","rel":"","context":"Dans &quot;DPC&quot;","block_context":{"text":"DPC","link":"https:\/\/www.wallendorff.com\/belogue\/category\/dpc\/"},"img":{"alt_text":"","src":"https:\/\/i0.wp.com\/www.wallendorff.com\/belogue\/wp-content\/uploads\/2015\/04\/200912181.jpg?resize=350%2C200&ssl=1","width":350,"height":200},"classes":[]}],"_links":{"self":[{"href":"https:\/\/www.wallendorff.com\/belogue\/wp-json\/wp\/v2\/posts\/5379","targetHints":{"allow":["GET"]}}],"collection":[{"href":"https:\/\/www.wallendorff.com\/belogue\/wp-json\/wp\/v2\/posts"}],"about":[{"href":"https:\/\/www.wallendorff.com\/belogue\/wp-json\/wp\/v2\/types\/post"}],"author":[{"embeddable":true,"href":"https:\/\/www.wallendorff.com\/belogue\/wp-json\/wp\/v2\/users\/1"}],"replies":[{"embeddable":true,"href":"https:\/\/www.wallendorff.com\/belogue\/wp-json\/wp\/v2\/comments?post=5379"}],"version-history":[{"count":3,"href":"https:\/\/www.wallendorff.com\/belogue\/wp-json\/wp\/v2\/posts\/5379\/revisions"}],"predecessor-version":[{"id":18704,"href":"https:\/\/www.wallendorff.com\/belogue\/wp-json\/wp\/v2\/posts\/5379\/revisions\/18704"}],"wp:featuredmedia":[{"embeddable":true,"href":"https:\/\/www.wallendorff.com\/belogue\/wp-json\/wp\/v2\/media\/25629"}],"wp:attachment":[{"href":"https:\/\/www.wallendorff.com\/belogue\/wp-json\/wp\/v2\/media?parent=5379"}],"wp:term":[{"taxonomy":"category","embeddable":true,"href":"https:\/\/www.wallendorff.com\/belogue\/wp-json\/wp\/v2\/categories?post=5379"},{"taxonomy":"post_tag","embeddable":true,"href":"https:\/\/www.wallendorff.com\/belogue\/wp-json\/wp\/v2\/tags?post=5379"}],"curies":[{"name":"wp","href":"https:\/\/api.w.org\/{rel}","templated":true}]}}