{"id":5373,"date":"2009-12-16T09:39:08","date_gmt":"2009-12-16T08:39:08","guid":{"rendered":"http:\/\/www.po-l.com\/belogue\/?p=5373"},"modified":"2012-06-21T12:14:24","modified_gmt":"2012-06-21T10:14:24","slug":"it-only-happens-if-you-try","status":"publish","type":"post","link":"https:\/\/www.wallendorff.com\/belogue\/2009\/12\/16\/it-only-happens-if-you-try\/","title":{"rendered":"It only happens if you try."},"content":{"rendered":"<div id=\"photo\">\n<p><img decoding=\"async\" src=\"https:\/\/www.wallendorff.com\/belogue\/photo\/2009\/12\/20091216.jpg\" \/><br \/>\nCh&acirc;teau de F&egrave;re, F&egrave;re-en-Tardenois, 26 septembre.<\/p>\n<\/div>\n<div id=\"bandeson\">\n<p><img decoding=\"async\" src=\"https:\/\/www.wallendorff.com\/belogue\/photo\/pochettes\/f\/flaming_lips_the-embryonic.jpg\" align=\"left\" \/>&nbsp;<a href=\"http:\/\/www.flaminglips.com\/\">The Flaming Lips<\/a> &ndash; <em>Powerless<\/em><\/p>\n<\/div>\n<p style=\"text-align:right\">Black drowned coffee and home-made brownies.<br \/>\n[This is all my body needs.]<\/p>\n<p>\/Edit&nbsp;:<a href=\"http:\/\/www.topdesblogueurs.fr\/\"> Le top des blogueurs 2009<\/a> est sorti, et outre le fait que leur top 20 ne recoupe pas du tout le mien &#8213;&nbsp;&ccedil;a arrive hein, n&rsquo;en faisons pas un drame&nbsp;&#8213;, leur<a href=\"http:\/\/www.topdesblogueurs.fr\/09\/tous-les-albums.html\"> liste g&eacute;n&eacute;rale<\/a> arrang&eacute;e n&rsquo;importe comment avec des groupes en The class&eacute;s &agrave; The et des artistes rang&eacute;s selon leur pr&eacute;nom alors qu&rsquo;on est cens&eacute; &ecirc;tre l&agrave; entre m&eacute;lomanes de go&ucirc;t et rigoureux fait peur pour l&rsquo;avenir du classement de disque traditionnel tel que nous l&rsquo;avons connu dans notre jeunesse.<\/p>\n<p style=\"text-align:right\">D&eacute;cid&eacute;ment tout fout l&rsquo;camp, ma pauvre Th&eacute;r&egrave;se.<\/p>\n","protected":false},"excerpt":{"rendered":"<p>Ch&acirc;teau de F&egrave;re, F&egrave;re-en-Tardenois, 26 septembre. &nbsp;The Flaming Lips &ndash; Powerless Black drowned coffee and home-made brownies. [This is all my body needs.] \/Edit&nbsp;: Le top des blogueurs 2009 est sorti, et outre le fait que leur top 20 ne recoupe pas du tout le mien &#8213;&nbsp;&ccedil;a arrive hein, n&rsquo;en faisons pas un drame&nbsp;&#8213;, leur&hellip;<\/p>\n","protected":false},"author":1,"featured_media":25627,"comment_status":"open","ping_status":"open","sticky":false,"template":"","format":"standard","meta":{"_acf_changed":false,"ngg_post_thumbnail":0,"jetpack_post_was_ever_published":false,"_jetpack_newsletter_access":"","_jetpack_dont_email_post_to_subs":false,"_jetpack_newsletter_tier_id":0,"_jetpack_memberships_contains_paywalled_content":false,"_jetpack_memberships_contains_paid_content":false,"footnotes":"","jetpack_publicize_message":"","jetpack_publicize_feature_enabled":true,"jetpack_social_post_already_shared":false,"jetpack_social_options":{"image_generator_settings":{"template":"highway","default_image_id":0,"font":"","enabled":false},"version":2}},"categories":[3],"tags":[10631,2571,2615,3292,10210,10120,10485,143,10632,10305,3316,10132,1150],"class_list":["post-5373","post","type-post","status-publish","format-standard","has-post-thumbnail","hentry","category-dpc","tag-aisne","tag-ef-16-35-mm-f28l-ii-usm","tag-eos-5d-mark-ii","tag-chateau-de-fere","tag-escalier","tag-france","tag-maison","tag-noir-et-blanc","tag-picardie","tag-porte","tag-powerless","tag-the-flaming-lips","tag-vieux"],"acf":[],"geo":{"latitude":49.2225304,"longitude":3.5329251,"description":null},"jetpack_publicize_connections":[],"jetpack_featured_media_url":"https:\/\/www.wallendorff.com\/belogue\/wp-content\/uploads\/2015\/04\/200912161.jpg","jetpack_shortlink":"https:\/\/wp.me\/p3b35P-1oF","jetpack_sharing_enabled":true,"jetpack-related-posts":[{"id":5277,"url":"https:\/\/www.wallendorff.com\/belogue\/2009\/12\/10\/eteins-je-art-dun-est-ce-toi-aux-dix-nerfs\/","url_meta":{"origin":5373,"position":0},"title":"\u00c9teins-je art d&rsquo;un ? Est-ce toi aux dix nerfs ?","author":"dpc","date":"10 d\u00e9cembre 2009","format":false,"excerpt":"Ch\u00e2teau de F\u00e8re, F\u00e8re-en-Tardenois, 26 septembre. \u00a0U2 \u2013 A Sort of Homecoming (live) ... Puis tu d\u00e9cides un beau matin que tu es tomb\u00e9 sur le ch\u00e2teau de The Unforgettable Fire, et ce m\u00eame si Kikip\u00e9dia pr\u00e9tend qu'il s'agit en vrai d'un autre.","rel":"","context":"Dans &quot;DPC&quot;","block_context":{"text":"DPC","link":"https:\/\/www.wallendorff.com\/belogue\/category\/dpc\/"},"img":{"alt_text":"","src":"https:\/\/i0.wp.com\/www.wallendorff.com\/belogue\/wp-content\/uploads\/2015\/04\/200912101.jpg?resize=350%2C200&ssl=1","width":350,"height":200},"classes":[]},{"id":5379,"url":"https:\/\/www.wallendorff.com\/belogue\/2009\/12\/17\/laisselle-leche-hart-mat-gyre1\/","url_meta":{"origin":5373,"position":1},"title":"L&rsquo;aisselle l\u00e8che hart, m\u00e2t gyre1.","author":"dpc","date":"17 d\u00e9cembre 2009","format":false,"excerpt":"Ch\u00e2teau de F\u00e8re, F\u00e8re-en-Tardenois, 26 septembre. \u00a0Woodpigeon \u2013 A Sad Country Ballad for a Tired Superhero Et comme tu es priv\u00e9 de sortie alors que dehors tombent de chouettes choses \u00e0 prendre en photo tu te consoles comme tu peux en regardant de vieux trucs et en priant pour que\u2026","rel":"","context":"Dans &quot;DPC&quot;","block_context":{"text":"DPC","link":"https:\/\/www.wallendorff.com\/belogue\/category\/dpc\/"},"img":{"alt_text":"","src":"https:\/\/i0.wp.com\/www.wallendorff.com\/belogue\/wp-content\/uploads\/2015\/04\/200912171.jpg?resize=350%2C200&ssl=1","width":350,"height":200},"classes":[]},{"id":5321,"url":"https:\/\/www.wallendorff.com\/belogue\/2009\/12\/13\/retors-a-lents-voyeurs\/","url_meta":{"origin":5373,"position":2},"title":"Retors \u00e0 lents voyeurs.","author":"dpc","date":"13 d\u00e9cembre 2009","format":false,"excerpt":"Ch\u00e2teau de F\u00e8re, F\u00e8re-en-Tardenois, 26 septembre. \u00a0Flogging Molly \u2013 Us of Lesser Gods","rel":"","context":"Dans &quot;DPC&quot;","block_context":{"text":"DPC","link":"https:\/\/www.wallendorff.com\/belogue\/category\/dpc\/"},"img":{"alt_text":"","src":"https:\/\/i0.wp.com\/www.wallendorff.com\/belogue\/wp-content\/uploads\/2015\/04\/200912131.jpg?resize=350%2C200&ssl=1","width":350,"height":200},"classes":[]},{"id":5260,"url":"https:\/\/www.wallendorff.com\/belogue\/2009\/12\/09\/cagnard-en-chai-nest\/","url_meta":{"origin":5373,"position":3},"title":"Cagnard en chai n&rsquo;est.","author":"dpc","date":"9 d\u00e9cembre 2009","format":false,"excerpt":"Ch\u00e2teau de F\u00e8re, F\u00e8re-en-Tardenois, 26 septembre. \u00a0Those Darlins \u2013 Who's That Knockin' at My Window? Y a des jours comme \u00e7a o\u00f9 paf sans rien demander tu tombes sur de vieux couloirs en forme de brownie g\u00e9ant. C'est quand m\u00eame fou, la vie.","rel":"","context":"Dans &quot;DPC&quot;","block_context":{"text":"DPC","link":"https:\/\/www.wallendorff.com\/belogue\/category\/dpc\/"},"img":{"alt_text":"","src":"https:\/\/i0.wp.com\/www.wallendorff.com\/belogue\/wp-content\/uploads\/2015\/04\/200912091.jpg?resize=350%2C200&ssl=1","width":350,"height":200},"classes":[]},{"id":5279,"url":"https:\/\/www.wallendorff.com\/belogue\/2009\/12\/11\/tchik\/","url_meta":{"origin":5373,"position":4},"title":"Tchik.","author":"dpc","date":"11 d\u00e9cembre 2009","format":false,"excerpt":"Ch\u00e2teau de F\u00e8re, F\u00e8re-en-Tardenois, 26 septembre. \u00a0Biffy Clyro \u2013 Booooom, Blast & Ruin \u00ab\u00a0Pourquoi Liam Gallagher ne se retourne-t-il jamais quand il marche dans la pr\u00e9fecture du Maine-et-Loire\u00a0? Parce que \u00e7a fait 15 ans qu'il entend son fr\u00e8re lui dire \u201cdon't look back in Angers\u201d.\u00a0\u00bb Ahah, ohoh, faut vraiment que\u2026","rel":"","context":"Dans &quot;DPC&quot;","block_context":{"text":"DPC","link":"https:\/\/www.wallendorff.com\/belogue\/category\/dpc\/"},"img":{"alt_text":"","src":"https:\/\/i0.wp.com\/www.wallendorff.com\/belogue\/wp-content\/uploads\/2015\/04\/200912111.jpg?resize=350%2C200&ssl=1","width":350,"height":200},"classes":[]},{"id":5410,"url":"https:\/\/www.wallendorff.com\/belogue\/2009\/12\/18\/a-lun-deux-lont\/","url_meta":{"origin":5373,"position":5},"title":"\u00c0 l&rsquo;un, deux l&rsquo;ont.","author":"dpc","date":"18 d\u00e9cembre 2009","format":false,"excerpt":"F\u00e8re-en-Tardenois, 27 septembre. \u00a0I Am Kloot \u2013 Avenue of Hope Les Lyonnais de The Fuzz proposent un chouette concours pour les gagner en concert chez toi dans ton salon1. C'est tr\u00e8s important que tu joues, le lecteur, car comme The Fuzz m'a promis une brouette de g\u00e2teaux, plein de b\u00e2dches\u2026","rel":"","context":"Dans &quot;DPC&quot;","block_context":{"text":"DPC","link":"https:\/\/www.wallendorff.com\/belogue\/category\/dpc\/"},"img":{"alt_text":"","src":"https:\/\/i0.wp.com\/www.wallendorff.com\/belogue\/wp-content\/uploads\/2015\/04\/200912181.jpg?resize=350%2C200&ssl=1","width":350,"height":200},"classes":[]}],"_links":{"self":[{"href":"https:\/\/www.wallendorff.com\/belogue\/wp-json\/wp\/v2\/posts\/5373","targetHints":{"allow":["GET"]}}],"collection":[{"href":"https:\/\/www.wallendorff.com\/belogue\/wp-json\/wp\/v2\/posts"}],"about":[{"href":"https:\/\/www.wallendorff.com\/belogue\/wp-json\/wp\/v2\/types\/post"}],"author":[{"embeddable":true,"href":"https:\/\/www.wallendorff.com\/belogue\/wp-json\/wp\/v2\/users\/1"}],"replies":[{"embeddable":true,"href":"https:\/\/www.wallendorff.com\/belogue\/wp-json\/wp\/v2\/comments?post=5373"}],"version-history":[{"count":1,"href":"https:\/\/www.wallendorff.com\/belogue\/wp-json\/wp\/v2\/posts\/5373\/revisions"}],"predecessor-version":[{"id":17859,"href":"https:\/\/www.wallendorff.com\/belogue\/wp-json\/wp\/v2\/posts\/5373\/revisions\/17859"}],"wp:featuredmedia":[{"embeddable":true,"href":"https:\/\/www.wallendorff.com\/belogue\/wp-json\/wp\/v2\/media\/25627"}],"wp:attachment":[{"href":"https:\/\/www.wallendorff.com\/belogue\/wp-json\/wp\/v2\/media?parent=5373"}],"wp:term":[{"taxonomy":"category","embeddable":true,"href":"https:\/\/www.wallendorff.com\/belogue\/wp-json\/wp\/v2\/categories?post=5373"},{"taxonomy":"post_tag","embeddable":true,"href":"https:\/\/www.wallendorff.com\/belogue\/wp-json\/wp\/v2\/tags?post=5373"}],"curies":[{"name":"wp","href":"https:\/\/api.w.org\/{rel}","templated":true}]}}