{"id":53537,"date":"2022-11-16T19:13:46","date_gmt":"2022-11-16T17:13:46","guid":{"rendered":"https:\/\/www.wallendorff.com\/belogue\/?p=53537"},"modified":"2022-11-16T19:39:19","modified_gmt":"2022-11-16T17:39:19","slug":"croissant-au-beurre","status":"publish","type":"post","link":"https:\/\/www.wallendorff.com\/belogue\/2022\/11\/16\/croissant-au-beurre\/","title":{"rendered":"Croissant au beurre."},"content":{"rendered":"\t\t<div data-elementor-type=\"wp-post\" data-elementor-id=\"53537\" class=\"elementor elementor-53537\" data-elementor-post-type=\"post\">\n\t\t\t\t\t\t<section class=\"elementor-section elementor-top-section elementor-element elementor-element-7bbd62f elementor-section-boxed elementor-section-height-default elementor-section-height-default\" data-id=\"7bbd62f\" data-element_type=\"section\" data-e-type=\"section\">\n\t\t\t\t\t\t<div class=\"elementor-container elementor-column-gap-default\">\n\t\t\t\t\t<div class=\"elementor-column elementor-col-100 elementor-top-column elementor-element elementor-element-7a479fb\" data-id=\"7a479fb\" data-element_type=\"column\" data-e-type=\"column\">\n\t\t\t<div class=\"elementor-widget-wrap elementor-element-populated\">\n\t\t\t\t\t\t<div class=\"elementor-element elementor-element-ed6c9bf elementor-widget elementor-widget-text-editor\" data-id=\"ed6c9bf\" data-element_type=\"widget\" data-e-type=\"widget\" data-widget_type=\"text-editor.default\">\n\t\t\t\t<div class=\"elementor-widget-container\">\n\t\t\t\t\t\t\t\t\t<div id=\"photo\">\n\n<img decoding=\"async\" src=\"https:\/\/www.wallendorff.com\/belogue\/wp-content\/uploads\/2022\/11\/20221116.jpg\" \/>\n\n<\/div>\t\t\t\t\t\t\t\t<\/div>\n\t\t\t\t<\/div>\n\t\t\t\t\t<\/div>\n\t\t<\/div>\n\t\t\t\t\t<\/div>\n\t\t<\/section>\n\t\t\t\t<section class=\"elementor-section elementor-top-section elementor-element elementor-element-d352968 elementor-section-boxed elementor-section-height-default elementor-section-height-default\" data-id=\"d352968\" data-element_type=\"section\" data-e-type=\"section\">\n\t\t\t\t\t\t<div class=\"elementor-container elementor-column-gap-default\">\n\t\t\t\t\t<div class=\"elementor-column elementor-col-100 elementor-top-column elementor-element elementor-element-0b4774a\" data-id=\"0b4774a\" data-element_type=\"column\" data-e-type=\"column\">\n\t\t\t<div class=\"elementor-widget-wrap elementor-element-populated\">\n\t\t\t\t\t\t<div class=\"elementor-element elementor-element-1fc7b37 elementor-widget elementor-widget-text-editor\" data-id=\"1fc7b37\" data-element_type=\"widget\" data-e-type=\"widget\" data-widget_type=\"text-editor.default\">\n\t\t\t\t<div class=\"elementor-widget-container\">\n\t\t\t\t\t\t\t\t\t<p style=\"text-align: right;\">D&rsquo;accord, en l&rsquo;occurrence c&rsquo;est pas un croissant, mais une pleine lune.<\/p><p style=\"text-align: right;\">Mais bon.<\/p><p style=\"text-align: right;\">J&rsquo;allais pas photoshoper la photo non plus rien que pour que son titre cadre, hein.<\/p>\t\t\t\t\t\t\t\t<\/div>\n\t\t\t\t<\/div>\n\t\t\t\t\t<\/div>\n\t\t<\/div>\n\t\t\t\t\t<\/div>\n\t\t<\/section>\n\t\t\t\t<\/div>\n\t\t","protected":false},"excerpt":{"rendered":"<p>D&rsquo;accord, en l&rsquo;occurrence c&rsquo;est pas un croissant, mais une pleine lune. Mais bon. J&rsquo;allais pas photoshoper la photo non plus rien que pour que son titre cadre, hein.<\/p>\n","protected":false},"author":1,"featured_media":53539,"comment_status":"open","ping_status":"open","sticky":false,"template":"","format":"standard","meta":{"_acf_changed":false,"ngg_post_thumbnail":0,"jetpack_post_was_ever_published":false,"_jetpack_newsletter_access":"","_jetpack_dont_email_post_to_subs":false,"_jetpack_newsletter_tier_id":0,"_jetpack_memberships_contains_paywalled_content":false,"_jetpack_memberships_contains_paid_content":false,"footnotes":"","jetpack_publicize_message":"","jetpack_publicize_feature_enabled":true,"jetpack_social_post_already_shared":true,"jetpack_social_options":{"image_generator_settings":{"template":"highway","default_image_id":0,"font":"","enabled":false},"version":2}},"categories":[7654],"tags":[10178,10313,10144,15878,14272,17908,10151,18194,10147,12197,18195],"class_list":["post-53537","post","type-post","status-publish","format-standard","has-post-thumbnail","hentry","category-dpc-en","tag-belgique","tag-bruxelles","tag-ciel","tag-fujifilm-x-t3","tag-fujinon-xf-18-55-mm-f2-8-4-r-lm-ois","tag-grandplace","tag-lune","tag-maison-du-roi","tag-nuit","tag-region-de-bruxelles-capitale","tag-rue-au-beurre"],"acf":[],"geo":{"latitude":50.8474655,"longitude":4.351747,"description":"Bruxelles, Bruxelles-Capitale, 1000, BE"},"jetpack_publicize_connections":[],"jetpack_featured_media_url":"https:\/\/www.wallendorff.com\/belogue\/wp-content\/uploads\/2022\/11\/20221116.jpg","jetpack_shortlink":"https:\/\/wp.me\/p3b35P-dVv","jetpack_sharing_enabled":true,"jetpack-related-posts":[{"id":7423,"url":"https:\/\/www.wallendorff.com\/belogue\/2010\/04\/23\/tous-chateaux-queut\/","url_meta":{"origin":53537,"position":0},"title":"Tous ch\u00e2teaux qu&rsquo;eut.","author":"dpc","date":"23 avril 2010","format":false,"excerpt":"Ch\u00e2teau de Dieppe, 21 mars. B\u00e2ti au XIIe si\u00e8cle, d\u00e9moli dans la foul\u00e9e, reb\u00e2ti au XIVe si\u00e8cle puis red\u00e9truit au XVIIe, le ch\u00e2teau de Dieppe, surplombant la ville de Dieppe au bord de la mer de Dieppe dans la r\u00e9gion de Dieppe, pr\u00e9sente la particularit\u00e9 d'\u00eatre l'un des rares ch\u00e2teaux\u2026","rel":"","context":"Dans &quot;DPC&quot;","block_context":{"text":"DPC","link":"https:\/\/www.wallendorff.com\/belogue\/category\/dpc\/"},"img":{"alt_text":"","src":"https:\/\/i0.wp.com\/www.wallendorff.com\/belogue\/wp-content\/uploads\/2015\/04\/201004231.jpg?resize=350%2C200&ssl=1","width":350,"height":200},"classes":[]},{"id":907,"url":"https:\/\/www.wallendorff.com\/belogue\/2007\/03\/05\/malibu-stacy-l-ancienne-belgique-bruxelles\/","url_meta":{"origin":53537,"position":1},"title":"Malibu Stacy @ l&rsquo;Ancienne Belgique, Bruxelles.","author":"dpc","date":"5 mars 2007","format":false,"excerpt":"En th\u00e9orie le concept est louable\u00a0: la Communaut\u00e9 Wallonne et sa cons\u0153ur Flamande d\u00e9cident de se m\u00e9langer un peu en organisant deux soir\u00e9es \u00e0 l'AB \u2015\u00a0financ\u00e9 par les Flamands\u00a0\u2015 et au Botanique \u2015\u00a0soutenu par les Wallons\u00a0\u2015, avec des groupes des deux provinces et par cons\u00e9quent leurs publics associ\u00e9s, deux soirs\u2026","rel":"","context":"Dans &quot;Alive&quot;","block_context":{"text":"Alive","link":"https:\/\/www.wallendorff.com\/belogue\/category\/alive\/"},"img":{"alt_text":"","src":"https:\/\/i0.wp.com\/www.wallendorff.com\/belogue\/wp-content\/uploads\/2015\/04\/200703031.jpg?resize=350%2C200&ssl=1","width":350,"height":200},"classes":[]},{"id":53474,"url":"https:\/\/www.wallendorff.com\/belogue\/2022\/11\/09\/tcho-bruxelles\/","url_meta":{"origin":53537,"position":2},"title":"Tch\u00f4 Bruxelles.","author":"dpc","date":"9 novembre 2022","format":false,"excerpt":"","rel":"","context":"Dans &quot;DPC&quot;","block_context":{"text":"DPC","link":"https:\/\/www.wallendorff.com\/belogue\/category\/dpc\/"},"img":{"alt_text":"","src":"https:\/\/i0.wp.com\/www.wallendorff.com\/belogue\/wp-content\/uploads\/2022\/11\/20221109-05.jpg?resize=350%2C200&ssl=1","width":350,"height":200,"srcset":"https:\/\/i0.wp.com\/www.wallendorff.com\/belogue\/wp-content\/uploads\/2022\/11\/20221109-05.jpg?resize=350%2C200&ssl=1 1x, https:\/\/i0.wp.com\/www.wallendorff.com\/belogue\/wp-content\/uploads\/2022\/11\/20221109-05.jpg?resize=525%2C300&ssl=1 1.5x, https:\/\/i0.wp.com\/www.wallendorff.com\/belogue\/wp-content\/uploads\/2022\/11\/20221109-05.jpg?resize=700%2C400&ssl=1 2x, https:\/\/i0.wp.com\/www.wallendorff.com\/belogue\/wp-content\/uploads\/2022\/11\/20221109-05.jpg?resize=1050%2C600&ssl=1 3x"},"classes":[]},{"id":79,"url":"https:\/\/www.wallendorff.com\/belogue\/2005\/08\/29\/embrasure-en-bras-surs\/","url_meta":{"origin":53537,"position":3},"title":"Embrasure [en bras s&ucirc;rs].","author":"dpc","date":"29 ao\u00fbt 2005","format":false,"excerpt":"Cath\u00e9drale Sts-Michel-et-Gudule1, Bruxelles, 13 ao\u00fbt. [Je vous laisse enjouir2 la jolie reprise du lundi.] \u00a0Dynamite Boy \u2013 Sweet Child o'Mine (Guns N' Roses cover) (live) _____ 1 On ne choisit pas son pr\u00e9nom, hein. 2 Ah ah, quel beau verbe.","rel":"","context":"Dans &quot;DPC&quot;","block_context":{"text":"DPC","link":"https:\/\/www.wallendorff.com\/belogue\/category\/dpc\/"},"img":{"alt_text":"","src":"https:\/\/i0.wp.com\/www.wallendorff.com\/belogue\/wp-content\/uploads\/2015\/04\/200508291.jpg?resize=350%2C200&ssl=1","width":350,"height":200},"classes":[]},{"id":53512,"url":"https:\/\/www.wallendorff.com\/belogue\/2022\/11\/14\/50-50-50\/","url_meta":{"origin":53537,"position":4},"title":"50, (50 \u2013 50).","author":"dpc","date":"14 novembre 2022","format":false,"excerpt":"J\u2019en vois au fond lever le doigt et me dire\u00a0: \u00ab\u00a0moi qui vais souvent voir les arcades du Cinquantenaire, d\u00e9couvrir un tel prodige ne laisse pas de m'\u00e9baubir. Voil\u00e0 bel et bien la toute premi\u00e8re fois que je les vois ainsi d\u00e9gag\u00e9es de toute automobile. Mais comment as-tu vid\u00e9 la\u2026","rel":"","context":"Dans &quot;DPC&quot;","block_context":{"text":"DPC","link":"https:\/\/www.wallendorff.com\/belogue\/category\/dpc-en\/"},"img":{"alt_text":"","src":"https:\/\/i0.wp.com\/www.wallendorff.com\/belogue\/wp-content\/uploads\/2022\/11\/20221114.jpg?resize=350%2C200&ssl=1","width":350,"height":200,"srcset":"https:\/\/i0.wp.com\/www.wallendorff.com\/belogue\/wp-content\/uploads\/2022\/11\/20221114.jpg?resize=350%2C200&ssl=1 1x, https:\/\/i0.wp.com\/www.wallendorff.com\/belogue\/wp-content\/uploads\/2022\/11\/20221114.jpg?resize=525%2C300&ssl=1 1.5x, https:\/\/i0.wp.com\/www.wallendorff.com\/belogue\/wp-content\/uploads\/2022\/11\/20221114.jpg?resize=700%2C400&ssl=1 2x, https:\/\/i0.wp.com\/www.wallendorff.com\/belogue\/wp-content\/uploads\/2022\/11\/20221114.jpg?resize=1050%2C600&ssl=1 3x"},"classes":[]},{"id":7501,"url":"https:\/\/www.wallendorff.com\/belogue\/2010\/05\/06\/bru-dansait-mere-deux-surtait\/","url_meta":{"origin":53537,"position":5},"title":"Bru dansait ; m\u00e8re d&rsquo;eux sortait.","author":"dpc","date":"6 mai 2010","format":false,"excerpt":"Rue Pierre Semard, Paris, 1er avril. Version color\u00e9e\u00a0; nocturne\u00a0; parisienne\u00a0; mise au point\u00a0; et s\u00e8che\u00a0; de \u00e7a, donc. [Ce billet vous \u00e9tait offert par l'association de soutien au point-virgule.] \u00a0James Murphy \u2013 If You Need a Friend","rel":"","context":"Dans &quot;DPC&quot;","block_context":{"text":"DPC","link":"https:\/\/www.wallendorff.com\/belogue\/category\/dpc\/"},"img":{"alt_text":"","src":"https:\/\/i0.wp.com\/www.wallendorff.com\/belogue\/wp-content\/uploads\/2015\/04\/201005061.jpg?resize=350%2C200&ssl=1","width":350,"height":200},"classes":[]}],"_links":{"self":[{"href":"https:\/\/www.wallendorff.com\/belogue\/wp-json\/wp\/v2\/posts\/53537","targetHints":{"allow":["GET"]}}],"collection":[{"href":"https:\/\/www.wallendorff.com\/belogue\/wp-json\/wp\/v2\/posts"}],"about":[{"href":"https:\/\/www.wallendorff.com\/belogue\/wp-json\/wp\/v2\/types\/post"}],"author":[{"embeddable":true,"href":"https:\/\/www.wallendorff.com\/belogue\/wp-json\/wp\/v2\/users\/1"}],"replies":[{"embeddable":true,"href":"https:\/\/www.wallendorff.com\/belogue\/wp-json\/wp\/v2\/comments?post=53537"}],"version-history":[{"count":8,"href":"https:\/\/www.wallendorff.com\/belogue\/wp-json\/wp\/v2\/posts\/53537\/revisions"}],"predecessor-version":[{"id":53546,"href":"https:\/\/www.wallendorff.com\/belogue\/wp-json\/wp\/v2\/posts\/53537\/revisions\/53546"}],"wp:featuredmedia":[{"embeddable":true,"href":"https:\/\/www.wallendorff.com\/belogue\/wp-json\/wp\/v2\/media\/53539"}],"wp:attachment":[{"href":"https:\/\/www.wallendorff.com\/belogue\/wp-json\/wp\/v2\/media?parent=53537"}],"wp:term":[{"taxonomy":"category","embeddable":true,"href":"https:\/\/www.wallendorff.com\/belogue\/wp-json\/wp\/v2\/categories?post=53537"},{"taxonomy":"post_tag","embeddable":true,"href":"https:\/\/www.wallendorff.com\/belogue\/wp-json\/wp\/v2\/tags?post=53537"}],"curies":[{"name":"wp","href":"https:\/\/api.w.org\/{rel}","templated":true}]}}