{"id":5279,"date":"2009-12-11T09:58:01","date_gmt":"2009-12-11T08:58:01","guid":{"rendered":"http:\/\/www.po-l.com\/belogue\/?p=5279"},"modified":"2012-08-20T12:00:33","modified_gmt":"2012-08-20T10:00:33","slug":"tchik","status":"publish","type":"post","link":"https:\/\/www.wallendorff.com\/belogue\/2009\/12\/11\/tchik\/","title":{"rendered":"Tchik."},"content":{"rendered":"<div id=\"photo\">\n<p><img decoding=\"async\" src=\"https:\/\/www.wallendorff.com\/belogue\/photo\/2009\/12\/20091211.jpg\" \/><br \/>\nCh&acirc;teau de F&egrave;re, F&egrave;re-en-Tardenois, 26 septembre.<\/p>\n<\/div>\n<div id=\"bandeson\">\n<p><img decoding=\"async\" src=\"https:\/\/www.wallendorff.com\/belogue\/photo\/pochettes\/b\/biffy_clyro-only_revolutions.jpg\" align=\"left\" \/>&nbsp;<a href=\"http:\/\/www.biffyclyro.com\/\">Biffy Clyro<\/a> &ndash; <em>Booooom, Blast &amp; Ruin<\/em><\/p>\n<\/div>\n<p style=\"text-align:right\">&laquo;&nbsp;Pourquoi Liam Gallagher ne se retourne-t-il jamais quand il marche dans la pr&eacute;fecture du Maine-et-Loire&nbsp;?<\/p>\n<p style=\"text-align:right\">Parce que &ccedil;a fait 15 ans qu&rsquo;il entend son fr&egrave;re lui dire &ldquo;don&rsquo;t look back in Angers&rdquo;.&nbsp;&raquo;<\/p>\n<p style=\"text-align:right\">Ahah, ohoh, faut vraiment que je postule chez les Grosses T&ecirc;tes, dis donc.<\/p>\n","protected":false},"excerpt":{"rendered":"<p>Ch&acirc;teau de F&egrave;re, F&egrave;re-en-Tardenois, 26 septembre. &nbsp;Biffy Clyro &ndash; Booooom, Blast &amp; Ruin &laquo;&nbsp;Pourquoi Liam Gallagher ne se retourne-t-il jamais quand il marche dans la pr&eacute;fecture du Maine-et-Loire&nbsp;? Parce que &ccedil;a fait 15 ans qu&rsquo;il entend son fr&egrave;re lui dire &ldquo;don&rsquo;t look back in Angers&rdquo;.&nbsp;&raquo; Ahah, ohoh, faut vraiment que je postule chez les Grosses&hellip;<\/p>\n","protected":false},"author":1,"featured_media":25622,"comment_status":"open","ping_status":"open","sticky":false,"template":"","format":"standard","meta":{"_acf_changed":false,"ngg_post_thumbnail":0,"jetpack_post_was_ever_published":false,"_jetpack_newsletter_access":"","_jetpack_dont_email_post_to_subs":false,"_jetpack_newsletter_tier_id":0,"_jetpack_memberships_contains_paywalled_content":false,"_jetpack_memberships_contains_paid_content":false,"footnotes":"","jetpack_publicize_message":"","jetpack_publicize_feature_enabled":true,"jetpack_social_post_already_shared":false,"jetpack_social_options":{"image_generator_settings":{"template":"highway","default_image_id":0,"font":"","enabled":false},"version":2}},"categories":[3],"tags":[10631,10529,3300,2571,2615,3292,10307,3293,10120,10499,10632],"class_list":["post-5279","post","type-post","status-publish","format-standard","has-post-thumbnail","hentry","category-dpc","tag-aisne","tag-biffy-clyro","tag-booooom-blast-ruin","tag-ef-16-35-mm-f28l-ii-usm","tag-eos-5d-mark-ii","tag-chateau-de-fere","tag-fenetre","tag-fere-en-tardenois","tag-france","tag-ombre","tag-picardie"],"acf":[],"geo":{"latitude":49.2225304,"longitude":3.5329251,"description":null},"jetpack_publicize_connections":[],"jetpack_featured_media_url":"https:\/\/www.wallendorff.com\/belogue\/wp-content\/uploads\/2015\/04\/200912111.jpg","jetpack_shortlink":"https:\/\/wp.me\/s3b35P-tchik","jetpack_sharing_enabled":true,"jetpack-related-posts":[{"id":5321,"url":"https:\/\/www.wallendorff.com\/belogue\/2009\/12\/13\/retors-a-lents-voyeurs\/","url_meta":{"origin":5279,"position":0},"title":"Retors \u00e0 lents voyeurs.","author":"dpc","date":"13 d\u00e9cembre 2009","format":false,"excerpt":"Ch\u00e2teau de F\u00e8re, F\u00e8re-en-Tardenois, 26 septembre. \u00a0Flogging Molly \u2013 Us of Lesser Gods","rel":"","context":"Dans &quot;DPC&quot;","block_context":{"text":"DPC","link":"https:\/\/www.wallendorff.com\/belogue\/category\/dpc\/"},"img":{"alt_text":"","src":"https:\/\/i0.wp.com\/www.wallendorff.com\/belogue\/wp-content\/uploads\/2015\/04\/200912131.jpg?resize=350%2C200&ssl=1","width":350,"height":200},"classes":[]},{"id":5277,"url":"https:\/\/www.wallendorff.com\/belogue\/2009\/12\/10\/eteins-je-art-dun-est-ce-toi-aux-dix-nerfs\/","url_meta":{"origin":5279,"position":1},"title":"\u00c9teins-je art d&rsquo;un ? Est-ce toi aux dix nerfs ?","author":"dpc","date":"10 d\u00e9cembre 2009","format":false,"excerpt":"Ch\u00e2teau de F\u00e8re, F\u00e8re-en-Tardenois, 26 septembre. \u00a0U2 \u2013 A Sort of Homecoming (live) ... Puis tu d\u00e9cides un beau matin que tu es tomb\u00e9 sur le ch\u00e2teau de The Unforgettable Fire, et ce m\u00eame si Kikip\u00e9dia pr\u00e9tend qu'il s'agit en vrai d'un autre.","rel":"","context":"Dans &quot;DPC&quot;","block_context":{"text":"DPC","link":"https:\/\/www.wallendorff.com\/belogue\/category\/dpc\/"},"img":{"alt_text":"","src":"https:\/\/i0.wp.com\/www.wallendorff.com\/belogue\/wp-content\/uploads\/2015\/04\/200912101.jpg?resize=350%2C200&ssl=1","width":350,"height":200},"classes":[]},{"id":5260,"url":"https:\/\/www.wallendorff.com\/belogue\/2009\/12\/09\/cagnard-en-chai-nest\/","url_meta":{"origin":5279,"position":2},"title":"Cagnard en chai n&rsquo;est.","author":"dpc","date":"9 d\u00e9cembre 2009","format":false,"excerpt":"Ch\u00e2teau de F\u00e8re, F\u00e8re-en-Tardenois, 26 septembre. \u00a0Those Darlins \u2013 Who's That Knockin' at My Window? Y a des jours comme \u00e7a o\u00f9 paf sans rien demander tu tombes sur de vieux couloirs en forme de brownie g\u00e9ant. C'est quand m\u00eame fou, la vie.","rel":"","context":"Dans &quot;DPC&quot;","block_context":{"text":"DPC","link":"https:\/\/www.wallendorff.com\/belogue\/category\/dpc\/"},"img":{"alt_text":"","src":"https:\/\/i0.wp.com\/www.wallendorff.com\/belogue\/wp-content\/uploads\/2015\/04\/200912091.jpg?resize=350%2C200&ssl=1","width":350,"height":200},"classes":[]},{"id":19650,"url":"https:\/\/www.wallendorff.com\/belogue\/2012\/11\/27\/biffy-clyro-triggerfinger-le-divan-du-monde-paris\/","url_meta":{"origin":5279,"position":3},"title":"Biffy Clyro + Triggerfinger @ le Divan du Monde, Paris.","author":"dpc","date":"27 novembre 2012","format":false,"excerpt":"Stingin' Belle | The Captain | 27 | Modern Magic Formula | Folding Stars | Victory Over the Sun | A Whole Child Ago | Strung to Your Ribcase | God & Satan | Who's Got a Match? | The Joke's on Us | Bubbles | Black Chandelier | Liberate\u2026","rel":"","context":"Dans &quot;Alive&quot;","block_context":{"text":"Alive","link":"https:\/\/www.wallendorff.com\/belogue\/category\/alive\/"},"img":{"alt_text":"","src":"https:\/\/i0.wp.com\/www.wallendorff.com\/belogue\/wp-content\/uploads\/2015\/04\/201211271.jpg?resize=350%2C200&ssl=1","width":350,"height":200,"srcset":"https:\/\/i0.wp.com\/www.wallendorff.com\/belogue\/wp-content\/uploads\/2015\/04\/201211271.jpg?resize=350%2C200&ssl=1 1x, https:\/\/i0.wp.com\/www.wallendorff.com\/belogue\/wp-content\/uploads\/2015\/04\/201211271.jpg?resize=525%2C300&ssl=1 1.5x, https:\/\/i0.wp.com\/www.wallendorff.com\/belogue\/wp-content\/uploads\/2015\/04\/201211271.jpg?resize=700%2C400&ssl=1 2x"},"classes":[]},{"id":5379,"url":"https:\/\/www.wallendorff.com\/belogue\/2009\/12\/17\/laisselle-leche-hart-mat-gyre1\/","url_meta":{"origin":5279,"position":4},"title":"L&rsquo;aisselle l\u00e8che hart, m\u00e2t gyre1.","author":"dpc","date":"17 d\u00e9cembre 2009","format":false,"excerpt":"Ch\u00e2teau de F\u00e8re, F\u00e8re-en-Tardenois, 26 septembre. \u00a0Woodpigeon \u2013 A Sad Country Ballad for a Tired Superhero Et comme tu es priv\u00e9 de sortie alors que dehors tombent de chouettes choses \u00e0 prendre en photo tu te consoles comme tu peux en regardant de vieux trucs et en priant pour que\u2026","rel":"","context":"Dans &quot;DPC&quot;","block_context":{"text":"DPC","link":"https:\/\/www.wallendorff.com\/belogue\/category\/dpc\/"},"img":{"alt_text":"","src":"https:\/\/i0.wp.com\/www.wallendorff.com\/belogue\/wp-content\/uploads\/2015\/04\/200912171.jpg?resize=350%2C200&ssl=1","width":350,"height":200},"classes":[]},{"id":5373,"url":"https:\/\/www.wallendorff.com\/belogue\/2009\/12\/16\/it-only-happens-if-you-try\/","url_meta":{"origin":5279,"position":5},"title":"It only happens if you try.","author":"dpc","date":"16 d\u00e9cembre 2009","format":false,"excerpt":"Ch\u00e2teau de F\u00e8re, F\u00e8re-en-Tardenois, 26 septembre. \u00a0The Flaming Lips \u2013 Powerless Black drowned coffee and home-made brownies. [This is all my body needs.] \/Edit\u00a0: Le top des blogueurs 2009 est sorti, et outre le fait que leur top 20 ne recoupe pas du tout le mien \u2015\u00a0\u00e7a arrive hein, n'en\u2026","rel":"","context":"Dans &quot;DPC&quot;","block_context":{"text":"DPC","link":"https:\/\/www.wallendorff.com\/belogue\/category\/dpc\/"},"img":{"alt_text":"","src":"https:\/\/i0.wp.com\/www.wallendorff.com\/belogue\/wp-content\/uploads\/2015\/04\/200912161.jpg?resize=350%2C200&ssl=1","width":350,"height":200},"classes":[]}],"_links":{"self":[{"href":"https:\/\/www.wallendorff.com\/belogue\/wp-json\/wp\/v2\/posts\/5279","targetHints":{"allow":["GET"]}}],"collection":[{"href":"https:\/\/www.wallendorff.com\/belogue\/wp-json\/wp\/v2\/posts"}],"about":[{"href":"https:\/\/www.wallendorff.com\/belogue\/wp-json\/wp\/v2\/types\/post"}],"author":[{"embeddable":true,"href":"https:\/\/www.wallendorff.com\/belogue\/wp-json\/wp\/v2\/users\/1"}],"replies":[{"embeddable":true,"href":"https:\/\/www.wallendorff.com\/belogue\/wp-json\/wp\/v2\/comments?post=5279"}],"version-history":[{"count":1,"href":"https:\/\/www.wallendorff.com\/belogue\/wp-json\/wp\/v2\/posts\/5279\/revisions"}],"predecessor-version":[{"id":18694,"href":"https:\/\/www.wallendorff.com\/belogue\/wp-json\/wp\/v2\/posts\/5279\/revisions\/18694"}],"wp:featuredmedia":[{"embeddable":true,"href":"https:\/\/www.wallendorff.com\/belogue\/wp-json\/wp\/v2\/media\/25622"}],"wp:attachment":[{"href":"https:\/\/www.wallendorff.com\/belogue\/wp-json\/wp\/v2\/media?parent=5279"}],"wp:term":[{"taxonomy":"category","embeddable":true,"href":"https:\/\/www.wallendorff.com\/belogue\/wp-json\/wp\/v2\/categories?post=5279"},{"taxonomy":"post_tag","embeddable":true,"href":"https:\/\/www.wallendorff.com\/belogue\/wp-json\/wp\/v2\/tags?post=5279"}],"curies":[{"name":"wp","href":"https:\/\/api.w.org\/{rel}","templated":true}]}}