{"id":526,"date":"2004-12-21T13:01:53","date_gmt":"2004-12-21T13:01:53","guid":{"rendered":"http:\/\/www.po-l.com\/wordpress\/?p=526"},"modified":"2012-01-01T23:22:53","modified_gmt":"2012-01-01T21:22:53","slug":"cause-we-find-ourselves-in-the-same-old-metz","status":"publish","type":"post","link":"https:\/\/www.wallendorff.com\/belogue\/2004\/12\/21\/cause-we-find-ourselves-in-the-same-old-metz\/","title":{"rendered":"&lsquo;Cause we find ourselves in the same old Metz&#8230;"},"content":{"rendered":"\n<div id=\"photo\">\n<p><img decoding=\"async\" src=\"http:\/\/www.po-L.com\/belogue\/photo\/2004\/12\/48.jpg\"\/><\/p>\n<\/p><\/div>\n<p style=\"text-align:right\">&#8230; singing drunken lullabies.<\/p>\n<p>lalala&#8230;<\/p>\n<p>\u00c7a fait toujours &ccedil;a la hixi&egrave;me fois.<\/p>\n<p>[\/Edit&nbsp;: sans H on aurait cru que j&rsquo;avais fait une faute &agrave; sixi&egrave;me, &laquo;&nbsp;x<sup>e<\/sup>&nbsp;&raquo; on aurait jamais lu &ccedil;a comme ixi&egrave;me et X<sup>e<\/sup> &ccedil;a faisait X<sup>e<\/sup> si&egrave;cle. Alors hixi&egrave;me. C&rsquo;est dur, le fran&ccedil;ais.]<\/p>\n<div id=\"bandeson\">\n<p><img decoding=\"async\" src=\"https:\/\/www.wallendorff.com\/belogue\/photo\/pochettes\/s\/smith_elliott-from_a_basement_on_the_hill.jpg\" align=\"left\" \/>&nbsp;<a href=\"http:\/\/www.sweetadeline.net\">Eliott Smith<\/a> &ndash; <em>Let&rsquo;s Get Lost<\/em><\/p>\n<\/p><\/div>\n","protected":false},"excerpt":{"rendered":"<p>&#8230; singing drunken lullabies. lalala&#8230; \u00c7a fait toujours &ccedil;a la hixi&egrave;me fois. [\/Edit&nbsp;: sans H on aurait cru que j&rsquo;avais fait une faute &agrave; sixi&egrave;me, &laquo;&nbsp;xe&nbsp;&raquo; on aurait jamais lu &ccedil;a comme ixi&egrave;me et Xe &ccedil;a faisait Xe si&egrave;cle. Alors hixi&egrave;me. C&rsquo;est dur, le fran&ccedil;ais.] &nbsp;Eliott Smith &ndash; Let&rsquo;s Get Lost<\/p>\n","protected":false},"author":1,"featured_media":24464,"comment_status":"open","ping_status":"open","sticky":false,"template":"","format":"standard","meta":{"_acf_changed":false,"ngg_post_thumbnail":0,"jetpack_post_was_ever_published":false,"_jetpack_newsletter_access":"","_jetpack_dont_email_post_to_subs":false,"_jetpack_newsletter_tier_id":0,"_jetpack_memberships_contains_paywalled_content":false,"_jetpack_memberships_contains_paid_content":false,"footnotes":"","jetpack_publicize_message":"","jetpack_publicize_feature_enabled":true,"jetpack_social_post_already_shared":false,"jetpack_social_options":{"image_generator_settings":{"template":"highway","default_image_id":0,"font":"","enabled":false},"version":2}},"categories":[3],"tags":[155,132,10743,417,10238,714,10120,715,10175,10151,10173,10174,10147],"class_list":["post-526","post","type-post","status-publish","format-standard","has-post-thumbnail","hentry","category-dpc","tag-ef-s-18-55-mm-f35-56-ii","tag-eos-20d","tag-cathedrale","tag-cathedrale-saint-etienne","tag-eglise","tag-elliott-smith","tag-france","tag-lets-get-lost","tag-lorraine","tag-lune","tag-metz","tag-moselle","tag-nuit"],"acf":[],"geo":{"latitude":49.1219215,"longitude":6.1752772,"description":"10-11 Place de la Pr\u00e9fecture, 57000 Metz, France"},"jetpack_publicize_connections":[],"jetpack_featured_media_url":"https:\/\/www.wallendorff.com\/belogue\/wp-content\/uploads\/2015\/04\/485.jpg","jetpack_shortlink":"https:\/\/wp.me\/p3b35P-8u","jetpack_sharing_enabled":true,"jetpack-related-posts":[{"id":11329,"url":"https:\/\/www.wallendorff.com\/belogue\/2011\/01\/10\/la-loupe\/","url_meta":{"origin":526,"position":0},"title":"La loupe.","author":"dpc","date":"10 janvier 2011","format":false,"excerpt":"Centre Pompidou-Metz, Metz, 8 novembre 2010. Et plus tu t'\u00e9loignes et plus la cath\u00e9drale devient \u00e9norme au point de vouloir te manger [ou un truc comme \u00e7a]. Je sais pas comment ils ont fait leur truc, mais c'trop bath. \u00a0Fredrik \u2013 White on White","rel":"","context":"Dans &quot;DPC&quot;","block_context":{"text":"DPC","link":"https:\/\/www.wallendorff.com\/belogue\/category\/dpc\/"},"img":{"alt_text":"","src":"https:\/\/i0.wp.com\/www.wallendorff.com\/belogue\/wp-content\/uploads\/2015\/04\/201101101.jpg?resize=350%2C200&ssl=1","width":350,"height":200},"classes":[]},{"id":784,"url":"https:\/\/www.wallendorff.com\/belogue\/2006\/09\/11\/lundi\/","url_meta":{"origin":526,"position":1},"title":"Lundi.","author":"dpc","date":"11 septembre 2006","format":false,"excerpt":"Cath\u00e9drale Saint-\u00c9tienne1, Metz, 9 septembre. Les retours aux sources, c'est chouette, m\u00eame si le lendemain \u00e7a fait mal \u00e0 la t\u00eate. \u00a0Interpol \u2013 Hands Aways (live KCRW July 29th, 2002) _____ 1Allez, allez, allez.","rel":"","context":"Dans &quot;DPC&quot;","block_context":{"text":"DPC","link":"https:\/\/www.wallendorff.com\/belogue\/category\/dpc\/"},"img":{"alt_text":"","src":"https:\/\/i0.wp.com\/www.wallendorff.com\/belogue\/wp-content\/uploads\/2015\/04\/200609111.jpg?resize=350%2C200&ssl=1","width":350,"height":200},"classes":[]},{"id":439,"url":"https:\/\/www.wallendorff.com\/belogue\/2005\/03\/15\/ca-m-isole-de-force\/","url_meta":{"origin":526,"position":2},"title":"&Ccedil;a m&rsquo;isole de force.","author":"dpc","date":"15 mars 2005","format":false,"excerpt":"Cath\u00e9drale Saint-\u00c9tienne, Metz, 10 mars. La bande-son sort de l\u00e0, y en a tout un album, je vous le conseille fortement. \u00a0Depeche Mode \u2013 Death's Door (Raph piano mix)","rel":"","context":"Dans &quot;DPC&quot;","block_context":{"text":"DPC","link":"https:\/\/www.wallendorff.com\/belogue\/category\/dpc\/"},"img":{"alt_text":"","src":"https:\/\/i0.wp.com\/www.wallendorff.com\/belogue\/wp-content\/uploads\/2015\/04\/20050315-011.jpg?resize=350%2C200&ssl=1","width":350,"height":200},"classes":[]},{"id":29912,"url":"https:\/\/www.wallendorff.com\/belogue\/2015\/12\/31\/2015\/","url_meta":{"origin":526,"position":3},"title":"2015.","author":"dpc","date":"31 d\u00e9cembre 2015","format":false,"excerpt":"Metz, 26 d\u00e9cembre 2015. The years go by so fast, Let's hope the next beats the last. Les pr\u00e9c\u00e9dentes l\u00e0 et l\u00e0 et l\u00e0 et l\u00e0 et l\u00e0 et l\u00e0 et l\u00e0 aussi. Pas la meilleure ann\u00e9e du si\u00e8cle, en somme. Allez. Dans quelques heures, nous passerons \u00e0 autre chose.\u2026","rel":"","context":"Dans &quot;Into the wide&quot;","block_context":{"text":"Into the wide","link":"https:\/\/www.wallendorff.com\/belogue\/category\/into-the-wide\/"},"img":{"alt_text":"","src":"https:\/\/i0.wp.com\/www.wallendorff.com\/belogue\/wp-content\/uploads\/2015\/12\/20151231.jpg?resize=350%2C200&ssl=1","width":350,"height":200,"srcset":"https:\/\/i0.wp.com\/www.wallendorff.com\/belogue\/wp-content\/uploads\/2015\/12\/20151231.jpg?resize=350%2C200&ssl=1 1x, https:\/\/i0.wp.com\/www.wallendorff.com\/belogue\/wp-content\/uploads\/2015\/12\/20151231.jpg?resize=525%2C300&ssl=1 1.5x, https:\/\/i0.wp.com\/www.wallendorff.com\/belogue\/wp-content\/uploads\/2015\/12\/20151231.jpg?resize=700%2C400&ssl=1 2x"},"classes":[]},{"id":33359,"url":"https:\/\/www.wallendorff.com\/belogue\/2016\/12\/31\/2016\/","url_meta":{"origin":526,"position":4},"title":"2016.","author":"dpc","date":"31 d\u00e9cembre 2016","format":false,"excerpt":"Metz, 26 d\u00e9cembre 2016.Into the wide #87 The years go by so fast, Let's hope the next beats the last. [Les pr\u00e9c\u00e9dentes l\u00e0 et l\u00e0 et l\u00e0 et l\u00e0 et l\u00e0 et l\u00e0 et l\u00e0 et l\u00e0 aussi.] Et repasser par le m\u00eame endroit, puisqu'on le peut. Bon r\u00e9veillon \u00e0\u2026","rel":"","context":"Dans &quot;Into the wide&quot;","block_context":{"text":"Into the wide","link":"https:\/\/www.wallendorff.com\/belogue\/category\/into-the-wide\/"},"img":{"alt_text":"","src":"https:\/\/i0.wp.com\/www.wallendorff.com\/belogue\/wp-content\/uploads\/2016\/12\/20161231.jpg?resize=350%2C200&ssl=1","width":350,"height":200,"srcset":"https:\/\/i0.wp.com\/www.wallendorff.com\/belogue\/wp-content\/uploads\/2016\/12\/20161231.jpg?resize=350%2C200&ssl=1 1x, https:\/\/i0.wp.com\/www.wallendorff.com\/belogue\/wp-content\/uploads\/2016\/12\/20161231.jpg?resize=525%2C300&ssl=1 1.5x, https:\/\/i0.wp.com\/www.wallendorff.com\/belogue\/wp-content\/uploads\/2016\/12\/20161231.jpg?resize=700%2C400&ssl=1 2x"},"classes":[]},{"id":36850,"url":"https:\/\/www.wallendorff.com\/belogue\/2017\/12\/31\/2017\/","url_meta":{"origin":526,"position":5},"title":"2017.","author":"dpc","date":"31 d\u00e9cembre 2017","format":false,"excerpt":"Metz, 26 d\u00e9cembre 2017.Into the wide #127 The years go by so fast, Let's hope the next beats the last. [Les pr\u00e9c\u00e9dentes l\u00e0 et l\u00e0 et l\u00e0 et l\u00e0 et l\u00e0 et l\u00e0 et l\u00e0 et l\u00e0 et l\u00e0 aussi.] Sur ce, allons boire des coups. Bon r\u00e9veillon \u00e0 tous.\u2026","rel":"","context":"Dans &quot;Into the wide&quot;","block_context":{"text":"Into the wide","link":"https:\/\/www.wallendorff.com\/belogue\/category\/into-the-wide\/"},"img":{"alt_text":"","src":"https:\/\/i0.wp.com\/www.wallendorff.com\/belogue\/wp-content\/uploads\/2017\/12\/20171231.jpg?resize=350%2C200&ssl=1","width":350,"height":200,"srcset":"https:\/\/i0.wp.com\/www.wallendorff.com\/belogue\/wp-content\/uploads\/2017\/12\/20171231.jpg?resize=350%2C200&ssl=1 1x, https:\/\/i0.wp.com\/www.wallendorff.com\/belogue\/wp-content\/uploads\/2017\/12\/20171231.jpg?resize=525%2C300&ssl=1 1.5x, https:\/\/i0.wp.com\/www.wallendorff.com\/belogue\/wp-content\/uploads\/2017\/12\/20171231.jpg?resize=700%2C400&ssl=1 2x"},"classes":[]}],"_links":{"self":[{"href":"https:\/\/www.wallendorff.com\/belogue\/wp-json\/wp\/v2\/posts\/526","targetHints":{"allow":["GET"]}}],"collection":[{"href":"https:\/\/www.wallendorff.com\/belogue\/wp-json\/wp\/v2\/posts"}],"about":[{"href":"https:\/\/www.wallendorff.com\/belogue\/wp-json\/wp\/v2\/types\/post"}],"author":[{"embeddable":true,"href":"https:\/\/www.wallendorff.com\/belogue\/wp-json\/wp\/v2\/users\/1"}],"replies":[{"embeddable":true,"href":"https:\/\/www.wallendorff.com\/belogue\/wp-json\/wp\/v2\/comments?post=526"}],"version-history":[{"count":2,"href":"https:\/\/www.wallendorff.com\/belogue\/wp-json\/wp\/v2\/posts\/526\/revisions"}],"predecessor-version":[{"id":15111,"href":"https:\/\/www.wallendorff.com\/belogue\/wp-json\/wp\/v2\/posts\/526\/revisions\/15111"}],"wp:featuredmedia":[{"embeddable":true,"href":"https:\/\/www.wallendorff.com\/belogue\/wp-json\/wp\/v2\/media\/24464"}],"wp:attachment":[{"href":"https:\/\/www.wallendorff.com\/belogue\/wp-json\/wp\/v2\/media?parent=526"}],"wp:term":[{"taxonomy":"category","embeddable":true,"href":"https:\/\/www.wallendorff.com\/belogue\/wp-json\/wp\/v2\/categories?post=526"},{"taxonomy":"post_tag","embeddable":true,"href":"https:\/\/www.wallendorff.com\/belogue\/wp-json\/wp\/v2\/tags?post=526"}],"curies":[{"name":"wp","href":"https:\/\/api.w.org\/{rel}","templated":true}]}}