{"id":5257,"date":"2009-12-08T09:30:10","date_gmt":"2009-12-08T08:30:10","guid":{"rendered":"http:\/\/www.po-l.com\/belogue\/?p=5257"},"modified":"2013-01-15T16:51:01","modified_gmt":"2013-01-15T14:51:01","slug":"anes-hauts-dsa-turne","status":"publish","type":"post","link":"https:\/\/www.wallendorff.com\/belogue\/2009\/12\/08\/anes-hauts-dsa-turne\/","title":{"rendered":"Anneaux d&rsquo;sa turne."},"content":{"rendered":"<div id=\"photo\">\n<p><img decoding=\"async\" src=\"https:\/\/www.wallendorff.com\/belogue\/photo\/2009\/12\/20091208.jpg\" \/><br \/>\nChapelle expiatoire,  Paris, 20 septembre.<\/p>\n<\/div>\n<div id=\"bandeson\">\n<p><img decoding=\"async\" src=\"https:\/\/www.wallendorff.com\/belogue\/photo\/pochettes\/e\/eagles_of_death_metal-heart_on.jpg\" align=\"left\" \/>&nbsp;<a href=\"http:\/\/www.eaglesofdeathmetal.com\/\">Eagles of Death Metal<\/a> &ndash; <em>I&rsquo;m Your Torpedo<\/em><\/p>\n<\/div>\n<p style=\"text-align:right\">Attention&nbsp;: fixer pendant plus de 128 minutes cette photographie en faisant de la t&ecirc;te des mouvements r&eacute;guliers de va-et-vient vers son &eacute;cran peut entra&icirc;ner chez certaines personnes crises d&rsquo;&eacute;pilepsie, inscriptions &agrave; la Neue Star et apparitions du fant&ocirc;me de Kurt Cobain enjoignant &agrave; se pendre dans sa cuisine avec une corde de Sol.<\/p>\n","protected":false},"excerpt":{"rendered":"<p>Chapelle expiatoire, Paris, 20 septembre. &nbsp;Eagles of Death Metal &ndash; I&rsquo;m Your Torpedo Attention&nbsp;: fixer pendant plus de 128 minutes cette photographie en faisant de la t&ecirc;te des mouvements r&eacute;guliers de va-et-vient vers son &eacute;cran peut entra&icirc;ner chez certaines personnes crises d&rsquo;&eacute;pilepsie, inscriptions &agrave; la Neue Star et apparitions du fant&ocirc;me de Kurt Cobain enjoignant&hellip;<\/p>\n","protected":false},"author":1,"featured_media":25619,"comment_status":"open","ping_status":"open","sticky":false,"template":"","format":"standard","meta":{"_acf_changed":false,"ngg_post_thumbnail":0,"jetpack_post_was_ever_published":false,"_jetpack_newsletter_access":"","_jetpack_dont_email_post_to_subs":false,"_jetpack_newsletter_tier_id":0,"_jetpack_memberships_contains_paywalled_content":false,"_jetpack_memberships_contains_paid_content":false,"footnotes":"","jetpack_publicize_message":"","jetpack_publicize_feature_enabled":true,"jetpack_social_post_already_shared":false,"jetpack_social_options":{"image_generator_settings":{"template":"highway","default_image_id":0,"font":"","enabled":false},"version":2}},"categories":[3],"tags":[10237,2571,2615,3282,10500,10509,10238,10120,3291,10121,10098,10261],"class_list":["post-5257","post","type-post","status-publish","format-standard","has-post-thumbnail","hentry","category-dpc","tag-10237","tag-ef-16-35-mm-f28l-ii-usm","tag-eos-5d-mark-ii","tag-chapelle-expiatoire","tag-contre-plongee","tag-eagles-of-death-metal","tag-eglise","tag-france","tag-im-your-torpedo","tag-ile-de-france","tag-paris","tag-voute"],"acf":[],"geo":{"latitude":48.8737755,"longitude":2.322726,"description":"59 Rue d'Anjou, 75008 Paris, France"},"jetpack_publicize_connections":[],"jetpack_featured_media_url":"https:\/\/www.wallendorff.com\/belogue\/wp-content\/uploads\/2015\/04\/200912081.jpg","jetpack_shortlink":"https:\/\/wp.me\/p3b35P-1mN","jetpack_sharing_enabled":true,"jetpack-related-posts":[{"id":5250,"url":"https:\/\/www.wallendorff.com\/belogue\/2009\/12\/07\/armoires-et-blanc\/","url_meta":{"origin":5257,"position":0},"title":"Armoires [et blanc].","author":"dpc","date":"7 d\u00e9cembre 2009","format":false,"excerpt":"Chapelle expiatoire, Paris, 20 septembre. \u00a0PJ Harvey \u2013 Send His Love to Me","rel":"","context":"Dans &quot;DPC&quot;","block_context":{"text":"DPC","link":"https:\/\/www.wallendorff.com\/belogue\/category\/dpc\/"},"img":{"alt_text":"","src":"https:\/\/i0.wp.com\/www.wallendorff.com\/belogue\/wp-content\/uploads\/2015\/04\/200912071.jpg?resize=350%2C200&ssl=1","width":350,"height":200},"classes":[]},{"id":5242,"url":"https:\/\/www.wallendorff.com\/belogue\/2009\/12\/05\/i-build-a-house-for-your-bones\/","url_meta":{"origin":5257,"position":1},"title":"I build a house for your bones.","author":"dpc","date":"5 d\u00e9cembre 2009","format":false,"excerpt":"Chapelle expiatoire, Paris, 20 septembre. \u00a0The Dead Weather \u2013 Bone House","rel":"","context":"Dans &quot;DPC&quot;","block_context":{"text":"DPC","link":"https:\/\/www.wallendorff.com\/belogue\/category\/dpc\/"},"img":{"alt_text":"","src":"https:\/\/i0.wp.com\/www.wallendorff.com\/belogue\/wp-content\/uploads\/2015\/04\/200912051.jpg?resize=350%2C200&ssl=1","width":350,"height":200},"classes":[]},{"id":5247,"url":"https:\/\/www.wallendorff.com\/belogue\/2009\/12\/06\/cille-aisselles-mont-sis\/","url_meta":{"origin":5257,"position":2},"title":"Cille ; aisselles m&rsquo;ont sis.","author":"dpc","date":"6 d\u00e9cembre 2009","format":false,"excerpt":"Chapelle expiatoire, Paris, 20 septembre. \u00a0The Asteroids Galaxy Tour \u2013 The Golden Age [lalala.]","rel":"","context":"Dans &quot;DPC&quot;","block_context":{"text":"DPC","link":"https:\/\/www.wallendorff.com\/belogue\/category\/dpc\/"},"img":{"alt_text":"","src":"https:\/\/i0.wp.com\/www.wallendorff.com\/belogue\/wp-content\/uploads\/2015\/04\/200912061.jpg?resize=350%2C200&ssl=1","width":350,"height":200},"classes":[]},{"id":27488,"url":"https:\/\/www.wallendorff.com\/belogue\/2015\/06\/10\/eagles-of-death-metal-dolomite-minor-le-trianon-paris\/","url_meta":{"origin":5257,"position":3},"title":"Eagles of Death Metal + Dolomite Minor @ le Trianon, Paris.","author":"dpc","date":"10 juin 2015","format":false,"excerpt":"Et pour couronner le tout, ils sont venus avec le Josh Homme. La grande classe. Miss Alissa Eagles of Death Metal Dolomite Minor Eagles of Death Metal \u00a0","rel":"","context":"Dans &quot;Alive&quot;","block_context":{"text":"Alive","link":"https:\/\/www.wallendorff.com\/belogue\/category\/alive\/"},"img":{"alt_text":"","src":"https:\/\/i0.wp.com\/www.wallendorff.com\/belogue\/wp-content\/uploads\/2015\/06\/20150610-26.jpg?resize=350%2C200&ssl=1","width":350,"height":200,"srcset":"https:\/\/i0.wp.com\/www.wallendorff.com\/belogue\/wp-content\/uploads\/2015\/06\/20150610-26.jpg?resize=350%2C200&ssl=1 1x, https:\/\/i0.wp.com\/www.wallendorff.com\/belogue\/wp-content\/uploads\/2015\/06\/20150610-26.jpg?resize=525%2C300&ssl=1 1.5x, https:\/\/i0.wp.com\/www.wallendorff.com\/belogue\/wp-content\/uploads\/2015\/06\/20150610-26.jpg?resize=700%2C400&ssl=1 2x"},"classes":[]},{"id":4080,"url":"https:\/\/www.wallendorff.com\/belogue\/2009\/03\/28\/eagles-of-death-metal-le-bataclan-paris\/","url_meta":{"origin":5257,"position":4},"title":"Eagles of Death Metal @ le Bataclan, Paris.","author":"dpc","date":"28 mars 2009","format":false,"excerpt":"\u00a0 Ghinzu \u2013 Kill the Surfer Il y a quelque chose de jouissif \u00e0 se faire \u00e9craser par les rangs de derri\u00e8re alors qu'on s'agrippe d'une main \u00e0 la sc\u00e8ne et que de l'autre on tient le fotoapparat, tout bloqu\u00e9 en manuel et en autofocus \u00e0 t\u00eate chercheuse. On n'est\u2026","rel":"","context":"Dans &quot;Alive&quot;","block_context":{"text":"Alive","link":"https:\/\/www.wallendorff.com\/belogue\/category\/alive\/"},"img":{"alt_text":"","src":"https:\/\/i0.wp.com\/www.wallendorff.com\/belogue\/wp-content\/uploads\/2015\/04\/200903281.jpg?resize=350%2C200&ssl=1","width":350,"height":200,"srcset":"https:\/\/i0.wp.com\/www.wallendorff.com\/belogue\/wp-content\/uploads\/2015\/04\/200903281.jpg?resize=350%2C200&ssl=1 1x, https:\/\/i0.wp.com\/www.wallendorff.com\/belogue\/wp-content\/uploads\/2015\/04\/200903281.jpg?resize=525%2C300&ssl=1 1.5x, https:\/\/i0.wp.com\/www.wallendorff.com\/belogue\/wp-content\/uploads\/2015\/04\/200903281.jpg?resize=700%2C400&ssl=1 2x"},"classes":[]},{"id":3807,"url":"https:\/\/www.wallendorff.com\/belogue\/2009\/01\/19\/animal-collective-le-bataclan-paris-16-janvier\/","url_meta":{"origin":5257,"position":5},"title":"Animal Collective @ le Bataclan, Paris, 16 janvier.","author":"dpc","date":"19 janvier 2009","format":false,"excerpt":"Y'a des week-ends comme \u00e7a qui commencent normalement et qui finissent avec une parution dans Le Monde. C'est quand m\u00eame chouette, la vie, des fois. Eagles of Death Metal \u2013 Cheap Thrills","rel":"","context":"Dans &quot;Alive&quot;","block_context":{"text":"Alive","link":"https:\/\/www.wallendorff.com\/belogue\/category\/alive\/"},"img":{"alt_text":"","src":"https:\/\/i0.wp.com\/www.wallendorff.com\/belogue\/wp-content\/uploads\/2015\/04\/200901191.jpg?resize=350%2C200&ssl=1","width":350,"height":200,"srcset":"https:\/\/i0.wp.com\/www.wallendorff.com\/belogue\/wp-content\/uploads\/2015\/04\/200901191.jpg?resize=350%2C200&ssl=1 1x, https:\/\/i0.wp.com\/www.wallendorff.com\/belogue\/wp-content\/uploads\/2015\/04\/200901191.jpg?resize=525%2C300&ssl=1 1.5x, https:\/\/i0.wp.com\/www.wallendorff.com\/belogue\/wp-content\/uploads\/2015\/04\/200901191.jpg?resize=700%2C400&ssl=1 2x"},"classes":[]}],"_links":{"self":[{"href":"https:\/\/www.wallendorff.com\/belogue\/wp-json\/wp\/v2\/posts\/5257","targetHints":{"allow":["GET"]}}],"collection":[{"href":"https:\/\/www.wallendorff.com\/belogue\/wp-json\/wp\/v2\/posts"}],"about":[{"href":"https:\/\/www.wallendorff.com\/belogue\/wp-json\/wp\/v2\/types\/post"}],"author":[{"embeddable":true,"href":"https:\/\/www.wallendorff.com\/belogue\/wp-json\/wp\/v2\/users\/1"}],"replies":[{"embeddable":true,"href":"https:\/\/www.wallendorff.com\/belogue\/wp-json\/wp\/v2\/comments?post=5257"}],"version-history":[{"count":2,"href":"https:\/\/www.wallendorff.com\/belogue\/wp-json\/wp\/v2\/posts\/5257\/revisions"}],"predecessor-version":[{"id":20129,"href":"https:\/\/www.wallendorff.com\/belogue\/wp-json\/wp\/v2\/posts\/5257\/revisions\/20129"}],"wp:featuredmedia":[{"embeddable":true,"href":"https:\/\/www.wallendorff.com\/belogue\/wp-json\/wp\/v2\/media\/25619"}],"wp:attachment":[{"href":"https:\/\/www.wallendorff.com\/belogue\/wp-json\/wp\/v2\/media?parent=5257"}],"wp:term":[{"taxonomy":"category","embeddable":true,"href":"https:\/\/www.wallendorff.com\/belogue\/wp-json\/wp\/v2\/categories?post=5257"},{"taxonomy":"post_tag","embeddable":true,"href":"https:\/\/www.wallendorff.com\/belogue\/wp-json\/wp\/v2\/tags?post=5257"}],"curies":[{"name":"wp","href":"https:\/\/api.w.org\/{rel}","templated":true}]}}