{"id":52564,"date":"2022-07-28T16:36:54","date_gmt":"2022-07-28T14:36:54","guid":{"rendered":"https:\/\/www.wallendorff.com\/belogue\/?p=52564"},"modified":"2022-07-28T17:05:06","modified_gmt":"2022-07-28T15:05:06","slug":"la-boucle","status":"publish","type":"post","link":"https:\/\/www.wallendorff.com\/belogue\/2022\/07\/28\/la-boucle\/","title":{"rendered":"La boucle."},"content":{"rendered":"\t\t<div data-elementor-type=\"wp-post\" data-elementor-id=\"52564\" class=\"elementor elementor-52564\" data-elementor-post-type=\"post\">\n\t\t\t\t\t\t<section class=\"elementor-section elementor-top-section elementor-element elementor-element-7bbd62f elementor-section-boxed elementor-section-height-default elementor-section-height-default\" data-id=\"7bbd62f\" data-element_type=\"section\" data-e-type=\"section\">\n\t\t\t\t\t\t<div class=\"elementor-container elementor-column-gap-default\">\n\t\t\t\t\t<div class=\"elementor-column elementor-col-100 elementor-top-column elementor-element elementor-element-7a479fb\" data-id=\"7a479fb\" data-element_type=\"column\" data-e-type=\"column\">\n\t\t\t<div class=\"elementor-widget-wrap elementor-element-populated\">\n\t\t\t\t\t\t<section class=\"elementor-section elementor-inner-section elementor-element elementor-element-5f6bb2e elementor-section-boxed elementor-section-height-default elementor-section-height-default\" data-id=\"5f6bb2e\" data-element_type=\"section\" data-e-type=\"section\">\n\t\t\t\t\t\t<div class=\"elementor-container elementor-column-gap-default\">\n\t\t\t\t\t<div class=\"elementor-column elementor-col-50 elementor-inner-column elementor-element elementor-element-eb32e92\" data-id=\"eb32e92\" data-element_type=\"column\" data-e-type=\"column\">\n\t\t\t<div class=\"elementor-widget-wrap elementor-element-populated\">\n\t\t\t\t\t\t<div class=\"elementor-element elementor-element-ed6c9bf elementor-widget elementor-widget-text-editor\" data-id=\"ed6c9bf\" data-element_type=\"widget\" data-e-type=\"widget\" data-widget_type=\"text-editor.default\">\n\t\t\t\t<div class=\"elementor-widget-container\">\n\t\t\t\t\t\t\t\t\t<p style=\"text-align: right;\">Le 22 juillet 2015, <a href=\"https:\/\/www.wallendorff.com\/belogue\/2015\/07\/31\/paleo-festival-2015-jour-3\/\">je prends cette photo de Sting \u00e0 Pal\u00e9o<\/a>.<\/p><p style=\"text-align: right;\">Le 23 juillet 2019, <a href=\"https:\/\/www.wallendorff.com\/belogue\/2019\/07\/31\/paleo-festival-nyon-2012-2018\/\">j&rsquo;expose cette photo de Sting \u00e0 Pal\u00e9o<\/a>.<\/p><p style=\"text-align: right;\">Plus tard en 2019, Pal\u00e9o offre cette photo \u00e0 Dan pour ses 10 ans au comit\u00e9 d&rsquo;organisation de Pal\u00e9o.<\/p><p style=\"text-align: right;\">Le 20 juillet 2022, Dan accroche cette photo de Sting dans les loges de Pal\u00e9o.<\/p><p style=\"text-align: right;\">Le 20 juillet 2022, Sting passe devant cette photo de Sting \u00e0 Pal\u00e9o, la trouve belle et la d\u00e9dicace \u00e0 Dan.<\/p><p style=\"text-align: right;\">Le 21 juillet 2022, je photographie Dan \u00e0 Pal\u00e9o, avec sa, ma, notre photo de Sting \u00e0 Pal\u00e9o, d\u00e9dicac\u00e9e par Sting \u00e0 Pal\u00e9o.<\/p><p style=\"text-align: right;\">Elle y aura mis sept ann\u00e9es enti\u00e8res, cette boucle, mais elle s&rsquo;est dr\u00f4lement bien boucl\u00e9e. Merci \u00e0 Dan, merci \u00e0 Sting&#8230; et merci aux hasards du destin.<\/p>\t\t\t\t\t\t\t\t<\/div>\n\t\t\t\t<\/div>\n\t\t\t\t\t<\/div>\n\t\t<\/div>\n\t\t\t\t<div class=\"elementor-column elementor-col-50 elementor-inner-column elementor-element elementor-element-0139522\" data-id=\"0139522\" data-element_type=\"column\" data-e-type=\"column\">\n\t\t\t<div class=\"elementor-widget-wrap elementor-element-populated\">\n\t\t\t\t\t\t<div class=\"elementor-element elementor-element-781f828 elementor-widget elementor-widget-image\" data-id=\"781f828\" data-element_type=\"widget\" data-e-type=\"widget\" data-widget_type=\"image.default\">\n\t\t\t\t<div class=\"elementor-widget-container\">\n\t\t\t\t\t\t\t\t\t\t\t\t\t\t\t<img fetchpriority=\"high\" decoding=\"async\" width=\"780\" height=\"1170\" src=\"https:\/\/www.wallendorff.com\/belogue\/wp-content\/uploads\/2022\/07\/20220728-02.jpg\" class=\"attachment-large size-large wp-image-52568\" alt=\"\" srcset=\"https:\/\/www.wallendorff.com\/belogue\/wp-content\/uploads\/2022\/07\/20220728-02.jpg 780w, https:\/\/www.wallendorff.com\/belogue\/wp-content\/uploads\/2022\/07\/20220728-02-558x837.jpg 558w, https:\/\/www.wallendorff.com\/belogue\/wp-content\/uploads\/2022\/07\/20220728-02-655x983.jpg 655w\" sizes=\"(max-width: 780px) 100vw, 780px\" \/>\t\t\t\t\t\t\t\t\t\t\t\t\t\t\t<\/div>\n\t\t\t\t<\/div>\n\t\t\t\t\t<\/div>\n\t\t<\/div>\n\t\t\t\t\t<\/div>\n\t\t<\/section>\n\t\t\t\t\t<\/div>\n\t\t<\/div>\n\t\t\t\t\t<\/div>\n\t\t<\/section>\n\t\t\t\t<\/div>\n\t\t","protected":false},"excerpt":{"rendered":"<p>Le 22 juillet 2015, je prends cette photo de Sting \u00e0 Pal\u00e9o. Le 23 juillet 2019, j&rsquo;expose cette photo de Sting \u00e0 Pal\u00e9o. Plus tard en 2019, Pal\u00e9o offre cette photo \u00e0 Dan pour ses 10 ans au comit\u00e9 d&rsquo;organisation de Pal\u00e9o. Le 20 juillet 2022, Dan accroche cette photo de Sting dans les loges&hellip;<\/p>\n","protected":false},"author":1,"featured_media":52567,"comment_status":"open","ping_status":"open","sticky":false,"template":"","format":"standard","meta":{"_acf_changed":false,"ngg_post_thumbnail":0,"jetpack_post_was_ever_published":false,"_jetpack_newsletter_access":"","_jetpack_dont_email_post_to_subs":false,"_jetpack_newsletter_tier_id":0,"_jetpack_memberships_contains_paywalled_content":false,"_jetpack_memberships_contains_paid_content":false,"footnotes":"","jetpack_publicize_message":"","jetpack_publicize_feature_enabled":true,"jetpack_social_post_already_shared":true,"jetpack_social_options":{"image_generator_settings":{"template":"highway","default_image_id":0,"font":"","enabled":false},"version":2}},"categories":[3],"tags":[12417,17781,10084,10887,7859,15878,15309,10449,1708,10006,17989,312,10886],"class_list":["post-52564","post","type-post","status-publish","format-standard","has-post-thumbnail","hentry","category-dpc","tag-12417","tag-17781","tag-alive","tag-canton-de-vaud","tag-district-de-nyon","tag-fujifilm-x-t3","tag-fujinon-xf-16-55-mm-f-2-8-r-lm-wr","tag-nyon","tag-paleo-festival","tag-paleo-festival-2015","tag-paleo-festival-2022","tag-sting","tag-suisse"],"acf":[],"geo":{"latitude":46.4043083,"longitude":6.2068462,"description":"Signy, Canton de Vaud, 1274, CH"},"jetpack_publicize_connections":[],"jetpack_featured_media_url":"https:\/\/www.wallendorff.com\/belogue\/wp-content\/uploads\/2022\/07\/20220728-01.jpg","jetpack_shortlink":"https:\/\/wp.me\/p3b35P-dFO","jetpack_sharing_enabled":true,"jetpack-related-posts":[{"id":43264,"url":"https:\/\/www.wallendorff.com\/belogue\/2019\/07\/31\/paleo-festival-nyon-2012-2018\/","url_meta":{"origin":52564,"position":0},"title":"Pal\u00e9o Festival Nyon 2012 \u2013 2018","author":"dpc","date":"31 juillet 2019","format":false,"excerpt":"Je vous mets ici l'int\u00e9gralit\u00e9 des photos expos\u00e9es \u00e0 la Galerie durant la 44e \u00e9dition du Pal\u00e9o Festival, Nyon, 23 \u2013 28 juillet 2019. Elles retracent mes 7 premi\u00e8res \u00e9ditions du festival et sont class\u00e9es presque dans l'ordre chronologique. J'en profite pour remercier \u00e0 nouveau l'\u00e9quipe du festival pour m'avoir\u2026","rel":"","context":"Dans &quot;DPC&quot;","block_context":{"text":"DPC","link":"https:\/\/www.wallendorff.com\/belogue\/category\/dpc\/"},"img":{"alt_text":"","src":"https:\/\/i0.wp.com\/www.wallendorff.com\/belogue\/wp-content\/uploads\/2019\/07\/20190731-45.jpg?resize=350%2C200&ssl=1","width":350,"height":200,"srcset":"https:\/\/i0.wp.com\/www.wallendorff.com\/belogue\/wp-content\/uploads\/2019\/07\/20190731-45.jpg?resize=350%2C200&ssl=1 1x, https:\/\/i0.wp.com\/www.wallendorff.com\/belogue\/wp-content\/uploads\/2019\/07\/20190731-45.jpg?resize=525%2C300&ssl=1 1.5x, https:\/\/i0.wp.com\/www.wallendorff.com\/belogue\/wp-content\/uploads\/2019\/07\/20190731-45.jpg?resize=700%2C400&ssl=1 2x, https:\/\/i0.wp.com\/www.wallendorff.com\/belogue\/wp-content\/uploads\/2019\/07\/20190731-45.jpg?resize=1050%2C600&ssl=1 3x"},"classes":[]},{"id":52226,"url":"https:\/\/www.wallendorff.com\/belogue\/2022\/07\/21\/paleo-festival-2022-nyon-jour-2\/","url_meta":{"origin":52564,"position":1},"title":"Pal\u00e9o Festival 2022, Nyon, jour 2.","author":"dpc","date":"21 juillet 2022","format":false,"excerpt":"","rel":"","context":"Dans &quot;Alive&quot;","block_context":{"text":"Alive","link":"https:\/\/www.wallendorff.com\/belogue\/category\/alive\/"},"img":{"alt_text":"","src":"https:\/\/i0.wp.com\/www.wallendorff.com\/belogue\/wp-content\/uploads\/2022\/07\/20220721-53.jpg?resize=350%2C200&ssl=1","width":350,"height":200,"srcset":"https:\/\/i0.wp.com\/www.wallendorff.com\/belogue\/wp-content\/uploads\/2022\/07\/20220721-53.jpg?resize=350%2C200&ssl=1 1x, https:\/\/i0.wp.com\/www.wallendorff.com\/belogue\/wp-content\/uploads\/2022\/07\/20220721-53.jpg?resize=525%2C300&ssl=1 1.5x, https:\/\/i0.wp.com\/www.wallendorff.com\/belogue\/wp-content\/uploads\/2022\/07\/20220721-53.jpg?resize=700%2C400&ssl=1 2x, https:\/\/i0.wp.com\/www.wallendorff.com\/belogue\/wp-content\/uploads\/2022\/07\/20220721-53.jpg?resize=1050%2C600&ssl=1 3x"},"classes":[]},{"id":33318,"url":"https:\/\/www.wallendorff.com\/belogue\/2016\/12\/28\/2016-en-3\/","url_meta":{"origin":52564,"position":2},"title":"2016 en&#8230; #3.","author":"dpc","date":"28 d\u00e9cembre 2016","format":false,"excerpt":"2016 en 10 concerts. Autant leur dernier concert de 2015 marqua l'ann\u00e9e pour les mauvaises raisons, autant, cette fois-ci, ce fut pour les bonnes. Des 151 entr\u00e9es en sc\u00e8ne auxquelles j'ai assist\u00e9 cette ann\u00e9e, celle de l'Olympia du 16 f\u00e9vrier restera inoubliable. Je n'avais jamais entendu un public hurler aussi\u2026","rel":"","context":"Dans &quot;DPC&quot;","block_context":{"text":"DPC","link":"https:\/\/www.wallendorff.com\/belogue\/category\/dpc\/"},"img":{"alt_text":"","src":"https:\/\/i0.wp.com\/www.wallendorff.com\/belogue\/wp-content\/uploads\/2016\/12\/20161228.jpg?resize=350%2C200&ssl=1","width":350,"height":200,"srcset":"https:\/\/i0.wp.com\/www.wallendorff.com\/belogue\/wp-content\/uploads\/2016\/12\/20161228.jpg?resize=350%2C200&ssl=1 1x, https:\/\/i0.wp.com\/www.wallendorff.com\/belogue\/wp-content\/uploads\/2016\/12\/20161228.jpg?resize=525%2C300&ssl=1 1.5x, https:\/\/i0.wp.com\/www.wallendorff.com\/belogue\/wp-content\/uploads\/2016\/12\/20161228.jpg?resize=700%2C400&ssl=1 2x"},"classes":[]},{"id":23248,"url":"https:\/\/www.wallendorff.com\/belogue\/2014\/08\/04\/paleo-festival-nyon-24-25-juillet\/","url_meta":{"origin":52564,"position":3},"title":"Pal\u00e9o Festival, Nyon, 24-25 juillet.","author":"dpc","date":"4 ao\u00fbt 2014","format":false,"excerpt":"Jeudi sans bracelet, l'occasion d'all\u00e9ger le sac et de changer de style de photo (\u00e0 suivre, plus tard). Vendredi plus \u00e9nerv\u00e9. Il fait lourd, Skip the Use jouent sous la pluie, je me retrouve \u00e0 signer des autographes dans la fosse (une grande premi\u00e8re. Voir la photo no 37), Shaka\u2026","rel":"","context":"Dans &quot;Alive&quot;","block_context":{"text":"Alive","link":"https:\/\/www.wallendorff.com\/belogue\/category\/alive\/"},"img":{"alt_text":"","src":"https:\/\/i0.wp.com\/www.wallendorff.com\/belogue\/wp-content\/uploads\/2015\/04\/201408041.jpg?resize=350%2C200&ssl=1","width":350,"height":200,"srcset":"https:\/\/i0.wp.com\/www.wallendorff.com\/belogue\/wp-content\/uploads\/2015\/04\/201408041.jpg?resize=350%2C200&ssl=1 1x, https:\/\/i0.wp.com\/www.wallendorff.com\/belogue\/wp-content\/uploads\/2015\/04\/201408041.jpg?resize=525%2C300&ssl=1 1.5x, https:\/\/i0.wp.com\/www.wallendorff.com\/belogue\/wp-content\/uploads\/2015\/04\/201408041.jpg?resize=700%2C400&ssl=1 2x"},"classes":[]},{"id":46222,"url":"https:\/\/www.wallendorff.com\/belogue\/2020\/07\/22\/8-ans-de-paleo-festival-2015\/","url_meta":{"origin":52564,"position":4},"title":"8 ans de Pal\u00e9o Festival : 2015.","author":"dpc","date":"22 juillet 2020","format":false,"excerpt":"","rel":"","context":"Dans &quot;Alive&quot;","block_context":{"text":"Alive","link":"https:\/\/www.wallendorff.com\/belogue\/category\/alive\/"},"img":{"alt_text":"","src":"https:\/\/i0.wp.com\/www.wallendorff.com\/belogue\/wp-content\/uploads\/2020\/07\/20200722-17.jpg?resize=350%2C200&ssl=1","width":350,"height":200,"srcset":"https:\/\/i0.wp.com\/www.wallendorff.com\/belogue\/wp-content\/uploads\/2020\/07\/20200722-17.jpg?resize=350%2C200&ssl=1 1x, https:\/\/i0.wp.com\/www.wallendorff.com\/belogue\/wp-content\/uploads\/2020\/07\/20200722-17.jpg?resize=525%2C300&ssl=1 1.5x, https:\/\/i0.wp.com\/www.wallendorff.com\/belogue\/wp-content\/uploads\/2020\/07\/20200722-17.jpg?resize=700%2C400&ssl=1 2x, https:\/\/i0.wp.com\/www.wallendorff.com\/belogue\/wp-content\/uploads\/2020\/07\/20200722-17.jpg?resize=1050%2C600&ssl=1 3x"},"classes":[]},{"id":23230,"url":"https:\/\/www.wallendorff.com\/belogue\/2014\/08\/01\/paleo-festival-nyon-22-juillet\/","url_meta":{"origin":52564,"position":5},"title":"Pal\u00e9o Festival, Nyon, 22 juillet.","author":"dpc","date":"1 ao\u00fbt 2014","format":false,"excerpt":"9\u00a0h pile pour franchir les 396,97\u00a0km \u00e0 vol d'oiseau qui s\u00e9parent mon logis de la fosse du D\u00e9tour. Les parkings ferm\u00e9s, la boue partout, friser l'hypobi\u00e8r\u00e9mie par manque de francs suisses [merci \u00e0 toi qui m'a abreuv\u00e9, tu m'as sauv\u00e9 la vie], mais au final retrouver les topains de colos,\u2026","rel":"","context":"Dans &quot;Alive&quot;","block_context":{"text":"Alive","link":"https:\/\/www.wallendorff.com\/belogue\/category\/alive\/"},"img":{"alt_text":"","src":"https:\/\/i0.wp.com\/www.wallendorff.com\/belogue\/wp-content\/uploads\/2015\/04\/201408011.jpg?resize=350%2C200&ssl=1","width":350,"height":200,"srcset":"https:\/\/i0.wp.com\/www.wallendorff.com\/belogue\/wp-content\/uploads\/2015\/04\/201408011.jpg?resize=350%2C200&ssl=1 1x, https:\/\/i0.wp.com\/www.wallendorff.com\/belogue\/wp-content\/uploads\/2015\/04\/201408011.jpg?resize=525%2C300&ssl=1 1.5x, https:\/\/i0.wp.com\/www.wallendorff.com\/belogue\/wp-content\/uploads\/2015\/04\/201408011.jpg?resize=700%2C400&ssl=1 2x"},"classes":[]}],"_links":{"self":[{"href":"https:\/\/www.wallendorff.com\/belogue\/wp-json\/wp\/v2\/posts\/52564","targetHints":{"allow":["GET"]}}],"collection":[{"href":"https:\/\/www.wallendorff.com\/belogue\/wp-json\/wp\/v2\/posts"}],"about":[{"href":"https:\/\/www.wallendorff.com\/belogue\/wp-json\/wp\/v2\/types\/post"}],"author":[{"embeddable":true,"href":"https:\/\/www.wallendorff.com\/belogue\/wp-json\/wp\/v2\/users\/1"}],"replies":[{"embeddable":true,"href":"https:\/\/www.wallendorff.com\/belogue\/wp-json\/wp\/v2\/comments?post=52564"}],"version-history":[{"count":15,"href":"https:\/\/www.wallendorff.com\/belogue\/wp-json\/wp\/v2\/posts\/52564\/revisions"}],"predecessor-version":[{"id":52581,"href":"https:\/\/www.wallendorff.com\/belogue\/wp-json\/wp\/v2\/posts\/52564\/revisions\/52581"}],"wp:featuredmedia":[{"embeddable":true,"href":"https:\/\/www.wallendorff.com\/belogue\/wp-json\/wp\/v2\/media\/52567"}],"wp:attachment":[{"href":"https:\/\/www.wallendorff.com\/belogue\/wp-json\/wp\/v2\/media?parent=52564"}],"wp:term":[{"taxonomy":"category","embeddable":true,"href":"https:\/\/www.wallendorff.com\/belogue\/wp-json\/wp\/v2\/categories?post=52564"},{"taxonomy":"post_tag","embeddable":true,"href":"https:\/\/www.wallendorff.com\/belogue\/wp-json\/wp\/v2\/tags?post=52564"}],"curies":[{"name":"wp","href":"https:\/\/api.w.org\/{rel}","templated":true}]}}