{"id":525,"date":"2004-12-22T12:36:51","date_gmt":"2004-12-22T12:36:51","guid":{"rendered":"http:\/\/www.po-l.com\/wordpress\/?p=525"},"modified":"2012-01-01T23:19:36","modified_gmt":"2012-01-01T21:19:36","slug":"the-more-you-miss-the-more-you-ll-kiss","status":"publish","type":"post","link":"https:\/\/www.wallendorff.com\/belogue\/2004\/12\/22\/the-more-you-miss-the-more-you-ll-kiss\/","title":{"rendered":"The more you miss, the more you&rsquo;ll kiss."},"content":{"rendered":"\n<div id=\"photo\">\n<p><img decoding=\"async\" src=\"http:\/\/www.po-L.com\/belogue\/photo\/2004\/12\/49.jpg\"\/><br \/>\n          Place d&rsquo;Armes, 21 d&eacute;cembre.<\/p>\n<\/p><\/div>\n<div id=\"bandeson\">\n<p><img decoding=\"async\" src=\"https:\/\/www.wallendorff.com\/belogue\/photo\/pochettes\/p\/pearl_jam-no_code.jpg\" align=\"left\" \/>&nbsp;<a href=\"http:\/\/www.tenclub.net\/\">Pearl Jam<\/a> &ndash; <em>Red Mosquito<\/em><\/p>\n<\/p><\/div>\n","protected":false},"excerpt":{"rendered":"<p>Place d&rsquo;Armes, 21 d&eacute;cembre. &nbsp;Pearl Jam &ndash; Red Mosquito<\/p>\n","protected":false},"author":1,"featured_media":24463,"comment_status":"open","ping_status":"open","sticky":false,"template":"","format":"standard","meta":{"_acf_changed":false,"ngg_post_thumbnail":0,"jetpack_post_was_ever_published":false,"_jetpack_newsletter_access":"","_jetpack_dont_email_post_to_subs":false,"_jetpack_newsletter_tier_id":0,"_jetpack_memberships_contains_paywalled_content":false,"_jetpack_memberships_contains_paid_content":false,"footnotes":"","jetpack_publicize_message":"","jetpack_publicize_feature_enabled":true,"jetpack_social_post_already_shared":false,"jetpack_social_options":{"image_generator_settings":{"template":"highway","default_image_id":0,"font":"","enabled":false},"version":2}},"categories":[3],"tags":[157,132,10743,417,10238,10120,10175,10151,10173,10174,10147,10165,716,342,10227],"class_list":["post-525","post","type-post","status-publish","format-standard","has-post-thumbnail","hentry","category-dpc","tag-ef-50-mm-f18-ii","tag-eos-20d","tag-cathedrale","tag-cathedrale-saint-etienne","tag-eglise","tag-france","tag-lorraine","tag-lune","tag-metz","tag-moselle","tag-nuit","tag-pearl-jam","tag-place-darmes","tag-red-mosquito","tag-statue"],"acf":[],"geo":{"latitude":49.1200867,"longitude":6.1764755,"description":null},"jetpack_publicize_connections":[],"jetpack_featured_media_url":"https:\/\/www.wallendorff.com\/belogue\/wp-content\/uploads\/2015\/04\/493.jpg","jetpack_shortlink":"https:\/\/wp.me\/p3b35P-8t","jetpack_sharing_enabled":true,"jetpack-related-posts":[{"id":37318,"url":"https:\/\/www.wallendorff.com\/belogue\/2018\/02\/26\/into-the-wide-136\/","url_meta":{"origin":525,"position":0},"title":"Into the wide #136.","author":"dpc","date":"26 f\u00e9vrier 2018","format":false,"excerpt":"Place d'Armes, Metz, 27 d\u00e9cembre 2017. Rough MixRon Gallo","rel":"","context":"Dans &quot;Into the wide&quot;","block_context":{"text":"Into the wide","link":"https:\/\/www.wallendorff.com\/belogue\/category\/into-the-wide\/"},"img":{"alt_text":"Place d'Armes, Metz, 27 d\u00e9cembre 2017.","src":"https:\/\/i0.wp.com\/www.wallendorff.com\/belogue\/wp-content\/uploads\/2018\/02\/20180226.jpg?resize=350%2C200&ssl=1","width":350,"height":200,"srcset":"https:\/\/i0.wp.com\/www.wallendorff.com\/belogue\/wp-content\/uploads\/2018\/02\/20180226.jpg?resize=350%2C200&ssl=1 1x, https:\/\/i0.wp.com\/www.wallendorff.com\/belogue\/wp-content\/uploads\/2018\/02\/20180226.jpg?resize=525%2C300&ssl=1 1.5x, https:\/\/i0.wp.com\/www.wallendorff.com\/belogue\/wp-content\/uploads\/2018\/02\/20180226.jpg?resize=700%2C400&ssl=1 2x, https:\/\/i0.wp.com\/www.wallendorff.com\/belogue\/wp-content\/uploads\/2018\/02\/20180226.jpg?resize=1050%2C600&ssl=1 3x"},"classes":[]},{"id":3811,"url":"https:\/\/www.wallendorff.com\/belogue\/2009\/01\/20\/deuxmilledeux-2008\/","url_meta":{"origin":525,"position":1},"title":"2002-2008.","author":"dpc","date":"20 janvier 2009","format":false,"excerpt":"At least you never betrayed me. \u00a0Pearl Jam \u2013 Rearviewmirror","rel":"","context":"Dans &quot;DPC&quot;","block_context":{"text":"DPC","link":"https:\/\/www.wallendorff.com\/belogue\/category\/dpc\/"},"img":{"alt_text":"","src":"https:\/\/i0.wp.com\/www.wallendorff.com\/belogue\/wp-content\/uploads\/2015\/04\/20090120-011.jpg?resize=350%2C200&ssl=1","width":350,"height":200,"srcset":"https:\/\/i0.wp.com\/www.wallendorff.com\/belogue\/wp-content\/uploads\/2015\/04\/20090120-011.jpg?resize=350%2C200&ssl=1 1x, https:\/\/i0.wp.com\/www.wallendorff.com\/belogue\/wp-content\/uploads\/2015\/04\/20090120-011.jpg?resize=525%2C300&ssl=1 1.5x, https:\/\/i0.wp.com\/www.wallendorff.com\/belogue\/wp-content\/uploads\/2015\/04\/20090120-011.jpg?resize=700%2C400&ssl=1 2x"},"classes":[]},{"id":1267,"url":"https:\/\/www.wallendorff.com\/belogue\/2008\/07\/10\/shooting-people-31\/","url_meta":{"origin":525,"position":2},"title":"Shooting people #31.","author":"dpc","date":"10 juillet 2008","format":false,"excerpt":"Main Square Festival, Arras, 5 juillet. If I had known then what I know now. \u00a0 Pearl Jam \u2013 Red Mosquito","rel":"","context":"Dans &quot;Portraits&quot;","block_context":{"text":"Portraits","link":"https:\/\/www.wallendorff.com\/belogue\/category\/portraits\/"},"img":{"alt_text":"","src":"https:\/\/i0.wp.com\/www.wallendorff.com\/belogue\/wp-content\/uploads\/2015\/04\/200807101.jpg?resize=350%2C200&ssl=1","width":350,"height":200,"srcset":"https:\/\/i0.wp.com\/www.wallendorff.com\/belogue\/wp-content\/uploads\/2015\/04\/200807101.jpg?resize=350%2C200&ssl=1 1x, https:\/\/i0.wp.com\/www.wallendorff.com\/belogue\/wp-content\/uploads\/2015\/04\/200807101.jpg?resize=525%2C300&ssl=1 1.5x, https:\/\/i0.wp.com\/www.wallendorff.com\/belogue\/wp-content\/uploads\/2015\/04\/200807101.jpg?resize=700%2C400&ssl=1 2x"},"classes":[]},{"id":135693,"url":"https:\/\/www.wallendorff.com\/belogue\/2026\/03\/27\/tcho-metz\/","url_meta":{"origin":525,"position":3},"title":"Tch\u00f4 Metz.","author":"dpc","date":"27 mars 2026","format":false,"excerpt":"","rel":"","context":"Dans &quot;DPC&quot;","block_context":{"text":"DPC","link":"https:\/\/www.wallendorff.com\/belogue\/category\/dpc\/"},"img":{"alt_text":"","src":"https:\/\/i0.wp.com\/www.wallendorff.com\/belogue\/wp-content\/uploads\/2026\/03\/20260327-10.jpg?resize=350%2C200&ssl=1","width":350,"height":200,"srcset":"https:\/\/i0.wp.com\/www.wallendorff.com\/belogue\/wp-content\/uploads\/2026\/03\/20260327-10.jpg?resize=350%2C200&ssl=1 1x, https:\/\/i0.wp.com\/www.wallendorff.com\/belogue\/wp-content\/uploads\/2026\/03\/20260327-10.jpg?resize=525%2C300&ssl=1 1.5x, https:\/\/i0.wp.com\/www.wallendorff.com\/belogue\/wp-content\/uploads\/2026\/03\/20260327-10.jpg?resize=700%2C400&ssl=1 2x, https:\/\/i0.wp.com\/www.wallendorff.com\/belogue\/wp-content\/uploads\/2026\/03\/20260327-10.jpg?resize=1050%2C600&ssl=1 3x"},"classes":[]},{"id":204,"url":"https:\/\/www.wallendorff.com\/belogue\/2006\/01\/15\/this-metz-we-re-in\/","url_meta":{"origin":525,"position":4},"title":"This Metz We&rsquo;re In.","author":"dpc","date":"15 janvier 2006","format":false,"excerpt":"Place d'Armes, Metz, 15 janvier, 00h27. J'ai compt\u00e9 les stations, les kilom\u00e8tres, les pages, J'ai compt\u00e9 les cigarettes, les verres, les gens, J'ai compt\u00e9 les minutes de retard, les \u00e9tages \u00e0 monter, les caf\u00e9s \u00e0 boire, Les photos, les Ricard, encore les gens, les croissants, les Steinhoff, Les bi\u00e8res, les\u2026","rel":"","context":"Dans &quot;DPC&quot;","block_context":{"text":"DPC","link":"https:\/\/www.wallendorff.com\/belogue\/category\/dpc\/"},"img":{"alt_text":"","src":"https:\/\/i0.wp.com\/www.wallendorff.com\/belogue\/wp-content\/uploads\/2015\/04\/200601151.jpg?resize=350%2C200&ssl=1","width":350,"height":200},"classes":[]},{"id":858,"url":"https:\/\/www.wallendorff.com\/belogue\/2006\/12\/24\/prechi-percha\/","url_meta":{"origin":525,"position":5},"title":"Pr\u00e9chi-percha.","author":"dpc","date":"24 d\u00e9cembre 2006","format":false,"excerpt":"\u00cele de la Cit\u00e9, Paris, 23 d\u00e9cembre. \u00c0 la base j'aurais plut\u00f4t voulu mettre celle-ci, mais faut avouer que derri\u00e8re, personne n'aurait cal\u00e9 le jeu de mots du titre. Sinon \u00e0 part \u00e7a, rien. Bon r\u00e9veillon tout le monde, hein. \u00a0Pearl Jam \u2013 Immortality (live Benaroya Hall, Seattle, Oct. 22nd,\u2026","rel":"","context":"Dans &quot;DPC&quot;","block_context":{"text":"DPC","link":"https:\/\/www.wallendorff.com\/belogue\/category\/dpc\/"},"img":{"alt_text":"","src":"https:\/\/i0.wp.com\/www.wallendorff.com\/belogue\/wp-content\/uploads\/2015\/04\/200612241.jpg?resize=350%2C200&ssl=1","width":350,"height":200},"classes":[]}],"_links":{"self":[{"href":"https:\/\/www.wallendorff.com\/belogue\/wp-json\/wp\/v2\/posts\/525","targetHints":{"allow":["GET"]}}],"collection":[{"href":"https:\/\/www.wallendorff.com\/belogue\/wp-json\/wp\/v2\/posts"}],"about":[{"href":"https:\/\/www.wallendorff.com\/belogue\/wp-json\/wp\/v2\/types\/post"}],"author":[{"embeddable":true,"href":"https:\/\/www.wallendorff.com\/belogue\/wp-json\/wp\/v2\/users\/1"}],"replies":[{"embeddable":true,"href":"https:\/\/www.wallendorff.com\/belogue\/wp-json\/wp\/v2\/comments?post=525"}],"version-history":[{"count":1,"href":"https:\/\/www.wallendorff.com\/belogue\/wp-json\/wp\/v2\/posts\/525\/revisions"}],"predecessor-version":[{"id":15106,"href":"https:\/\/www.wallendorff.com\/belogue\/wp-json\/wp\/v2\/posts\/525\/revisions\/15106"}],"wp:featuredmedia":[{"embeddable":true,"href":"https:\/\/www.wallendorff.com\/belogue\/wp-json\/wp\/v2\/media\/24463"}],"wp:attachment":[{"href":"https:\/\/www.wallendorff.com\/belogue\/wp-json\/wp\/v2\/media?parent=525"}],"wp:term":[{"taxonomy":"category","embeddable":true,"href":"https:\/\/www.wallendorff.com\/belogue\/wp-json\/wp\/v2\/categories?post=525"},{"taxonomy":"post_tag","embeddable":true,"href":"https:\/\/www.wallendorff.com\/belogue\/wp-json\/wp\/v2\/tags?post=525"}],"curies":[{"name":"wp","href":"https:\/\/api.w.org\/{rel}","templated":true}]}}