{"id":5242,"date":"2009-12-05T09:51:17","date_gmt":"2009-12-05T08:51:17","guid":{"rendered":"http:\/\/www.po-l.com\/belogue\/?p=5242"},"modified":"2012-08-13T10:27:07","modified_gmt":"2012-08-13T08:27:07","slug":"i-build-a-house-for-your-bones","status":"publish","type":"post","link":"https:\/\/www.wallendorff.com\/belogue\/2009\/12\/05\/i-build-a-house-for-your-bones\/","title":{"rendered":"I build a house for your bones."},"content":{"rendered":"<div id=\"photo\">\n<p><img decoding=\"async\" src=\"https:\/\/www.wallendorff.com\/belogue\/photo\/2009\/12\/20091205.jpg\" \/><br \/>\nChapelle expiatoire, Paris, 20 septembre.<\/p>\n<\/div>\n<div id=\"bandeson\">\n<p><img decoding=\"async\" src=\"https:\/\/www.wallendorff.com\/belogue\/photo\/pochettes\/d\/dead_weather_the-horehound.jpg\" align=\"left\" \/>&nbsp;<a href=\"http:\/\/www.thedeadweather.com\/\">The Dead Weather<\/a> &ndash; <em>Bone House<\/em><\/p>\n<\/div>\n","protected":false},"excerpt":{"rendered":"<p>Chapelle expiatoire, Paris, 20 septembre. &nbsp;The Dead Weather &ndash; Bone House<\/p>\n","protected":false},"author":1,"featured_media":25616,"comment_status":"open","ping_status":"open","sticky":false,"template":"","format":"standard","meta":{"_acf_changed":false,"ngg_post_thumbnail":0,"jetpack_post_was_ever_published":false,"_jetpack_newsletter_access":"","_jetpack_dont_email_post_to_subs":false,"_jetpack_newsletter_tier_id":0,"_jetpack_memberships_contains_paywalled_content":false,"_jetpack_memberships_contains_paid_content":false,"footnotes":"","jetpack_publicize_message":"","jetpack_publicize_feature_enabled":true,"jetpack_social_post_already_shared":false,"jetpack_social_options":{"image_generator_settings":{"template":"highway","default_image_id":0,"font":"","enabled":false},"version":2}},"categories":[3],"tags":[10237,737,3284,2571,2615,10628,3282,10120,4547,10121,10098,10522],"class_list":["post-5242","post","type-post","status-publish","format-standard","has-post-thumbnail","hentry","category-dpc","tag-10237","tag-bleu","tag-bone-house","tag-ef-16-35-mm-f28l-ii-usm","tag-eos-5d-mark-ii","tag-cave","tag-chapelle-expiatoire","tag-france","tag-horehound","tag-ile-de-france","tag-paris","tag-the-dead-weather"],"acf":[],"geo":{"latitude":48.8737755,"longitude":2.322726,"description":"59 Rue d'Anjou, 75008 Paris, France"},"jetpack_publicize_connections":[],"jetpack_featured_media_url":"https:\/\/www.wallendorff.com\/belogue\/wp-content\/uploads\/2015\/04\/200912051.jpg","jetpack_shortlink":"https:\/\/wp.me\/p3b35P-1my","jetpack_sharing_enabled":true,"jetpack-related-posts":[{"id":5247,"url":"https:\/\/www.wallendorff.com\/belogue\/2009\/12\/06\/cille-aisselles-mont-sis\/","url_meta":{"origin":5242,"position":0},"title":"Cille ; aisselles m&rsquo;ont sis.","author":"dpc","date":"6 d\u00e9cembre 2009","format":false,"excerpt":"Chapelle expiatoire, Paris, 20 septembre. \u00a0The Asteroids Galaxy Tour \u2013 The Golden Age [lalala.]","rel":"","context":"Dans &quot;DPC&quot;","block_context":{"text":"DPC","link":"https:\/\/www.wallendorff.com\/belogue\/category\/dpc\/"},"img":{"alt_text":"","src":"https:\/\/i0.wp.com\/www.wallendorff.com\/belogue\/wp-content\/uploads\/2015\/04\/200912061.jpg?resize=350%2C200&ssl=1","width":350,"height":200},"classes":[]},{"id":5250,"url":"https:\/\/www.wallendorff.com\/belogue\/2009\/12\/07\/armoires-et-blanc\/","url_meta":{"origin":5242,"position":1},"title":"Armoires [et blanc].","author":"dpc","date":"7 d\u00e9cembre 2009","format":false,"excerpt":"Chapelle expiatoire, Paris, 20 septembre. \u00a0PJ Harvey \u2013 Send His Love to Me","rel":"","context":"Dans &quot;DPC&quot;","block_context":{"text":"DPC","link":"https:\/\/www.wallendorff.com\/belogue\/category\/dpc\/"},"img":{"alt_text":"","src":"https:\/\/i0.wp.com\/www.wallendorff.com\/belogue\/wp-content\/uploads\/2015\/04\/200912071.jpg?resize=350%2C200&ssl=1","width":350,"height":200},"classes":[]},{"id":5257,"url":"https:\/\/www.wallendorff.com\/belogue\/2009\/12\/08\/anes-hauts-dsa-turne\/","url_meta":{"origin":5242,"position":2},"title":"Anneaux d&rsquo;sa turne.","author":"dpc","date":"8 d\u00e9cembre 2009","format":false,"excerpt":"Chapelle expiatoire, Paris, 20 septembre. \u00a0Eagles of Death Metal \u2013 I'm Your Torpedo Attention\u00a0: fixer pendant plus de 128 minutes cette photographie en faisant de la t\u00eate des mouvements r\u00e9guliers de va-et-vient vers son \u00e9cran peut entra\u00eener chez certaines personnes crises d'\u00e9pilepsie, inscriptions \u00e0 la Neue Star et apparitions du\u2026","rel":"","context":"Dans &quot;DPC&quot;","block_context":{"text":"DPC","link":"https:\/\/www.wallendorff.com\/belogue\/category\/dpc\/"},"img":{"alt_text":"","src":"https:\/\/i0.wp.com\/www.wallendorff.com\/belogue\/wp-content\/uploads\/2015\/04\/200912081.jpg?resize=350%2C200&ssl=1","width":350,"height":200,"srcset":"https:\/\/i0.wp.com\/www.wallendorff.com\/belogue\/wp-content\/uploads\/2015\/04\/200912081.jpg?resize=350%2C200&ssl=1 1x, https:\/\/i0.wp.com\/www.wallendorff.com\/belogue\/wp-content\/uploads\/2015\/04\/200912081.jpg?resize=525%2C300&ssl=1 1.5x, https:\/\/i0.wp.com\/www.wallendorff.com\/belogue\/wp-content\/uploads\/2015\/04\/200912081.jpg?resize=700%2C400&ssl=1 2x"},"classes":[]},{"id":9826,"url":"https:\/\/www.wallendorff.com\/belogue\/2010\/11\/20\/papy-la-fayette-2\/","url_meta":{"origin":5242,"position":3},"title":"Papy la Fayette [2].","author":"dpc","date":"20 novembre 2010","format":false,"excerpt":"Chapelle Notre-Dame-de-la-Paix de Picpus, Paris, 4 septembre. Radical Face \u2013 Doorways","rel":"","context":"Dans &quot;DPC&quot;","block_context":{"text":"DPC","link":"https:\/\/www.wallendorff.com\/belogue\/category\/dpc\/"},"img":{"alt_text":"","src":"https:\/\/i0.wp.com\/www.wallendorff.com\/belogue\/wp-content\/uploads\/2015\/04\/201011201.jpg?resize=350%2C200&ssl=1","width":350,"height":200},"classes":[]},{"id":22843,"url":"https:\/\/www.wallendorff.com\/belogue\/2014\/06\/02\/10-ans-le-nez-en-lair\/","url_meta":{"origin":5242,"position":4},"title":"10 ans le nez en l&rsquo;air.","author":"dpc","date":"2 juin 2014","format":false,"excerpt":"Dix ans le nez en l'air. dix ans \u00e0 regarder en haut, chercher des centres et des sym\u00e9tries. Dix ans \u00e0 s'agenouiller le plus bas possible pour gagner du champ et viser de plus en plus haut, jusqu'\u00e0 la verticale. Et dix ans de torticolis, aussi. Vois l'ath\u00e9e. Main Street,\u2026","rel":"","context":"Dans &quot;DPC&quot;","block_context":{"text":"DPC","link":"https:\/\/www.wallendorff.com\/belogue\/category\/dpc\/"},"img":{"alt_text":"","src":"https:\/\/i0.wp.com\/www.wallendorff.com\/belogue\/wp-content\/uploads\/2015\/04\/200910123.jpg?resize=350%2C200&ssl=1","width":350,"height":200,"srcset":"https:\/\/i0.wp.com\/www.wallendorff.com\/belogue\/wp-content\/uploads\/2015\/04\/200910123.jpg?resize=350%2C200&ssl=1 1x, https:\/\/i0.wp.com\/www.wallendorff.com\/belogue\/wp-content\/uploads\/2015\/04\/200910123.jpg?resize=525%2C300&ssl=1 1.5x, https:\/\/i0.wp.com\/www.wallendorff.com\/belogue\/wp-content\/uploads\/2015\/04\/200910123.jpg?resize=700%2C400&ssl=1 2x"},"classes":[]},{"id":13318,"url":"https:\/\/www.wallendorff.com\/belogue\/2011\/09\/28\/chapelle-chapelle\/","url_meta":{"origin":5242,"position":5},"title":"Chapelle chapelle.","author":"dpc","date":"28 septembre 2011","format":false,"excerpt":"Chapelle Notre-Dame de Tr\u00e9mor, Riec-sur-Belon, 8 ao\u00fbt. Et demain on arr\u00eate. Le Corps Mince de Fran\u00e7oise \u2013 Cool and Bored [youtube]http:\/\/www.youtube.com\/watch?v=9Xj4UJr0_Sk[\/youtube]","rel":"","context":"Dans &quot;DPC&quot;","block_context":{"text":"DPC","link":"https:\/\/www.wallendorff.com\/belogue\/category\/dpc\/"},"img":{"alt_text":"","src":"https:\/\/i0.wp.com\/www.wallendorff.com\/belogue\/wp-content\/uploads\/2015\/04\/201109281.jpg?resize=350%2C200&ssl=1","width":350,"height":200},"classes":[]}],"_links":{"self":[{"href":"https:\/\/www.wallendorff.com\/belogue\/wp-json\/wp\/v2\/posts\/5242","targetHints":{"allow":["GET"]}}],"collection":[{"href":"https:\/\/www.wallendorff.com\/belogue\/wp-json\/wp\/v2\/posts"}],"about":[{"href":"https:\/\/www.wallendorff.com\/belogue\/wp-json\/wp\/v2\/types\/post"}],"author":[{"embeddable":true,"href":"https:\/\/www.wallendorff.com\/belogue\/wp-json\/wp\/v2\/users\/1"}],"replies":[{"embeddable":true,"href":"https:\/\/www.wallendorff.com\/belogue\/wp-json\/wp\/v2\/comments?post=5242"}],"version-history":[{"count":1,"href":"https:\/\/www.wallendorff.com\/belogue\/wp-json\/wp\/v2\/posts\/5242\/revisions"}],"predecessor-version":[{"id":18623,"href":"https:\/\/www.wallendorff.com\/belogue\/wp-json\/wp\/v2\/posts\/5242\/revisions\/18623"}],"wp:featuredmedia":[{"embeddable":true,"href":"https:\/\/www.wallendorff.com\/belogue\/wp-json\/wp\/v2\/media\/25616"}],"wp:attachment":[{"href":"https:\/\/www.wallendorff.com\/belogue\/wp-json\/wp\/v2\/media?parent=5242"}],"wp:term":[{"taxonomy":"category","embeddable":true,"href":"https:\/\/www.wallendorff.com\/belogue\/wp-json\/wp\/v2\/categories?post=5242"},{"taxonomy":"post_tag","embeddable":true,"href":"https:\/\/www.wallendorff.com\/belogue\/wp-json\/wp\/v2\/tags?post=5242"}],"curies":[{"name":"wp","href":"https:\/\/api.w.org\/{rel}","templated":true}]}}