{"id":523,"date":"2004-12-24T13:56:04","date_gmt":"2004-12-24T13:56:04","guid":{"rendered":"http:\/\/www.po-l.com\/wordpress\/?p=523"},"modified":"2012-11-07T19:01:42","modified_gmt":"2012-11-07T17:01:42","slug":"sud-detroit-1er-decembre","status":"publish","type":"post","link":"https:\/\/www.wallendorff.com\/belogue\/2004\/12\/24\/sud-detroit-1er-decembre\/","title":{"rendered":"75 Sud, D&eacute;troit, 1<sup>er<\/sup> d&eacute;cembre."},"content":{"rendered":"<div id=\"photo\">\n<p><img decoding=\"async\" src=\"http:\/\/www.po-L.com\/belogue\/photo\/2004\/12\/51.jpg\"><br \/>\n    75 Sud, D&eacute;troit, 1<sup>er<\/sup> d&eacute;cembre.<\/p>\n<\/div>\n<p><strong>2004 en 5(+1) phrases qui tuent ou pas de tu ou moi voire un tiers&nbsp;:<\/strong><\/p>\n<ul>\n<li>&laquo;&nbsp;Faut que tu coupes le cordon, tu es pu&eacute;rile.&nbsp;&raquo; (Paris, 12 avril, 16h15)<\/li>\n<li>&laquo;&nbsp;Nickel. Vraiment nickel.&nbsp;&raquo; (D&eacute;troit, 22 avril, 08h30)<\/li>\n<li>&laquo;&nbsp;Chez moi c&rsquo;est pas un h&ocirc;tel.&nbsp;&raquo; (Paris, 3 juin, 10h07)<\/li>\n<li>&laquo;&nbsp;Ce sont mes bonbons pr&eacute;f&eacute;r&eacute;s.&nbsp;&raquo; (Paris, 11 septembre, 15h53)<\/li>\n<li>&laquo;&nbsp;C&rsquo;est &agrave; c&rsquo;t&rsquo;heure-l&agrave; que t&rsquo;arrives&nbsp;?&nbsp;&raquo; (D&eacute;troit, 3 novembre, 11h22)<\/li>\n<li>&laquo;&nbsp;Advienne que pourra&nbsp;&raquo; (tous les lieux, tout le temps)<\/li>\n<\/ul>\n<div id=\"bandeson\">\n<p><img decoding=\"async\" src=\"https:\/\/www.wallendorff.com\/belogue\/photo\/pochettes\/u\/u2-the_joshua_tree.jpg\" align=\"left\" \/>&nbsp;<a href=\"http:\/\/www.u2.com\/\">U2<\/a>&nbsp;&#8213; <em>In God&rsquo;s Country<\/em><\/p>\n<\/p><\/div>\n","protected":false},"excerpt":{"rendered":"<p>75 Sud, D&eacute;troit, 1er d&eacute;cembre. 2004 en 5(+1) phrases qui tuent ou pas de tu ou moi voire un tiers&nbsp;: &laquo;&nbsp;Faut que tu coupes le cordon, tu es pu&eacute;rile.&nbsp;&raquo; (Paris, 12 avril, 16h15) &laquo;&nbsp;Nickel. Vraiment nickel.&nbsp;&raquo; (D&eacute;troit, 22 avril, 08h30) &laquo;&nbsp;Chez moi c&rsquo;est pas un h&ocirc;tel.&nbsp;&raquo; (Paris, 3 juin, 10h07) &laquo;&nbsp;Ce sont mes bonbons pr&eacute;f&eacute;r&eacute;s.&nbsp;&raquo;&hellip;<\/p>\n","protected":false},"author":1,"featured_media":24461,"comment_status":"open","ping_status":"open","sticky":false,"template":"","format":"standard","meta":{"_acf_changed":false,"ngg_post_thumbnail":0,"jetpack_post_was_ever_published":false,"_jetpack_newsletter_access":"","_jetpack_dont_email_post_to_subs":false,"_jetpack_newsletter_tier_id":0,"_jetpack_memberships_contains_paywalled_content":false,"_jetpack_memberships_contains_paid_content":false,"footnotes":"","jetpack_publicize_message":"","jetpack_publicize_feature_enabled":true,"jetpack_social_post_already_shared":false,"jetpack_social_options":{"image_generator_settings":{"template":"highway","default_image_id":0,"font":"","enabled":false},"version":2}},"categories":[3],"tags":[157,132,10099,55,3301,402,719,54,10147,10356,309],"class_list":["post-523","post","type-post","status-publish","format-standard","has-post-thumbnail","hentry","category-dpc","tag-ef-50-mm-f18-ii","tag-eos-20d","tag-detroit","tag-etats-unis","tag-hopital","tag-i-75","tag-in-gods-country","tag-michigan","tag-nuit","tag-sapin","tag-u2"],"acf":[],"geo":{"latitude":42.3565636,"longitude":-83.0588913,"description":null},"jetpack_publicize_connections":[],"jetpack_featured_media_url":"https:\/\/www.wallendorff.com\/belogue\/wp-content\/uploads\/2015\/04\/512.jpg","jetpack_shortlink":"https:\/\/wp.me\/p3b35P-8r","jetpack_sharing_enabled":true,"jetpack-related-posts":[{"id":128298,"url":"https:\/\/www.wallendorff.com\/belogue\/2024\/06\/13\/cetait-2005\/","url_meta":{"origin":523,"position":0},"title":"C&rsquo;\u00e9tait 2005.","author":"dpc","date":"13 juin 2024","format":false,"excerpt":"Revenir des \u00c9tats-Unis, s'installer temporairement \u00e0 Paris et entamer deux carri\u00e8res en parall\u00e8le. D\u00e9troit, 3 janvier 2005 Lac Sainte-Claire, 8 janvier 2005 Lac Sainte-Claire, 8 janvier 2005 Macomb, 15 janvier 2005 Auburn Hills, 20 janvier 2005 Birmingham, 23 janvier 2005 Birmingham, 23 janvier 2005 D\u00e9troit, 5 f\u00e9vrier 2005 Amsterdam, 16\u2026","rel":"","context":"Dans &quot;DPC&quot;","block_context":{"text":"DPC","link":"https:\/\/www.wallendorff.com\/belogue\/category\/dpc\/"},"img":{"alt_text":"","src":"https:\/\/i0.wp.com\/www.wallendorff.com\/belogue\/wp-content\/uploads\/2024\/06\/20240613-05.jpg?resize=350%2C200&ssl=1","width":350,"height":200,"srcset":"https:\/\/i0.wp.com\/www.wallendorff.com\/belogue\/wp-content\/uploads\/2024\/06\/20240613-05.jpg?resize=350%2C200&ssl=1 1x, https:\/\/i0.wp.com\/www.wallendorff.com\/belogue\/wp-content\/uploads\/2024\/06\/20240613-05.jpg?resize=525%2C300&ssl=1 1.5x, https:\/\/i0.wp.com\/www.wallendorff.com\/belogue\/wp-content\/uploads\/2024\/06\/20240613-05.jpg?resize=700%2C400&ssl=1 2x"},"classes":[]},{"id":128420,"url":"https:\/\/www.wallendorff.com\/belogue\/2024\/06\/17\/cetait-2009\/","url_meta":{"origin":523,"position":1},"title":"C&rsquo;\u00e9tait 2009.","author":"dpc","date":"17 juin 2024","format":false,"excerpt":"2009, tentatives. Paris, 17 jenvier 2009. Paris, 14 f\u00e9vrier 2009. Paris, 2 mars 2009. Eagles of Death Metal @ le Bataclan, Paris, 27 mars 2009 Milwaukee, 28 avril 2009. Chicago, 29 avril 2009. Michigan, 1er mai 2009. D\u00e9troit, 3 mai 2009. Franz Ferdinand @ Clutch Cargo\u2019s, Pontiac, 03 mai 2009\u2026","rel":"","context":"Dans &quot;DPC&quot;","block_context":{"text":"DPC","link":"https:\/\/www.wallendorff.com\/belogue\/category\/dpc\/"},"img":{"alt_text":"","src":"https:\/\/i0.wp.com\/www.wallendorff.com\/belogue\/wp-content\/uploads\/2024\/06\/20240617-13.jpg?resize=350%2C200&ssl=1","width":350,"height":200,"srcset":"https:\/\/i0.wp.com\/www.wallendorff.com\/belogue\/wp-content\/uploads\/2024\/06\/20240617-13.jpg?resize=350%2C200&ssl=1 1x, https:\/\/i0.wp.com\/www.wallendorff.com\/belogue\/wp-content\/uploads\/2024\/06\/20240617-13.jpg?resize=525%2C300&ssl=1 1.5x, https:\/\/i0.wp.com\/www.wallendorff.com\/belogue\/wp-content\/uploads\/2024\/06\/20240617-13.jpg?resize=700%2C400&ssl=1 2x, https:\/\/i0.wp.com\/www.wallendorff.com\/belogue\/wp-content\/uploads\/2024\/06\/20240617-13.jpg?resize=1050%2C600&ssl=1 3x"},"classes":[]},{"id":23099,"url":"https:\/\/www.wallendorff.com\/belogue\/2014\/06\/29\/dix-ans-de-tout-le-reste\/","url_meta":{"origin":523,"position":2},"title":"Dix ans de tout le reste.","author":"dpc","date":"29 juin 2014","format":false,"excerpt":"Dix ans de tout ce qui n'a pas pu entrer dans les autres cat\u00e9gories. Dix ans de photos qui comptent, sans qu'on sache vraiment pourquoi. Dix ans de photos de toilettes, mais pas assez pour en faire une s\u00e9rie. Faudra penser \u00e0 en faire plein, en pr\u00e9vision des 20 ans.\u2026","rel":"","context":"Dans &quot;DPC&quot;","block_context":{"text":"DPC","link":"https:\/\/www.wallendorff.com\/belogue\/category\/dpc\/"},"img":{"alt_text":"","src":"https:\/\/i0.wp.com\/www.wallendorff.com\/belogue\/wp-content\/uploads\/2015\/04\/248.jpg?resize=350%2C200&ssl=1","width":350,"height":200,"srcset":"https:\/\/i0.wp.com\/www.wallendorff.com\/belogue\/wp-content\/uploads\/2015\/04\/248.jpg?resize=350%2C200&ssl=1 1x, https:\/\/i0.wp.com\/www.wallendorff.com\/belogue\/wp-content\/uploads\/2015\/04\/248.jpg?resize=525%2C300&ssl=1 1.5x, https:\/\/i0.wp.com\/www.wallendorff.com\/belogue\/wp-content\/uploads\/2015\/04\/248.jpg?resize=700%2C400&ssl=1 2x"},"classes":[]},{"id":128261,"url":"https:\/\/www.wallendorff.com\/belogue\/2024\/06\/12\/cetait-2004\/","url_meta":{"origin":523,"position":3},"title":"C&rsquo;\u00e9tait 2004.","author":"dpc","date":"12 juin 2024","format":false,"excerpt":"En ouvrant ce journal, il y a 20 ans, je n'aurais jamais pens\u00e9 qu'il durerait si longtemps. Mais il a tenu, d'abord sur feu 20six, puis en solitaire sur ce site, traversant les plateformes et les modes jusqu'\u00e0 aujourd'hui. MySpace, Flickr, Facebook, Instagram passent et disparaissent, mais reste ce site.Je\u2026","rel":"","context":"Dans &quot;DPC&quot;","block_context":{"text":"DPC","link":"https:\/\/www.wallendorff.com\/belogue\/category\/dpc\/"},"img":{"alt_text":"","src":"https:\/\/i0.wp.com\/www.wallendorff.com\/belogue\/wp-content\/uploads\/2024\/06\/20240612-03.jpg?resize=350%2C200&ssl=1","width":350,"height":200,"srcset":"https:\/\/i0.wp.com\/www.wallendorff.com\/belogue\/wp-content\/uploads\/2024\/06\/20240612-03.jpg?resize=350%2C200&ssl=1 1x, https:\/\/i0.wp.com\/www.wallendorff.com\/belogue\/wp-content\/uploads\/2024\/06\/20240612-03.jpg?resize=525%2C300&ssl=1 1.5x, https:\/\/i0.wp.com\/www.wallendorff.com\/belogue\/wp-content\/uploads\/2024\/06\/20240612-03.jpg?resize=700%2C400&ssl=1 2x, https:\/\/i0.wp.com\/www.wallendorff.com\/belogue\/wp-content\/uploads\/2024\/06\/20240612-03.jpg?resize=1050%2C600&ssl=1 3x"},"classes":[]},{"id":389,"url":"https:\/\/www.wallendorff.com\/belogue\/2005\/04\/28\/gare-de-f-l-ou\/","url_meta":{"origin":523,"position":4},"title":"Gare de f[l]ou.","author":"dpc","date":"28 avril 2005","format":false,"excerpt":"Gare de l'Est, Paris, 10 avril. Le\u00a0Detroit Free Press, sympa, \u00a0fait dans le Detroit Free MP3. 14 titres de groupes locaux s'\u00e9tant produits lors du MC2 \u00e0 t\u00e9l\u00e9charger. Si vous savez pas par o\u00f9 commencer, je vous recommande le Muggs, le Grande Nationals, le Thunderbirds Are Now!, le Hard Lessons\u2026","rel":"","context":"Dans &quot;DPC&quot;","block_context":{"text":"DPC","link":"https:\/\/www.wallendorff.com\/belogue\/category\/dpc\/"},"img":{"alt_text":"","src":"https:\/\/i0.wp.com\/www.wallendorff.com\/belogue\/wp-content\/uploads\/2015\/04\/200504283.jpg?resize=350%2C200&ssl=1","width":350,"height":200},"classes":[]},{"id":22913,"url":"https:\/\/www.wallendorff.com\/belogue\/2014\/06\/07\/dix-ans-dhivers\/","url_meta":{"origin":523,"position":5},"title":"Dix ans d&rsquo;hivers.","author":"dpc","date":"7 juin 2014","format":false,"excerpt":"10 ans de blanc, dix ans de bleu d\u00e9satur\u00e9. Dix ans \u00e0 \u00e9couter des morceaux d'Air et des pieds qui crissent. Arbore les sens. Lac Sainte-Claire, D\u00e9troit, 8 janvier 2005. \u00a0 Banc-crise. Lac Sainte-Claire, D\u00e9troit, 8 janvier 2005. \u00a0 Ares comptant pour un. Lac Sainte-Claire, D\u00e9troit, 8 janvier 2005. \u00a0\u2026","rel":"","context":"Dans &quot;DPC&quot;","block_context":{"text":"DPC","link":"https:\/\/www.wallendorff.com\/belogue\/category\/dpc\/"},"img":{"alt_text":"","src":"https:\/\/i0.wp.com\/www.wallendorff.com\/belogue\/wp-content\/uploads\/2015\/04\/201104203.jpg?resize=350%2C200&ssl=1","width":350,"height":200,"srcset":"https:\/\/i0.wp.com\/www.wallendorff.com\/belogue\/wp-content\/uploads\/2015\/04\/201104203.jpg?resize=350%2C200&ssl=1 1x, https:\/\/i0.wp.com\/www.wallendorff.com\/belogue\/wp-content\/uploads\/2015\/04\/201104203.jpg?resize=525%2C300&ssl=1 1.5x, https:\/\/i0.wp.com\/www.wallendorff.com\/belogue\/wp-content\/uploads\/2015\/04\/201104203.jpg?resize=700%2C400&ssl=1 2x"},"classes":[]}],"_links":{"self":[{"href":"https:\/\/www.wallendorff.com\/belogue\/wp-json\/wp\/v2\/posts\/523","targetHints":{"allow":["GET"]}}],"collection":[{"href":"https:\/\/www.wallendorff.com\/belogue\/wp-json\/wp\/v2\/posts"}],"about":[{"href":"https:\/\/www.wallendorff.com\/belogue\/wp-json\/wp\/v2\/types\/post"}],"author":[{"embeddable":true,"href":"https:\/\/www.wallendorff.com\/belogue\/wp-json\/wp\/v2\/users\/1"}],"replies":[{"embeddable":true,"href":"https:\/\/www.wallendorff.com\/belogue\/wp-json\/wp\/v2\/comments?post=523"}],"version-history":[{"count":1,"href":"https:\/\/www.wallendorff.com\/belogue\/wp-json\/wp\/v2\/posts\/523\/revisions"}],"predecessor-version":[{"id":19543,"href":"https:\/\/www.wallendorff.com\/belogue\/wp-json\/wp\/v2\/posts\/523\/revisions\/19543"}],"wp:featuredmedia":[{"embeddable":true,"href":"https:\/\/www.wallendorff.com\/belogue\/wp-json\/wp\/v2\/media\/24461"}],"wp:attachment":[{"href":"https:\/\/www.wallendorff.com\/belogue\/wp-json\/wp\/v2\/media?parent=523"}],"wp:term":[{"taxonomy":"category","embeddable":true,"href":"https:\/\/www.wallendorff.com\/belogue\/wp-json\/wp\/v2\/categories?post=523"},{"taxonomy":"post_tag","embeddable":true,"href":"https:\/\/www.wallendorff.com\/belogue\/wp-json\/wp\/v2\/tags?post=523"}],"curies":[{"name":"wp","href":"https:\/\/api.w.org\/{rel}","templated":true}]}}