{"id":519,"date":"2004-12-31T13:05:07","date_gmt":"2004-12-31T13:05:07","guid":{"rendered":"http:\/\/www.po-l.com\/wordpress\/?p=519"},"modified":"2012-11-13T11:58:04","modified_gmt":"2012-11-13T09:58:04","slug":"en-une-photo","status":"publish","type":"post","link":"https:\/\/www.wallendorff.com\/belogue\/2004\/12\/31\/en-une-photo\/","title":{"rendered":"2004 en une photo."},"content":{"rendered":"<div id=\"photo\">\n<p><img decoding=\"async\" src=\"http:\/\/www.po-L.com\/belogue\/photo\/2004\/12\/56.jpg\"\/><\/p>\n<\/div>\n<p><strong>&Ccedil;a aurait pu<\/strong> &ecirc;tre la Tour Eiffel du 12 f&eacute;vrier, en m&eacute;moire de ce mois parisien inoubliable avant le d&eacute;part.<\/p>\n<div id=\"photo2\">\n<p><img decoding=\"async\" src=\"http:\/\/www.po-L.com\/belogue\/photo\/2004\/12\/57.jpg\"\/><\/p>\n<\/div>\n<p><strong>&Ccedil;a aurait pu<\/strong> &ecirc;tre la ruelle m******e du 18 avril &#8211; dite &quot;ruelle de The Dears&quot; &#8211; en souvenir de toutes ces vadrouilles, de la Californie au Q*****c, en passant. par les Vosges, ce soir.<\/p>\n<div id=\"photo2\">\n<p><img decoding=\"async\" src=\"http:\/\/www.po-L.com\/belogue\/photo\/2004\/12\/58.jpg\"\/><\/p>\n<\/div>\n<p><strong>&Ccedil;a aurait pu<\/strong> &ecirc;tre la stout du 23 mai au Magic Stick, en l&rsquo;honneur de toutes ces cons\u0153urs aval&eacute;es tout en causant avec tous ces gens rencontr&eacute;s tout aussi int&eacute;ressants les uns que les autres.<\/p>\n<div id=\"photo2\">\n<p><img decoding=\"async\" src=\"http:\/\/www.po-L.com\/belogue\/photo\/2004\/12\/59.jpg\" \/><\/p>\n<\/div>\n<p>Mais ce sera ce gars, bras crois&eacute;s, qui regarde Franz Ferdinand, le 1<sup>er<\/sup> d&eacute;cembre &agrave; la Cobo Arena. Pour le symbole. Pour toutes ces salles arpent&eacute;es, ces ambiances ador&eacute;es, ces photos prises. Tous ces disques, ces magasins qui puent, ces magazines entass&eacute;s pour archives, ces sujets de conversation qui en reviennent invariablement &agrave; une seule chose. Le rock n&rsquo;roll, bordel.<\/p>\n<p>D&eacute;troit, c&rsquo;est fini. Presque. L&rsquo;ann&eacute;e prochaine, en fait. Mais l&rsquo;ann&eacute;e prochaine c&rsquo;est d&eacute;j&agrave; demain. Et la fin est tellement prochaine qu&rsquo;elle en tombe le mois prochain. Avant le retour, le pas d&rsquo;boulot, le pas d&rsquo;appart, le pas gagn&eacute; d&rsquo;avance.<\/p>\n<p style=\"text-align:right\"><em>Pour[au]tant, ne pas s&rsquo;affranchir de franchir le pas.<\/em><\/p>\n<p style=\"text-align:right\"><em>2005. J&rsquo;aime pas les ann&eacute;es impaires.<\/em><\/p>\n<p style=\"text-align:right\"><em>Joyeux r&eacute;veillon, les gens.<\/em><\/p>\n<div id=\"bandeson\">\n<p><img decoding=\"async\" src=\"https:\/\/www.wallendorff.com\/belogue\/photo\/pochettes\/y\/yeah_yeah_yeahs-fever_to_tell.jpg\" align=\"left\" \/>&nbsp;<a href=\"http:\/\/www.yeahyeahyeahs.com\/\">Yeah Yeah Yeahs<\/a> &mdash; <em>Y Control<\/em><\/p>\n<\/p><\/div>\n","protected":false},"excerpt":{"rendered":"<p>&Ccedil;a aurait pu &ecirc;tre la Tour Eiffel du 12 f&eacute;vrier, en m&eacute;moire de ce mois parisien inoubliable avant le d&eacute;part. &Ccedil;a aurait pu &ecirc;tre la ruelle m******e du 18 avril &#8211; dite &quot;ruelle de The Dears&quot; &#8211; en souvenir de toutes ces vadrouilles, de la Californie au Q*****c, en passant. par les Vosges, ce soir.&hellip;<\/p>\n","protected":false},"author":1,"featured_media":24457,"comment_status":"open","ping_status":"open","sticky":false,"template":"","format":"standard","meta":{"_acf_changed":false,"ngg_post_thumbnail":0,"jetpack_post_was_ever_published":false,"_jetpack_newsletter_access":"","_jetpack_dont_email_post_to_subs":false,"_jetpack_newsletter_tier_id":0,"_jetpack_memberships_contains_paywalled_content":false,"_jetpack_memberships_contains_paid_content":false,"footnotes":"","jetpack_publicize_message":"","jetpack_publicize_feature_enabled":true,"jetpack_social_post_already_shared":false,"jetpack_social_options":{"image_generator_settings":{"template":"highway","default_image_id":0,"font":"","enabled":false},"version":2}},"categories":[3],"tags":[148,10120,10121,10098,404,10236,4280],"class_list":["post-519","post","type-post","status-publish","format-standard","has-post-thumbnail","hentry","category-dpc","tag-a80","tag-france","tag-ile-de-france","tag-paris","tag-the-yeah-yeah-yeahs","tag-tour-eiffel","tag-y-control"],"acf":[],"geo":null,"jetpack_publicize_connections":[],"jetpack_featured_media_url":"https:\/\/www.wallendorff.com\/belogue\/wp-content\/uploads\/2015\/04\/562.jpg","jetpack_shortlink":"https:\/\/wp.me\/p3b35P-8n","jetpack_sharing_enabled":true,"jetpack-related-posts":[{"id":7281,"url":"https:\/\/www.wallendorff.com\/belogue\/2010\/03\/24\/arret-aux-portes-te-nhisse\/","url_meta":{"origin":519,"position":0},"title":"Arr\u00eat aux portes te n&rsquo;hisse1.","author":"dpc","date":"24 mars 2010","format":false,"excerpt":"Rue du Faubourg Saint-Antoine, Paris, 27 f\u00e9vrier. Et Jack White puise une fois de plus dans ses cauchemars tourment\u00e9s \u2015\u00a0ici ce r\u00eave en tranches et pein\u00e9 tant2, qui le vit \u00e9touffer, la t\u00eate coinc\u00e9e entre les seins de Cure de Picrate\u00a0\u2015 pour signer un morceau une fois de plus comme\u2026","rel":"","context":"Dans &quot;DPC&quot;","block_context":{"text":"DPC","link":"https:\/\/www.wallendorff.com\/belogue\/category\/dpc\/"},"img":{"alt_text":"","src":"https:\/\/i0.wp.com\/www.wallendorff.com\/belogue\/wp-content\/uploads\/2015\/04\/201003241.jpg?resize=350%2C200&ssl=1","width":350,"height":200},"classes":[]},{"id":5478,"url":"https:\/\/www.wallendorff.com\/belogue\/2009\/12\/26\/2009en-1\/","url_meta":{"origin":519,"position":1},"title":"2009 en&#8230; #1.","author":"dpc","date":"26 d\u00e9cembre 2009","format":false,"excerpt":"Le Fanfaron, Paris, 5 d\u00e9cembre. et pr\u00e9sentent 2009 en 5 titres nases pourris et horripilants qu'on ferait mieux de noyer tous ces zazous plut\u00f4t que leur donner un micro [Et subitement je m'\u00e9tonne de n'avoir pas retenu Sliimy dans la s\u00e9lection de cette ann\u00e9e.] Saluons l'exploit de Muse qui, apr\u00e8s\u2026","rel":"","context":"Dans &quot;DPC&quot;","block_context":{"text":"DPC","link":"https:\/\/www.wallendorff.com\/belogue\/category\/dpc\/"},"img":{"alt_text":"","src":"https:\/\/i0.wp.com\/www.wallendorff.com\/belogue\/wp-content\/uploads\/2015\/04\/200912261.jpg?resize=350%2C200&ssl=1","width":350,"height":200,"srcset":"https:\/\/i0.wp.com\/www.wallendorff.com\/belogue\/wp-content\/uploads\/2015\/04\/200912261.jpg?resize=350%2C200&ssl=1 1x, https:\/\/i0.wp.com\/www.wallendorff.com\/belogue\/wp-content\/uploads\/2015\/04\/200912261.jpg?resize=525%2C300&ssl=1 1.5x"},"classes":[]},{"id":4320,"url":"https:\/\/www.wallendorff.com\/belogue\/2009\/06\/23\/milwaukee-chicago\/","url_meta":{"origin":519,"position":2},"title":"Milwaukee &#8211; Chicago.","author":"dpc","date":"23 juin 2009","format":false,"excerpt":"\u00a0M83 \u2013 Highway of Endless Dreams Une photographie d'intention est un clich\u00e9 qui reste coinc\u00e9 dans l'\u0153il, sans qu'on ait le temps ou les moyens de garder une trace de ce qu'on voit. La photographie d'intention se manifeste le plus souvent par voie orale, le sujet s'exclamant soudain \u00ab\u00a0mazette1, voil\u00e0\u2026","rel":"","context":"Dans &quot;DPC&quot;","block_context":{"text":"DPC","link":"https:\/\/www.wallendorff.com\/belogue\/category\/dpc\/"},"img":{"alt_text":"","src":"https:\/\/i0.wp.com\/www.wallendorff.com\/belogue\/wp-content\/uploads\/2015\/04\/20090623-011.jpg?resize=350%2C200&ssl=1","width":350,"height":200},"classes":[]},{"id":29323,"url":"https:\/\/www.wallendorff.com\/belogue\/2015\/09\/28\/4h-58\/","url_meta":{"origin":519,"position":3},"title":"4&nbsp;h 58.","author":"dpc","date":"28 septembre 2015","format":false,"excerpt":"Champ de Mars, Paris, 28 septembre. Ce qui m'a frapp\u00e9, en traversant la ville, c'est le nombre de gens sur les trottoirs, plant\u00e9s \u00e7\u00e0 et l\u00e0 \u00e0 scruter le ciel. Je ne pensais pas qu'une grosse lune orange pourrait tirer autant de personnes de leurs lits \u00e0 4\u00a0h du matin,\u2026","rel":"","context":"Dans &quot;DPC&quot;","block_context":{"text":"DPC","link":"https:\/\/www.wallendorff.com\/belogue\/category\/dpc\/"},"img":{"alt_text":"","src":"https:\/\/i0.wp.com\/www.wallendorff.com\/belogue\/wp-content\/uploads\/2015\/09\/20150928.jpg?resize=350%2C200&ssl=1","width":350,"height":200,"srcset":"https:\/\/i0.wp.com\/www.wallendorff.com\/belogue\/wp-content\/uploads\/2015\/09\/20150928.jpg?resize=350%2C200&ssl=1 1x, https:\/\/i0.wp.com\/www.wallendorff.com\/belogue\/wp-content\/uploads\/2015\/09\/20150928.jpg?resize=525%2C300&ssl=1 1.5x, https:\/\/i0.wp.com\/www.wallendorff.com\/belogue\/wp-content\/uploads\/2015\/09\/20150928.jpg?resize=700%2C400&ssl=1 2x"},"classes":[]},{"id":762,"url":"https:\/\/www.wallendorff.com\/belogue\/2004\/06\/21\/the-paybacks-rock-city-festival-detroit\/","url_meta":{"origin":519,"position":4},"title":"Rock City Festival, D\u00e9troit.","author":"dpc","date":"21 juin 2004","format":false,"excerpt":"Blanche. On croirait que ce groupe n\u2019existe que pour permettre \u00e0 Dan et Tracee Miller (cravate et robe blanche) de montrer au monde \u00e0 quel point ils s\u2019aiment. Sur sc\u00e8ne, \u00e7a d\u00e9borde d\u2019amour mutuel. Et musicalement \u00e7a reste le nez enfonc\u00e9 dans le r\u00e9troviseur. Ils sont \u00e0 Belfort cette ann\u00e9e,\u2026","rel":"","context":"Dans &quot;Alive&quot;","block_context":{"text":"Alive","link":"https:\/\/www.wallendorff.com\/belogue\/category\/alive\/"},"img":{"alt_text":"","src":"https:\/\/i0.wp.com\/www.wallendorff.com\/belogue\/wp-content\/uploads\/2015\/04\/200406211.jpg?resize=350%2C200&ssl=1","width":350,"height":200,"srcset":"https:\/\/i0.wp.com\/www.wallendorff.com\/belogue\/wp-content\/uploads\/2015\/04\/200406211.jpg?resize=350%2C200&ssl=1 1x, https:\/\/i0.wp.com\/www.wallendorff.com\/belogue\/wp-content\/uploads\/2015\/04\/200406211.jpg?resize=525%2C300&ssl=1 1.5x, https:\/\/i0.wp.com\/www.wallendorff.com\/belogue\/wp-content\/uploads\/2015\/04\/200406211.jpg?resize=700%2C400&ssl=1 2x"},"classes":[]},{"id":1263,"url":"https:\/\/www.wallendorff.com\/belogue\/2008\/07\/04\/deux-maux-a-l-oui-dire\/","url_meta":{"origin":519,"position":5},"title":"Deux maux \u00e0 l&rsquo;ou\u00ef-dire.","author":"dpc","date":"4 juillet 2008","format":false,"excerpt":"Escalier du ch\u00e2teau, Annecy, 5 juin. \u00a0We Are Scientists \u2013 Ghouls Alain Dister est mort alors que je ne suis qu'aux deux tiers de son Oh, Hippie Days! autobiographique retra\u00e7ant ses ann\u00e9es am\u00e9ricaines au c\u0153ur du summer of love san franciscain. Subitement, les dates qu'il aligne dans son livre s'inversent\u2026","rel":"","context":"Dans &quot;DPC&quot;","block_context":{"text":"DPC","link":"https:\/\/www.wallendorff.com\/belogue\/category\/dpc\/"},"img":{"alt_text":"","src":"https:\/\/i0.wp.com\/www.wallendorff.com\/belogue\/wp-content\/uploads\/2015\/04\/200807041.jpg?resize=350%2C200&ssl=1","width":350,"height":200},"classes":[]}],"_links":{"self":[{"href":"https:\/\/www.wallendorff.com\/belogue\/wp-json\/wp\/v2\/posts\/519","targetHints":{"allow":["GET"]}}],"collection":[{"href":"https:\/\/www.wallendorff.com\/belogue\/wp-json\/wp\/v2\/posts"}],"about":[{"href":"https:\/\/www.wallendorff.com\/belogue\/wp-json\/wp\/v2\/types\/post"}],"author":[{"embeddable":true,"href":"https:\/\/www.wallendorff.com\/belogue\/wp-json\/wp\/v2\/users\/1"}],"replies":[{"embeddable":true,"href":"https:\/\/www.wallendorff.com\/belogue\/wp-json\/wp\/v2\/comments?post=519"}],"version-history":[{"count":3,"href":"https:\/\/www.wallendorff.com\/belogue\/wp-json\/wp\/v2\/posts\/519\/revisions"}],"predecessor-version":[{"id":19558,"href":"https:\/\/www.wallendorff.com\/belogue\/wp-json\/wp\/v2\/posts\/519\/revisions\/19558"}],"wp:featuredmedia":[{"embeddable":true,"href":"https:\/\/www.wallendorff.com\/belogue\/wp-json\/wp\/v2\/media\/24457"}],"wp:attachment":[{"href":"https:\/\/www.wallendorff.com\/belogue\/wp-json\/wp\/v2\/media?parent=519"}],"wp:term":[{"taxonomy":"category","embeddable":true,"href":"https:\/\/www.wallendorff.com\/belogue\/wp-json\/wp\/v2\/categories?post=519"},{"taxonomy":"post_tag","embeddable":true,"href":"https:\/\/www.wallendorff.com\/belogue\/wp-json\/wp\/v2\/tags?post=519"}],"curies":[{"name":"wp","href":"https:\/\/api.w.org\/{rel}","templated":true}]}}