{"id":5187,"date":"2009-11-28T10:21:09","date_gmt":"2009-11-28T09:21:09","guid":{"rendered":"http:\/\/www.po-l.com\/belogue\/?p=5187"},"modified":"2012-08-11T13:46:00","modified_gmt":"2012-08-11T11:46:00","slug":"im-awake-today","status":"publish","type":"post","link":"https:\/\/www.wallendorff.com\/belogue\/2009\/11\/28\/im-awake-today\/","title":{"rendered":"I&rsquo;m awake today."},"content":{"rendered":"<div id=\"photo\">\n<p><img decoding=\"async\" src=\"https:\/\/www.wallendorff.com\/belogue\/photo\/2009\/11\/20091128.jpg\" \/><br \/>\nCanal de l&rsquo;Ourcq, Paris, 3 ao&ucirc;t.<\/p>\n<\/div>\n<div id=\"bandeson\">\n<p><img decoding=\"async\" src=\"https:\/\/www.wallendorff.com\/belogue\/photo\/pochettes\/p\/plenti_julian-julian_plenti_is_skyscraper.jpg\" align=\"left\" \/>&nbsp;<a href=\"http:\/\/www.julianplenti.com\">Julian Plenti<\/a> &ndash; <em>On the Esplanade<\/em><\/p>\n<\/div>\n","protected":false},"excerpt":{"rendered":"<p>Canal de l&rsquo;Ourcq, Paris, 3 ao&ucirc;t. &nbsp;Julian Plenti &ndash; On the Esplanade<\/p>\n","protected":false},"author":1,"featured_media":25609,"comment_status":"open","ping_status":"open","sticky":false,"template":"","format":"standard","meta":{"_acf_changed":false,"ngg_post_thumbnail":0,"jetpack_post_was_ever_published":false,"_jetpack_newsletter_access":"","_jetpack_dont_email_post_to_subs":false,"_jetpack_newsletter_tier_id":0,"_jetpack_memberships_contains_paywalled_content":false,"_jetpack_memberships_contains_paid_content":false,"footnotes":"","jetpack_publicize_message":"","jetpack_publicize_feature_enabled":true,"jetpack_social_post_already_shared":false,"jetpack_social_options":{"image_generator_settings":{"template":"highway","default_image_id":0,"font":"","enabled":false},"version":2}},"categories":[3],"tags":[10268,993,2615,10120,10121,3164,143,10147,3264,10098,10170,10262,170],"class_list":["post-5187","post","type-post","status-publish","format-standard","has-post-thumbnail","hentry","category-dpc","tag-10268","tag-canal-de-lourcq","tag-eos-5d-mark-ii","tag-france","tag-ile-de-france","tag-julian-plenti","tag-noir-et-blanc","tag-nuit","tag-on-the-esplanade","tag-paris","tag-paul-banks","tag-reflet","tag-sigma-70-300-mm-f4-56-dg-apo-macro"],"acf":[],"geo":{"latitude":48.8870544,"longitude":2.3777461,"description":null},"jetpack_publicize_connections":[],"jetpack_featured_media_url":"https:\/\/www.wallendorff.com\/belogue\/wp-content\/uploads\/2015\/04\/200911281.jpg","jetpack_shortlink":"https:\/\/wp.me\/p3b35P-1lF","jetpack_sharing_enabled":true,"jetpack-related-posts":[{"id":5323,"url":"https:\/\/www.wallendorff.com\/belogue\/2009\/12\/14\/julian-plenti-im-in-you-lalhambra-paris\/","url_meta":{"origin":5187,"position":0},"title":"Julian Plenti + I&rsquo;m in You @ l&rsquo;Alhambra, Paris.","author":"dpc","date":"14 d\u00e9cembre 2009","format":false,"excerpt":"Mythsizer | Fly as You Might | No Chance Survival | Fun That We Have | Madrid Song | Girl on the Sporting News | Unwind | Only if You Run | On the Esplanade | Into the White (Pixies) | Skyscraper | Goodbye Toronto || H | A Horse\u2026","rel":"","context":"Dans &quot;Alive&quot;","block_context":{"text":"Alive","link":"https:\/\/www.wallendorff.com\/belogue\/category\/alive\/"},"img":{"alt_text":"","src":"https:\/\/i0.wp.com\/www.wallendorff.com\/belogue\/wp-content\/uploads\/2015\/04\/200912141.jpg?resize=350%2C200&ssl=1","width":350,"height":200},"classes":[]},{"id":4908,"url":"https:\/\/www.wallendorff.com\/belogue\/2009\/10\/22\/labri-neuf\/","url_meta":{"origin":5187,"position":1},"title":"L&rsquo;abri neuf,","author":"dpc","date":"22 octobre 2009","format":false,"excerpt":"Cour Saint-Joseph, Paris, 17 mai. \u00a0Julian Plenti \u2013 Skyscraper Et l\u00e0 j'inaugure le titre en deux parties. La suite sera d\u00e9couverte demain. Faut savoir innover dans la vie. Ah et quelqu'un s'est enfin pench\u00e9 sur le probl\u00e8me qui me turlupinait depuis 15 ans. Je suis joie.","rel":"","context":"Dans &quot;DPC&quot;","block_context":{"text":"DPC","link":"https:\/\/www.wallendorff.com\/belogue\/category\/dpc\/"},"img":{"alt_text":"","src":"https:\/\/i0.wp.com\/www.wallendorff.com\/belogue\/wp-content\/uploads\/2015\/04\/200910221.jpg?resize=350%2C200&ssl=1","width":350,"height":200},"classes":[]},{"id":5168,"url":"https:\/\/www.wallendorff.com\/belogue\/2009\/11\/26\/choose-life\/","url_meta":{"origin":5187,"position":2},"title":"Choose life.","author":"dpc","date":"26 novembre 2009","format":false,"excerpt":"Canal de l'Ourcq, Paris, 3 ao\u00fbt. \u00a0Editors \u2013 No Sound But the Wind On pourra dire ce qu'on veut sur les films pour counettes, mais Twilight machin aura eu au moins le m\u00e9rite de nous faire \u00e9couter un morceau d'Editors valable cette ann\u00e9e, alors qu'In This Light and on This\u2026","rel":"","context":"Dans &quot;DPC&quot;","block_context":{"text":"DPC","link":"https:\/\/www.wallendorff.com\/belogue\/category\/dpc\/"},"img":{"alt_text":"","src":"https:\/\/i0.wp.com\/www.wallendorff.com\/belogue\/wp-content\/uploads\/2015\/04\/200911261.jpg?resize=350%2C200&ssl=1","width":350,"height":200},"classes":[]},{"id":4971,"url":"https:\/\/www.wallendorff.com\/belogue\/2009\/11\/01\/lustre-acharne\/","url_meta":{"origin":5187,"position":3},"title":"Lustre [acharn\u00e9].","author":"dpc","date":"1 novembre 2009","format":false,"excerpt":"Canal de l'Ourcq, Paris, 31 mai. Si cette photo est l\u00e0 c'est parce qu'elle ressemble \u00e0 l'affiche d'une version d'Into the Wild dans laquelle le h\u00e9ros serait un lampadaire parisien, tortur\u00e9 entre son d\u00e9sir d'\u00e9vasion lointaine et sa triste condition de cand\u00e9labre qui ne bouge jamais puisqu'il n'a pas de\u2026","rel":"","context":"Dans &quot;DPC&quot;","block_context":{"text":"DPC","link":"https:\/\/www.wallendorff.com\/belogue\/category\/dpc\/"},"img":{"alt_text":"","src":"https:\/\/i0.wp.com\/www.wallendorff.com\/belogue\/wp-content\/uploads\/2015\/04\/200911011.jpg?resize=350%2C200&ssl=1","width":350,"height":200},"classes":[]},{"id":385,"url":"https:\/\/www.wallendorff.com\/belogue\/2005\/05\/06\/haie-chappe-est-belle\/","url_meta":{"origin":5187,"position":4},"title":"Haie Chappe est belle\u00b9.","author":"dpc","date":"6 mai 2005","format":false,"excerpt":"Canal de l'Ourcq, Paris, 2 mai. \u00a0Little Barrie \u2014 Freeprise _____ 1 \"Haie Chappe est belle\" parce que ces bidules-l\u00e0 me font penser \u00e0 des t\u00e9l\u00e9graphes de Chappe, et que voil\u00e0. [Et pour rester dans le t\u00e9l\u00e9graphe, un petit bout de Little Barrie\u00a0avec des bruits de guitares morses dedans, pour\u2026","rel":"","context":"Dans &quot;DPC&quot;","block_context":{"text":"DPC","link":"https:\/\/www.wallendorff.com\/belogue\/category\/dpc\/"},"img":{"alt_text":"","src":"https:\/\/i0.wp.com\/www.wallendorff.com\/belogue\/wp-content\/uploads\/2015\/04\/200505061.jpg?resize=350%2C200&ssl=1","width":350,"height":200},"classes":[]},{"id":30628,"url":"https:\/\/www.wallendorff.com\/belogue\/2016\/04\/06\/brune\/","url_meta":{"origin":5187,"position":5},"title":"Brune.","author":"dpc","date":"6 avril 2016","format":false,"excerpt":"Passerelle Bichat, Paris, 24 janvier. OK OK OK Little Green Cars","rel":"","context":"Dans &quot;DPC&quot;","block_context":{"text":"DPC","link":"https:\/\/www.wallendorff.com\/belogue\/category\/dpc\/"},"img":{"alt_text":"","src":"https:\/\/i0.wp.com\/www.wallendorff.com\/belogue\/wp-content\/uploads\/2016\/04\/20160406.jpg?resize=350%2C200&ssl=1","width":350,"height":200,"srcset":"https:\/\/i0.wp.com\/www.wallendorff.com\/belogue\/wp-content\/uploads\/2016\/04\/20160406.jpg?resize=350%2C200&ssl=1 1x, https:\/\/i0.wp.com\/www.wallendorff.com\/belogue\/wp-content\/uploads\/2016\/04\/20160406.jpg?resize=525%2C300&ssl=1 1.5x, https:\/\/i0.wp.com\/www.wallendorff.com\/belogue\/wp-content\/uploads\/2016\/04\/20160406.jpg?resize=700%2C400&ssl=1 2x"},"classes":[]}],"_links":{"self":[{"href":"https:\/\/www.wallendorff.com\/belogue\/wp-json\/wp\/v2\/posts\/5187","targetHints":{"allow":["GET"]}}],"collection":[{"href":"https:\/\/www.wallendorff.com\/belogue\/wp-json\/wp\/v2\/posts"}],"about":[{"href":"https:\/\/www.wallendorff.com\/belogue\/wp-json\/wp\/v2\/types\/post"}],"author":[{"embeddable":true,"href":"https:\/\/www.wallendorff.com\/belogue\/wp-json\/wp\/v2\/users\/1"}],"replies":[{"embeddable":true,"href":"https:\/\/www.wallendorff.com\/belogue\/wp-json\/wp\/v2\/comments?post=5187"}],"version-history":[{"count":2,"href":"https:\/\/www.wallendorff.com\/belogue\/wp-json\/wp\/v2\/posts\/5187\/revisions"}],"predecessor-version":[{"id":18607,"href":"https:\/\/www.wallendorff.com\/belogue\/wp-json\/wp\/v2\/posts\/5187\/revisions\/18607"}],"wp:featuredmedia":[{"embeddable":true,"href":"https:\/\/www.wallendorff.com\/belogue\/wp-json\/wp\/v2\/media\/25609"}],"wp:attachment":[{"href":"https:\/\/www.wallendorff.com\/belogue\/wp-json\/wp\/v2\/media?parent=5187"}],"wp:term":[{"taxonomy":"category","embeddable":true,"href":"https:\/\/www.wallendorff.com\/belogue\/wp-json\/wp\/v2\/categories?post=5187"},{"taxonomy":"post_tag","embeddable":true,"href":"https:\/\/www.wallendorff.com\/belogue\/wp-json\/wp\/v2\/tags?post=5187"}],"curies":[{"name":"wp","href":"https:\/\/api.w.org\/{rel}","templated":true}]}}