{"id":51794,"date":"2022-06-30T23:28:37","date_gmt":"2022-06-30T21:28:37","guid":{"rendered":"https:\/\/www.wallendorff.com\/belogue\/?p=51794"},"modified":"2022-07-05T08:38:31","modified_gmt":"2022-07-05T06:38:31","slug":"les-eurockeennes-2022-belfort-jour-1","status":"publish","type":"post","link":"https:\/\/www.wallendorff.com\/belogue\/2022\/06\/30\/les-eurockeennes-2022-belfort-jour-1\/","title":{"rendered":"Les Eurock\u00e9ennes 2022, Belfort, jour 1."},"content":{"rendered":"\t\t<div data-elementor-type=\"wp-post\" data-elementor-id=\"51794\" class=\"elementor elementor-51794\" data-elementor-post-type=\"post\">\n\t\t\t\t\t\t<section class=\"elementor-section elementor-top-section elementor-element elementor-element-06ca0b2 elementor-section-boxed elementor-section-height-default elementor-section-height-default\" data-id=\"06ca0b2\" data-element_type=\"section\" data-e-type=\"section\">\n\t\t\t\t\t\t<div class=\"elementor-container elementor-column-gap-default\">\n\t\t\t\t\t<div class=\"elementor-column elementor-col-100 elementor-top-column elementor-element elementor-element-9805297\" data-id=\"9805297\" data-element_type=\"column\" data-e-type=\"column\">\n\t\t\t<div class=\"elementor-widget-wrap elementor-element-populated\">\n\t\t\t\t\t\t<div class=\"elementor-element elementor-element-f401bcd elementor-widget elementor-widget-text-editor\" data-id=\"f401bcd\" data-element_type=\"widget\" data-e-type=\"widget\" data-widget_type=\"text-editor.default\">\n\t\t\t\t<div class=\"elementor-widget-container\">\n\t\t\t\t\t\t\t\t\t<p>Elle \u00e9tait pas tr\u00e8s dr\u00f4le, ta blague, la m\u00e9t\u00e9o, de me f\u00eater mes 15<sup>e<\/sup> Eurock\u00e9ennes avec une redite de mes toutes premi\u00e8res, il y a 21 ans, avec un orage qui nous ruine la journ\u00e9e et nous renvoie chez nous tremp\u00e9s.<\/p><p>Et fac\u00e9tieux, ton orage, avec \u00e7a. Figure-toi qu&rsquo;il m&rsquo;est tomb\u00e9 dessus alors que je venais de quitter le parking.\u00a0 Ta gr\u00eale \u00e9tait tellement violente que je n&rsquo;ai pas pu retourner m&rsquo;abriter \u00e0 l&rsquo;int\u00e9rieur. Au lieu de \u00e7a, je me suis retrouv\u00e9 planqu\u00e9 derri\u00e8re la voiture, essayant de m&rsquo;exposer le moins possible, \u00e0 me demander si un de tes projectiles allait finir par me traverser la t\u00eate. Et \u00e7a, franchement, c&rsquo;est le genre de souvenir que je n&rsquo;aime vraiment, mais alors vraiment pas revivre.<\/p><p>Quand je suis arriv\u00e9 sur le site, tout \u00e9tait termin\u00e9, festival inclus. J&rsquo;ai serr\u00e9 des mains, essor\u00e9 mes chaussettes, vainement cherch\u00e9 une bi\u00e8re&#8230; et fait quelques photos sur le retour&#8230; mais sans grande conviction.<\/p><p>J&rsquo;esp\u00e8re que tout le monde soit vraiment en s\u00e9curit\u00e9 ce soir. Je pense au bless\u00e9s et aux gens du camping.<\/p><p style=\"text-align: right;\">Et pour le reste, on verra demain.<\/p>\t\t\t\t\t\t\t\t<\/div>\n\t\t\t\t<\/div>\n\t\t\t\t<div class=\"elementor-element elementor-element-5bd6259 elementor-widget elementor-widget-image-gallery\" data-id=\"5bd6259\" data-element_type=\"widget\" data-e-type=\"widget\" data-widget_type=\"image-gallery.default\">\n\t\t\t\t<div class=\"elementor-widget-container\">\n\t\t\t\t\t\t\t<div class=\"elementor-image-gallery\">\n\t\t\t<div id='gallery-1' class='gallery galleryid-51794 gallery-columns-1 gallery-size-large'><figure class='gallery-item'>\n\t\t\t<div class='gallery-icon landscape'>\n\t\t\t\t<a data-elementor-open-lightbox=\"yes\" data-elementor-lightbox-slideshow=\"5bd6259\" data-e-action-hash=\"#elementor-action%3Aaction%3Dlightbox%26settings%3DeyJpZCI6NTE3OTYsInVybCI6Imh0dHBzOlwvXC93d3cud2FsbGVuZG9yZmYuY29tXC9iZWxvZ3VlXC93cC1jb250ZW50XC91cGxvYWRzXC8yMDIyXC8wNlwvMjAyMjA2MzAtMDEuanBnIiwic2xpZGVzaG93IjoiNWJkNjI1OSJ9\" href='https:\/\/www.wallendorff.com\/belogue\/wp-content\/uploads\/2022\/06\/20220630-01.jpg'><img fetchpriority=\"high\" width=\"1170\" height=\"780\" src=\"https:\/\/www.wallendorff.com\/belogue\/wp-content\/uploads\/2022\/06\/20220630-01.jpg\" class=\"attachment-large size-large\" alt=\"\" aria-describedby=\"gallery-1-51796\" decoding=\"async\" srcset=\"https:\/\/www.wallendorff.com\/belogue\/wp-content\/uploads\/2022\/06\/20220630-01.jpg 1170w, https:\/\/www.wallendorff.com\/belogue\/wp-content\/uploads\/2022\/06\/20220630-01-820x547.jpg 820w, https:\/\/www.wallendorff.com\/belogue\/wp-content\/uploads\/2022\/06\/20220630-01-1116x744.jpg 1116w, https:\/\/www.wallendorff.com\/belogue\/wp-content\/uploads\/2022\/06\/20220630-01-806x537.jpg 806w, https:\/\/www.wallendorff.com\/belogue\/wp-content\/uploads\/2022\/06\/20220630-01-558x372.jpg 558w, https:\/\/www.wallendorff.com\/belogue\/wp-content\/uploads\/2022\/06\/20220630-01-655x437.jpg 655w\" sizes=\"(max-width: 1170px) 100vw, 1170px\" \/><\/a>\n\t\t\t<\/div>\n\t\t\t\t<figcaption class='wp-caption-text gallery-caption' id='gallery-1-51796'>\n\t\t\t\tLes Eurock\u00e9ennes, Belfort, 30\/06\/2022\n\t\t\t\t<\/figcaption><\/figure><figure class='gallery-item'>\n\t\t\t<div class='gallery-icon landscape'>\n\t\t\t\t<a data-elementor-open-lightbox=\"yes\" data-elementor-lightbox-slideshow=\"5bd6259\" data-e-action-hash=\"#elementor-action%3Aaction%3Dlightbox%26settings%3DeyJpZCI6NTE3OTcsInVybCI6Imh0dHBzOlwvXC93d3cud2FsbGVuZG9yZmYuY29tXC9iZWxvZ3VlXC93cC1jb250ZW50XC91cGxvYWRzXC8yMDIyXC8wNlwvMjAyMjA2MzAtMDIuanBnIiwic2xpZGVzaG93IjoiNWJkNjI1OSJ9\" href='https:\/\/www.wallendorff.com\/belogue\/wp-content\/uploads\/2022\/06\/20220630-02.jpg'><img width=\"1170\" height=\"780\" src=\"https:\/\/www.wallendorff.com\/belogue\/wp-content\/uploads\/2022\/06\/20220630-02.jpg\" class=\"attachment-large size-large\" alt=\"\" aria-describedby=\"gallery-1-51797\" decoding=\"async\" srcset=\"https:\/\/www.wallendorff.com\/belogue\/wp-content\/uploads\/2022\/06\/20220630-02.jpg 1170w, https:\/\/www.wallendorff.com\/belogue\/wp-content\/uploads\/2022\/06\/20220630-02-820x547.jpg 820w, https:\/\/www.wallendorff.com\/belogue\/wp-content\/uploads\/2022\/06\/20220630-02-1116x744.jpg 1116w, https:\/\/www.wallendorff.com\/belogue\/wp-content\/uploads\/2022\/06\/20220630-02-806x537.jpg 806w, https:\/\/www.wallendorff.com\/belogue\/wp-content\/uploads\/2022\/06\/20220630-02-558x372.jpg 558w, https:\/\/www.wallendorff.com\/belogue\/wp-content\/uploads\/2022\/06\/20220630-02-655x437.jpg 655w\" sizes=\"(max-width: 1170px) 100vw, 1170px\" \/><\/a>\n\t\t\t<\/div>\n\t\t\t\t<figcaption class='wp-caption-text gallery-caption' id='gallery-1-51797'>\n\t\t\t\tLes Eurock\u00e9ennes, Belfort, 30\/06\/2022\n\t\t\t\t<\/figcaption><\/figure><figure class='gallery-item'>\n\t\t\t<div class='gallery-icon landscape'>\n\t\t\t\t<a data-elementor-open-lightbox=\"yes\" data-elementor-lightbox-slideshow=\"5bd6259\" data-e-action-hash=\"#elementor-action%3Aaction%3Dlightbox%26settings%3DeyJpZCI6NTE3OTgsInVybCI6Imh0dHBzOlwvXC93d3cud2FsbGVuZG9yZmYuY29tXC9iZWxvZ3VlXC93cC1jb250ZW50XC91cGxvYWRzXC8yMDIyXC8wNlwvMjAyMjA2MzAtMDMuanBnIiwic2xpZGVzaG93IjoiNWJkNjI1OSJ9\" href='https:\/\/www.wallendorff.com\/belogue\/wp-content\/uploads\/2022\/06\/20220630-03.jpg'><img width=\"1170\" height=\"780\" src=\"https:\/\/www.wallendorff.com\/belogue\/wp-content\/uploads\/2022\/06\/20220630-03.jpg\" class=\"attachment-large size-large\" alt=\"\" aria-describedby=\"gallery-1-51798\" decoding=\"async\" srcset=\"https:\/\/www.wallendorff.com\/belogue\/wp-content\/uploads\/2022\/06\/20220630-03.jpg 1170w, https:\/\/www.wallendorff.com\/belogue\/wp-content\/uploads\/2022\/06\/20220630-03-820x547.jpg 820w, https:\/\/www.wallendorff.com\/belogue\/wp-content\/uploads\/2022\/06\/20220630-03-1116x744.jpg 1116w, https:\/\/www.wallendorff.com\/belogue\/wp-content\/uploads\/2022\/06\/20220630-03-806x537.jpg 806w, https:\/\/www.wallendorff.com\/belogue\/wp-content\/uploads\/2022\/06\/20220630-03-558x372.jpg 558w, https:\/\/www.wallendorff.com\/belogue\/wp-content\/uploads\/2022\/06\/20220630-03-655x437.jpg 655w\" sizes=\"(max-width: 1170px) 100vw, 1170px\" \/><\/a>\n\t\t\t<\/div>\n\t\t\t\t<figcaption class='wp-caption-text gallery-caption' id='gallery-1-51798'>\n\t\t\t\tLes Eurock\u00e9ennes, Belfort, 30\/06\/2022\n\t\t\t\t<\/figcaption><\/figure><figure class='gallery-item'>\n\t\t\t<div class='gallery-icon portrait'>\n\t\t\t\t<a data-elementor-open-lightbox=\"yes\" data-elementor-lightbox-slideshow=\"5bd6259\" data-e-action-hash=\"#elementor-action%3Aaction%3Dlightbox%26settings%3DeyJpZCI6NTE3OTksInVybCI6Imh0dHBzOlwvXC93d3cud2FsbGVuZG9yZmYuY29tXC9iZWxvZ3VlXC93cC1jb250ZW50XC91cGxvYWRzXC8yMDIyXC8wNlwvMjAyMjA2MzAtMDQuanBnIiwic2xpZGVzaG93IjoiNWJkNjI1OSJ9\" href='https:\/\/www.wallendorff.com\/belogue\/wp-content\/uploads\/2022\/06\/20220630-04.jpg'><img loading=\"lazy\" width=\"780\" height=\"1170\" src=\"https:\/\/www.wallendorff.com\/belogue\/wp-content\/uploads\/2022\/06\/20220630-04.jpg\" class=\"attachment-large size-large\" alt=\"\" aria-describedby=\"gallery-1-51799\" decoding=\"async\" srcset=\"https:\/\/www.wallendorff.com\/belogue\/wp-content\/uploads\/2022\/06\/20220630-04.jpg 780w, https:\/\/www.wallendorff.com\/belogue\/wp-content\/uploads\/2022\/06\/20220630-04-558x837.jpg 558w, https:\/\/www.wallendorff.com\/belogue\/wp-content\/uploads\/2022\/06\/20220630-04-655x983.jpg 655w\" sizes=\"(max-width: 780px) 100vw, 780px\" \/><\/a>\n\t\t\t<\/div>\n\t\t\t\t<figcaption class='wp-caption-text gallery-caption' id='gallery-1-51799'>\n\t\t\t\tLes Eurock\u00e9ennes, Belfort, 30\/06\/2022\n\t\t\t\t<\/figcaption><\/figure><figure class='gallery-item'>\n\t\t\t<div class='gallery-icon landscape'>\n\t\t\t\t<a data-elementor-open-lightbox=\"yes\" data-elementor-lightbox-slideshow=\"5bd6259\" data-e-action-hash=\"#elementor-action%3Aaction%3Dlightbox%26settings%3DeyJpZCI6NTE4MDAsInVybCI6Imh0dHBzOlwvXC93d3cud2FsbGVuZG9yZmYuY29tXC9iZWxvZ3VlXC93cC1jb250ZW50XC91cGxvYWRzXC8yMDIyXC8wNlwvMjAyMjA2MzAtMDUuanBnIiwic2xpZGVzaG93IjoiNWJkNjI1OSJ9\" href='https:\/\/www.wallendorff.com\/belogue\/wp-content\/uploads\/2022\/06\/20220630-05.jpg'><img loading=\"lazy\" width=\"1170\" height=\"780\" src=\"https:\/\/www.wallendorff.com\/belogue\/wp-content\/uploads\/2022\/06\/20220630-05.jpg\" class=\"attachment-large size-large\" alt=\"\" aria-describedby=\"gallery-1-51800\" decoding=\"async\" srcset=\"https:\/\/www.wallendorff.com\/belogue\/wp-content\/uploads\/2022\/06\/20220630-05.jpg 1170w, https:\/\/www.wallendorff.com\/belogue\/wp-content\/uploads\/2022\/06\/20220630-05-820x547.jpg 820w, https:\/\/www.wallendorff.com\/belogue\/wp-content\/uploads\/2022\/06\/20220630-05-1116x744.jpg 1116w, https:\/\/www.wallendorff.com\/belogue\/wp-content\/uploads\/2022\/06\/20220630-05-806x537.jpg 806w, https:\/\/www.wallendorff.com\/belogue\/wp-content\/uploads\/2022\/06\/20220630-05-558x372.jpg 558w, https:\/\/www.wallendorff.com\/belogue\/wp-content\/uploads\/2022\/06\/20220630-05-655x437.jpg 655w\" sizes=\"(max-width: 1170px) 100vw, 1170px\" \/><\/a>\n\t\t\t<\/div>\n\t\t\t\t<figcaption class='wp-caption-text gallery-caption' id='gallery-1-51800'>\n\t\t\t\tLes Eurock\u00e9ennes, Belfort, 30\/06\/2022\n\t\t\t\t<\/figcaption><\/figure><figure class='gallery-item'>\n\t\t\t<div class='gallery-icon landscape'>\n\t\t\t\t<a data-elementor-open-lightbox=\"yes\" data-elementor-lightbox-slideshow=\"5bd6259\" data-e-action-hash=\"#elementor-action%3Aaction%3Dlightbox%26settings%3DeyJpZCI6NTE4MDEsInVybCI6Imh0dHBzOlwvXC93d3cud2FsbGVuZG9yZmYuY29tXC9iZWxvZ3VlXC93cC1jb250ZW50XC91cGxvYWRzXC8yMDIyXC8wNlwvMjAyMjA2MzAtMDYuanBnIiwic2xpZGVzaG93IjoiNWJkNjI1OSJ9\" href='https:\/\/www.wallendorff.com\/belogue\/wp-content\/uploads\/2022\/06\/20220630-06.jpg'><img loading=\"lazy\" width=\"1170\" height=\"780\" src=\"https:\/\/www.wallendorff.com\/belogue\/wp-content\/uploads\/2022\/06\/20220630-06.jpg\" class=\"attachment-large size-large\" alt=\"\" aria-describedby=\"gallery-1-51801\" decoding=\"async\" srcset=\"https:\/\/www.wallendorff.com\/belogue\/wp-content\/uploads\/2022\/06\/20220630-06.jpg 1170w, https:\/\/www.wallendorff.com\/belogue\/wp-content\/uploads\/2022\/06\/20220630-06-820x547.jpg 820w, https:\/\/www.wallendorff.com\/belogue\/wp-content\/uploads\/2022\/06\/20220630-06-1116x744.jpg 1116w, https:\/\/www.wallendorff.com\/belogue\/wp-content\/uploads\/2022\/06\/20220630-06-806x537.jpg 806w, https:\/\/www.wallendorff.com\/belogue\/wp-content\/uploads\/2022\/06\/20220630-06-558x372.jpg 558w, https:\/\/www.wallendorff.com\/belogue\/wp-content\/uploads\/2022\/06\/20220630-06-655x437.jpg 655w, https:\/\/www.wallendorff.com\/belogue\/wp-content\/uploads\/2022\/06\/20220630-06-600x400.jpg 600w\" sizes=\"(max-width: 1170px) 100vw, 1170px\" \/><\/a>\n\t\t\t<\/div>\n\t\t\t\t<figcaption class='wp-caption-text gallery-caption' id='gallery-1-51801'>\n\t\t\t\tLes Eurock\u00e9ennes, Belfort, 30\/06\/2022\n\t\t\t\t<\/figcaption><\/figure><figure class='gallery-item'>\n\t\t\t<div class='gallery-icon landscape'>\n\t\t\t\t<a data-elementor-open-lightbox=\"yes\" data-elementor-lightbox-slideshow=\"5bd6259\" data-e-action-hash=\"#elementor-action%3Aaction%3Dlightbox%26settings%3DeyJpZCI6NTE4MDIsInVybCI6Imh0dHBzOlwvXC93d3cud2FsbGVuZG9yZmYuY29tXC9iZWxvZ3VlXC93cC1jb250ZW50XC91cGxvYWRzXC8yMDIyXC8wNlwvMjAyMjA2MzAtMDcuanBnIiwic2xpZGVzaG93IjoiNWJkNjI1OSJ9\" href='https:\/\/www.wallendorff.com\/belogue\/wp-content\/uploads\/2022\/06\/20220630-07.jpg'><img loading=\"lazy\" width=\"1170\" height=\"780\" src=\"https:\/\/www.wallendorff.com\/belogue\/wp-content\/uploads\/2022\/06\/20220630-07.jpg\" class=\"attachment-large size-large\" alt=\"\" aria-describedby=\"gallery-1-51802\" decoding=\"async\" srcset=\"https:\/\/www.wallendorff.com\/belogue\/wp-content\/uploads\/2022\/06\/20220630-07.jpg 1170w, https:\/\/www.wallendorff.com\/belogue\/wp-content\/uploads\/2022\/06\/20220630-07-820x547.jpg 820w, https:\/\/www.wallendorff.com\/belogue\/wp-content\/uploads\/2022\/06\/20220630-07-1116x744.jpg 1116w, https:\/\/www.wallendorff.com\/belogue\/wp-content\/uploads\/2022\/06\/20220630-07-806x537.jpg 806w, https:\/\/www.wallendorff.com\/belogue\/wp-content\/uploads\/2022\/06\/20220630-07-558x372.jpg 558w, https:\/\/www.wallendorff.com\/belogue\/wp-content\/uploads\/2022\/06\/20220630-07-655x437.jpg 655w\" sizes=\"(max-width: 1170px) 100vw, 1170px\" \/><\/a>\n\t\t\t<\/div>\n\t\t\t\t<figcaption class='wp-caption-text gallery-caption' id='gallery-1-51802'>\n\t\t\t\tLes Eurock\u00e9ennes, Belfort, 30\/06\/2022\n\t\t\t\t<\/figcaption><\/figure><figure class='gallery-item'>\n\t\t\t<div class='gallery-icon landscape'>\n\t\t\t\t<a data-elementor-open-lightbox=\"yes\" data-elementor-lightbox-slideshow=\"5bd6259\" data-e-action-hash=\"#elementor-action%3Aaction%3Dlightbox%26settings%3DeyJpZCI6NTE4MDMsInVybCI6Imh0dHBzOlwvXC93d3cud2FsbGVuZG9yZmYuY29tXC9iZWxvZ3VlXC93cC1jb250ZW50XC91cGxvYWRzXC8yMDIyXC8wNlwvMjAyMjA2MzAtMDguanBnIiwic2xpZGVzaG93IjoiNWJkNjI1OSJ9\" href='https:\/\/www.wallendorff.com\/belogue\/wp-content\/uploads\/2022\/06\/20220630-08.jpg'><img loading=\"lazy\" width=\"1170\" height=\"780\" src=\"https:\/\/www.wallendorff.com\/belogue\/wp-content\/uploads\/2022\/06\/20220630-08.jpg\" class=\"attachment-large size-large\" alt=\"\" aria-describedby=\"gallery-1-51803\" decoding=\"async\" srcset=\"https:\/\/www.wallendorff.com\/belogue\/wp-content\/uploads\/2022\/06\/20220630-08.jpg 1170w, https:\/\/www.wallendorff.com\/belogue\/wp-content\/uploads\/2022\/06\/20220630-08-820x547.jpg 820w, https:\/\/www.wallendorff.com\/belogue\/wp-content\/uploads\/2022\/06\/20220630-08-1116x744.jpg 1116w, https:\/\/www.wallendorff.com\/belogue\/wp-content\/uploads\/2022\/06\/20220630-08-806x537.jpg 806w, https:\/\/www.wallendorff.com\/belogue\/wp-content\/uploads\/2022\/06\/20220630-08-558x372.jpg 558w, https:\/\/www.wallendorff.com\/belogue\/wp-content\/uploads\/2022\/06\/20220630-08-655x437.jpg 655w\" sizes=\"(max-width: 1170px) 100vw, 1170px\" \/><\/a>\n\t\t\t<\/div>\n\t\t\t\t<figcaption class='wp-caption-text gallery-caption' id='gallery-1-51803'>\n\t\t\t\tLes Eurock\u00e9ennes, Belfort, 30\/06\/2022\n\t\t\t\t<\/figcaption><\/figure><figure class='gallery-item'>\n\t\t\t<div class='gallery-icon landscape'>\n\t\t\t\t<a data-elementor-open-lightbox=\"yes\" data-elementor-lightbox-slideshow=\"5bd6259\" data-e-action-hash=\"#elementor-action%3Aaction%3Dlightbox%26settings%3DeyJpZCI6NTE4MDQsInVybCI6Imh0dHBzOlwvXC93d3cud2FsbGVuZG9yZmYuY29tXC9iZWxvZ3VlXC93cC1jb250ZW50XC91cGxvYWRzXC8yMDIyXC8wNlwvMjAyMjA2MzAtMDkuanBnIiwic2xpZGVzaG93IjoiNWJkNjI1OSJ9\" href='https:\/\/www.wallendorff.com\/belogue\/wp-content\/uploads\/2022\/06\/20220630-09.jpg'><img loading=\"lazy\" width=\"1170\" height=\"780\" src=\"https:\/\/www.wallendorff.com\/belogue\/wp-content\/uploads\/2022\/06\/20220630-09.jpg\" class=\"attachment-large size-large\" alt=\"\" aria-describedby=\"gallery-1-51804\" decoding=\"async\" srcset=\"https:\/\/www.wallendorff.com\/belogue\/wp-content\/uploads\/2022\/06\/20220630-09.jpg 1170w, https:\/\/www.wallendorff.com\/belogue\/wp-content\/uploads\/2022\/06\/20220630-09-820x547.jpg 820w, https:\/\/www.wallendorff.com\/belogue\/wp-content\/uploads\/2022\/06\/20220630-09-1116x744.jpg 1116w, https:\/\/www.wallendorff.com\/belogue\/wp-content\/uploads\/2022\/06\/20220630-09-806x537.jpg 806w, https:\/\/www.wallendorff.com\/belogue\/wp-content\/uploads\/2022\/06\/20220630-09-558x372.jpg 558w, https:\/\/www.wallendorff.com\/belogue\/wp-content\/uploads\/2022\/06\/20220630-09-655x437.jpg 655w\" sizes=\"(max-width: 1170px) 100vw, 1170px\" \/><\/a>\n\t\t\t<\/div>\n\t\t\t\t<figcaption class='wp-caption-text gallery-caption' id='gallery-1-51804'>\n\t\t\t\tLes Eurock\u00e9ennes, Belfort, 30\/06\/2022\n\t\t\t\t<\/figcaption><\/figure>\n\t\t<\/div>\n\t\t<\/div>\n\t\t\t\t\t\t<\/div>\n\t\t\t\t<\/div>\n\t\t\t\t\t<\/div>\n\t\t<\/div>\n\t\t\t\t\t<\/div>\n\t\t<\/section>\n\t\t\t\t<\/div>\n\t\t","protected":false},"excerpt":{"rendered":"<p>Elle \u00e9tait pas tr\u00e8s dr\u00f4le, ta blague, la m\u00e9t\u00e9o, de me f\u00eater mes 15e Eurock\u00e9ennes avec une redite de mes toutes premi\u00e8res, il y a 21 ans, avec un orage qui nous ruine la journ\u00e9e et nous renvoie chez nous tremp\u00e9s. Et fac\u00e9tieux, ton orage, avec \u00e7a. Figure-toi qu&rsquo;il m&rsquo;est tomb\u00e9 dessus alors que je&hellip;<\/p>\n","protected":false},"author":1,"featured_media":51801,"comment_status":"open","ping_status":"open","sticky":false,"template":"","format":"standard","meta":{"_acf_changed":false,"ngg_post_thumbnail":0,"jetpack_post_was_ever_published":false,"_jetpack_newsletter_access":"","_jetpack_dont_email_post_to_subs":false,"_jetpack_newsletter_tier_id":0,"_jetpack_memberships_contains_paywalled_content":false,"_jetpack_memberships_contains_paid_content":false,"footnotes":"","jetpack_publicize_message":"","jetpack_publicize_feature_enabled":true,"jetpack_social_post_already_shared":true,"jetpack_social_options":{"image_generator_settings":{"template":"highway","default_image_id":0,"font":"","enabled":false},"version":2}},"categories":[7],"tags":[17781,10084,6103,10110,10109,17934,10136,10120,10296,15878,14890,15309,10135,12035,10295],"class_list":["post-51794","post","type-post","status-publish","format-standard","has-post-thumbnail","hentry","category-alive","tag-17781","tag-alive","tag-ambiance-2","tag-belfort","tag-eurockeennes","tag-eurockeennes-2022","tag-festival","tag-france","tag-franche-comte","tag-fujifilm-x-t3","tag-fujinon-xf-10-24-mm-f-4-r-ois","tag-fujinon-xf-16-55-mm-f-2-8-r-lm-wr","tag-public","tag-sermamagny","tag-territoire-de-belfort"],"acf":[],"geo":{"latitude":47.6851463,"longitude":6.8091631,"description":"Chemin de Cramenuz, 90300 Sermamagny, France"},"jetpack_publicize_connections":[],"jetpack_featured_media_url":"https:\/\/www.wallendorff.com\/belogue\/wp-content\/uploads\/2022\/06\/20220630-06.jpg","jetpack_shortlink":"https:\/\/wp.me\/p3b35P-dto","jetpack_sharing_enabled":true,"jetpack-related-posts":[{"id":51812,"url":"https:\/\/www.wallendorff.com\/belogue\/2022\/07\/01\/les-eurockeennes-2022-belfort-jour-2\/","url_meta":{"origin":51794,"position":0},"title":"Les Eurock\u00e9ennes 2022, Belfort, jour 2.","author":"dpc","date":"1 juillet 2022","format":false,"excerpt":"\u00c0 demain ! Les Eurock\u00e9ennes, Belfort, 01\/07\/2022 Les Eurock\u00e9ennes, Belfort, 01\/07\/2022 Les Eurock\u00e9ennes, Belfort, 01\/07\/2022 Les Eurock\u00e9ennes, Belfort, 01\/07\/2022 Les Eurock\u00e9ennes, Belfort, 01\/07\/2022 Les Eurock\u00e9ennes, Belfort, 01\/07\/2022 Les Eurock\u00e9ennes, Belfort, 01\/07\/2022 Les Eurock\u00e9ennes, Belfort, 01\/07\/2022 Les Eurock\u00e9ennes, Belfort, 01\/07\/2022 Les Eurock\u00e9ennes, Belfort, 01\/07\/2022 Les Eurock\u00e9ennes, Belfort, 01\/07\/2022 Les Eurock\u00e9ennes, Belfort,\u2026","rel":"","context":"Dans &quot;Alive&quot;","block_context":{"text":"Alive","link":"https:\/\/www.wallendorff.com\/belogue\/category\/alive\/"},"img":{"alt_text":"","src":"https:\/\/i0.wp.com\/www.wallendorff.com\/belogue\/wp-content\/uploads\/2022\/07\/20220701-01.jpg?resize=350%2C200&ssl=1","width":350,"height":200,"srcset":"https:\/\/i0.wp.com\/www.wallendorff.com\/belogue\/wp-content\/uploads\/2022\/07\/20220701-01.jpg?resize=350%2C200&ssl=1 1x, https:\/\/i0.wp.com\/www.wallendorff.com\/belogue\/wp-content\/uploads\/2022\/07\/20220701-01.jpg?resize=525%2C300&ssl=1 1.5x, https:\/\/i0.wp.com\/www.wallendorff.com\/belogue\/wp-content\/uploads\/2022\/07\/20220701-01.jpg?resize=700%2C400&ssl=1 2x, https:\/\/i0.wp.com\/www.wallendorff.com\/belogue\/wp-content\/uploads\/2022\/07\/20220701-01.jpg?resize=1050%2C600&ssl=1 3x"},"classes":[]},{"id":42321,"url":"https:\/\/www.wallendorff.com\/belogue\/2019\/07\/06\/les-eurockeennes-de-belfort-2019-jour-2\/","url_meta":{"origin":51794,"position":1},"title":"Les Eurock\u00e9ennes de Belfort 2019, jour 2.","author":"dpc","date":"6 juillet 2019","format":false,"excerpt":"","rel":"","context":"Dans &quot;Alive&quot;","block_context":{"text":"Alive","link":"https:\/\/www.wallendorff.com\/belogue\/category\/alive\/"},"img":{"alt_text":"","src":"https:\/\/i0.wp.com\/www.wallendorff.com\/belogue\/wp-content\/uploads\/2019\/07\/20190706-35.jpg?resize=350%2C200&ssl=1","width":350,"height":200,"srcset":"https:\/\/i0.wp.com\/www.wallendorff.com\/belogue\/wp-content\/uploads\/2019\/07\/20190706-35.jpg?resize=350%2C200&ssl=1 1x, https:\/\/i0.wp.com\/www.wallendorff.com\/belogue\/wp-content\/uploads\/2019\/07\/20190706-35.jpg?resize=525%2C300&ssl=1 1.5x, https:\/\/i0.wp.com\/www.wallendorff.com\/belogue\/wp-content\/uploads\/2019\/07\/20190706-35.jpg?resize=700%2C400&ssl=1 2x, https:\/\/i0.wp.com\/www.wallendorff.com\/belogue\/wp-content\/uploads\/2019\/07\/20190706-35.jpg?resize=1050%2C600&ssl=1 3x"},"classes":[]},{"id":51927,"url":"https:\/\/www.wallendorff.com\/belogue\/2022\/07\/04\/les-eurockeennes-2022-belfort-jour-4\/","url_meta":{"origin":51794,"position":2},"title":"Les Eurock\u00e9ennes 2022, Belfort, jour 4.","author":"dpc","date":"4 juillet 2022","format":false,"excerpt":"Les Eurock\u00e9ennes, Belfort, 03\/07\/2022 Les Eurock\u00e9ennes, Belfort, 03\/07\/2022 Les Eurock\u00e9ennes, Belfort, 03\/07\/2022 Declan McKenna @ les Eurock\u00e9ennes, Belfort, 03\/07\/2022 Declan McKenna @ les Eurock\u00e9ennes, Belfort, 03\/07\/2022 Declan McKenna @ les Eurock\u00e9ennes, Belfort, 03\/07\/2022 Les Eurock\u00e9ennes, Belfort, 03\/07\/2022 Declan McKenna @ les Eurock\u00e9ennes, Belfort, 03\/07\/2022 Declan McKenna @ les Eurock\u00e9ennes, Belfort,\u2026","rel":"","context":"Dans &quot;Alive&quot;","block_context":{"text":"Alive","link":"https:\/\/www.wallendorff.com\/belogue\/category\/alive\/"},"img":{"alt_text":"","src":"https:\/\/i0.wp.com\/www.wallendorff.com\/belogue\/wp-content\/uploads\/2022\/07\/20220705-43.jpg?resize=350%2C200&ssl=1","width":350,"height":200,"srcset":"https:\/\/i0.wp.com\/www.wallendorff.com\/belogue\/wp-content\/uploads\/2022\/07\/20220705-43.jpg?resize=350%2C200&ssl=1 1x, https:\/\/i0.wp.com\/www.wallendorff.com\/belogue\/wp-content\/uploads\/2022\/07\/20220705-43.jpg?resize=525%2C300&ssl=1 1.5x, https:\/\/i0.wp.com\/www.wallendorff.com\/belogue\/wp-content\/uploads\/2022\/07\/20220705-43.jpg?resize=700%2C400&ssl=1 2x, https:\/\/i0.wp.com\/www.wallendorff.com\/belogue\/wp-content\/uploads\/2022\/07\/20220705-43.jpg?resize=1050%2C600&ssl=1 3x"},"classes":[]},{"id":48837,"url":"https:\/\/www.wallendorff.com\/belogue\/2021\/07\/21\/les-eurockeennes-en-residence-secondaire-belfort-20-juillet-2021\/","url_meta":{"origin":51794,"position":3},"title":"Les Eurock\u00e9ennes en r\u00e9sidence secondaire, Belfort, 20 juillet 2021.","author":"dpc","date":"21 juillet 2021","format":false,"excerpt":"Avec Fulu Miziki, Asher Selector, The Inspector Cluzo wsg Philippe Etchebest et Acid Arab. Les Eurock\u00e9ennes, Belfort, 20\/07\/2021 Les Eurock\u00e9ennes, Belfort, 20\/07\/2021 Les Eurock\u00e9ennes, Belfort, 20\/07\/2021 Les Eurock\u00e9ennes, Belfort, 20\/07\/2021 Les Eurock\u00e9ennes, Belfort, 20\/07\/2021 Les Eurock\u00e9ennes, Belfort, 20\/07\/2021 Fulu Miziki @ les Eurock\u00e9ennes, Belfort, 21\/07\/2021 The Smashing Pumpkins @ les\u2026","rel":"","context":"Dans &quot;Alive&quot;","block_context":{"text":"Alive","link":"https:\/\/www.wallendorff.com\/belogue\/category\/alive\/"},"img":{"alt_text":"","src":"https:\/\/i0.wp.com\/www.wallendorff.com\/belogue\/wp-content\/uploads\/2021\/07\/20210721-36.jpg?resize=350%2C200&ssl=1","width":350,"height":200,"srcset":"https:\/\/i0.wp.com\/www.wallendorff.com\/belogue\/wp-content\/uploads\/2021\/07\/20210721-36.jpg?resize=350%2C200&ssl=1 1x, https:\/\/i0.wp.com\/www.wallendorff.com\/belogue\/wp-content\/uploads\/2021\/07\/20210721-36.jpg?resize=525%2C300&ssl=1 1.5x, https:\/\/i0.wp.com\/www.wallendorff.com\/belogue\/wp-content\/uploads\/2021\/07\/20210721-36.jpg?resize=700%2C400&ssl=1 2x, https:\/\/i0.wp.com\/www.wallendorff.com\/belogue\/wp-content\/uploads\/2021\/07\/20210721-36.jpg?resize=1050%2C600&ssl=1 3x"},"classes":[]},{"id":42511,"url":"https:\/\/www.wallendorff.com\/belogue\/2019\/07\/08\/les-eurockeennes-2019-belfort-jour-4\/","url_meta":{"origin":51794,"position":4},"title":"Les Eurock\u00e9ennes 2019, Belfort, jour 4.","author":"dpc","date":"8 juillet 2019","format":false,"excerpt":"","rel":"","context":"Dans &quot;Alive&quot;","block_context":{"text":"Alive","link":"https:\/\/www.wallendorff.com\/belogue\/category\/alive\/"},"img":{"alt_text":"","src":"https:\/\/i0.wp.com\/www.wallendorff.com\/belogue\/wp-content\/uploads\/2019\/07\/20190708-08.jpg?resize=350%2C200&ssl=1","width":350,"height":200,"srcset":"https:\/\/i0.wp.com\/www.wallendorff.com\/belogue\/wp-content\/uploads\/2019\/07\/20190708-08.jpg?resize=350%2C200&ssl=1 1x, https:\/\/i0.wp.com\/www.wallendorff.com\/belogue\/wp-content\/uploads\/2019\/07\/20190708-08.jpg?resize=525%2C300&ssl=1 1.5x, https:\/\/i0.wp.com\/www.wallendorff.com\/belogue\/wp-content\/uploads\/2019\/07\/20190708-08.jpg?resize=700%2C400&ssl=1 2x, https:\/\/i0.wp.com\/www.wallendorff.com\/belogue\/wp-content\/uploads\/2019\/07\/20190708-08.jpg?resize=1050%2C600&ssl=1 3x"},"classes":[]},{"id":51834,"url":"https:\/\/www.wallendorff.com\/belogue\/2022\/07\/03\/les-eurockeennes-2022-belfort-jour-3\/","url_meta":{"origin":51794,"position":5},"title":"Les Eurock\u00e9ennes 2022, Belfort, jour 3.","author":"dpc","date":"3 juillet 2022","format":false,"excerpt":"Premi\u00e8re vraie journ\u00e9e aux Eurock\u00e9ennes depuis le 8 juillet 2019. Les Eurock\u00e9ennes, Belfort, 02\/07\/2022 Arka\u2019n Asrafokor @ les Eurock\u00e9ennes, Belfort, 02\/07\/2022 Arka\u2019n Asrafokor @ les Eurock\u00e9ennes, Belfort, 02\/07\/2022 Arka\u2019n Asrafokor @ les Eurock\u00e9ennes, Belfort, 02\/07\/2022 Arka\u2019n Asrafokor @ les Eurock\u00e9ennes, Belfort, 02\/07\/2022 Les Eurock\u00e9ennes, Belfort, 02\/07\/2022 Arka\u2019n Asrafokor @ les\u2026","rel":"","context":"Dans &quot;Alive&quot;","block_context":{"text":"Alive","link":"https:\/\/www.wallendorff.com\/belogue\/category\/alive\/"},"img":{"alt_text":"","src":"https:\/\/i0.wp.com\/www.wallendorff.com\/belogue\/wp-content\/uploads\/2022\/07\/20220702-43.jpg?resize=350%2C200&ssl=1","width":350,"height":200,"srcset":"https:\/\/i0.wp.com\/www.wallendorff.com\/belogue\/wp-content\/uploads\/2022\/07\/20220702-43.jpg?resize=350%2C200&ssl=1 1x, https:\/\/i0.wp.com\/www.wallendorff.com\/belogue\/wp-content\/uploads\/2022\/07\/20220702-43.jpg?resize=525%2C300&ssl=1 1.5x, https:\/\/i0.wp.com\/www.wallendorff.com\/belogue\/wp-content\/uploads\/2022\/07\/20220702-43.jpg?resize=700%2C400&ssl=1 2x, https:\/\/i0.wp.com\/www.wallendorff.com\/belogue\/wp-content\/uploads\/2022\/07\/20220702-43.jpg?resize=1050%2C600&ssl=1 3x"},"classes":[]}],"_links":{"self":[{"href":"https:\/\/www.wallendorff.com\/belogue\/wp-json\/wp\/v2\/posts\/51794","targetHints":{"allow":["GET"]}}],"collection":[{"href":"https:\/\/www.wallendorff.com\/belogue\/wp-json\/wp\/v2\/posts"}],"about":[{"href":"https:\/\/www.wallendorff.com\/belogue\/wp-json\/wp\/v2\/types\/post"}],"author":[{"embeddable":true,"href":"https:\/\/www.wallendorff.com\/belogue\/wp-json\/wp\/v2\/users\/1"}],"replies":[{"embeddable":true,"href":"https:\/\/www.wallendorff.com\/belogue\/wp-json\/wp\/v2\/comments?post=51794"}],"version-history":[{"count":8,"href":"https:\/\/www.wallendorff.com\/belogue\/wp-json\/wp\/v2\/posts\/51794\/revisions"}],"predecessor-version":[{"id":51811,"href":"https:\/\/www.wallendorff.com\/belogue\/wp-json\/wp\/v2\/posts\/51794\/revisions\/51811"}],"wp:featuredmedia":[{"embeddable":true,"href":"https:\/\/www.wallendorff.com\/belogue\/wp-json\/wp\/v2\/media\/51801"}],"wp:attachment":[{"href":"https:\/\/www.wallendorff.com\/belogue\/wp-json\/wp\/v2\/media?parent=51794"}],"wp:term":[{"taxonomy":"category","embeddable":true,"href":"https:\/\/www.wallendorff.com\/belogue\/wp-json\/wp\/v2\/categories?post=51794"},{"taxonomy":"post_tag","embeddable":true,"href":"https:\/\/www.wallendorff.com\/belogue\/wp-json\/wp\/v2\/tags?post=51794"}],"curies":[{"name":"wp","href":"https:\/\/api.w.org\/{rel}","templated":true}]}}