{"id":5177,"date":"2009-11-27T10:00:59","date_gmt":"2009-11-27T09:00:59","guid":{"rendered":"http:\/\/www.po-l.com\/belogue\/?p=5177"},"modified":"2012-04-04T15:34:55","modified_gmt":"2012-04-04T13:34:55","slug":"franz-ferdinand-the-cribs-john-and-jehn-le-zenith-paris","status":"publish","type":"post","link":"https:\/\/www.wallendorff.com\/belogue\/2009\/11\/27\/franz-ferdinand-the-cribs-john-and-jehn-le-zenith-paris\/","title":{"rendered":"Franz Ferdinand + The Cribs + John and Jehn @ le Z\u00e9nith, Paris."},"content":{"rendered":"<div id=\"photo\">\n<p><img decoding=\"async\" src=\"https:\/\/www.wallendorff.com\/belogue\/photo\/2009\/11\/20091127.jpg\" \/><\/p>\n<\/div>\n<div id=\"bandeson\">\n<p><img decoding=\"async\" src=\"https:\/\/www.wallendorff.com\/belogue\/photo\/pochettes\/blank.jpg\" align=\"left\" \/>&nbsp;<a href=\"http:\/\/www.franzferdinand.co.uk\">Franz Ferdinand<\/a> &ndash; <em>Take Me Out<\/em> (live Pal&eacute;o 2009) (pour rester dans l&rsquo;ambiance)<\/p>\n<\/div>\n<p>J&rsquo;aurai donc vu Franz Ferdinand six fois. Trois fois au &Eacute;tats-Unis, trois fois en France, quatre fois au complet, une fois avec un bassiste alimentairement intoxiqu&eacute;, une fois avec un guitariste &eacute;clop&eacute;, une fois avec un batteur au <em>tw&egrave;s tw&egrave;s gwosse beat<\/em>, une fois devant un fouteballeur super-connu, une fois en ayant failli pas entrer, une fois en ayant d&ucirc; se taper Good Charlotte, trois fois pour le premier album, une fois pour le deuxi&egrave;me, deux fois pour le troisi&egrave;me, six fois o&ugrave; c&rsquo;&eacute;tait &eacute;norme.<\/p>\n<p style=\"text-align:right\">Et donc, maintenant, une fois avec un chanteur moustachu.<\/p>\n<p>[Un message personnel aux Cribs et leur renfort Johnny Marr pour leur dire qu&rsquo;ils ont tout d&eacute;chir&eacute; grave encore mieux que sur disque et que franchement bravo les gros.]<\/p>\n<h1>John &amp; Jehn<\/h1>ngg_shortcode_0_placeholder<h1>The Cribs<\/h1>ngg_shortcode_1_placeholder<h1>Franz Ferdinand<\/h1>ngg_shortcode_2_placeholder","protected":false},"excerpt":{"rendered":"<p>&nbsp;Franz Ferdinand &ndash; Take Me Out (live Pal&eacute;o 2009) (pour rester dans l&rsquo;ambiance) J&rsquo;aurai donc vu Franz Ferdinand six fois. Trois fois au &Eacute;tats-Unis, trois fois en France, quatre fois au complet, une fois avec un bassiste alimentairement intoxiqu&eacute;, une fois avec un guitariste &eacute;clop&eacute;, une fois avec un batteur au tw&egrave;s tw&egrave;s gwosse beat,&hellip;<\/p>\n","protected":false},"author":1,"featured_media":25607,"comment_status":"open","ping_status":"open","sticky":false,"template":"","format":"standard","meta":{"_acf_changed":false,"ngg_post_thumbnail":0,"jetpack_post_was_ever_published":false,"_jetpack_newsletter_access":"","_jetpack_dont_email_post_to_subs":false,"_jetpack_newsletter_tier_id":0,"_jetpack_memberships_contains_paywalled_content":false,"_jetpack_memberships_contains_paid_content":false,"footnotes":"","jetpack_publicize_message":"","jetpack_publicize_feature_enabled":true,"jetpack_social_post_already_shared":false,"jetpack_social_options":{"image_generator_settings":{"template":"highway","default_image_id":0,"font":"","enabled":false},"version":2}},"categories":[7],"tags":[10508,10268,10084,196,181,2615,10120,10100,10121,10623,10091,10098,674,10624],"class_list":["post-5177","post","type-post","status-publish","format-standard","has-post-thumbnail","hentry","category-alive","tag-10508","tag-10268","tag-alive","tag-ef-28-70-mm-f28l-usm","tag-ef-70-200-mm-f28l-usm","tag-eos-5d-mark-ii","tag-france","tag-franz-ferdinand","tag-ile-de-france","tag-john-jehn","tag-le-zenith","tag-paris","tag-take-me-out","tag-the-cribs"],"acf":[],"geo":{"latitude":48.8943062,"longitude":2.3931313,"description":"All\u00e9e du Z\u00e9nith, 75019 Paris, France"},"jetpack_publicize_connections":[],"jetpack_featured_media_url":"https:\/\/www.wallendorff.com\/belogue\/wp-content\/uploads\/2015\/04\/200911271.jpg","jetpack_shortlink":"https:\/\/wp.me\/p3b35P-1lv","jetpack_sharing_enabled":true,"jetpack-related-posts":[{"id":21380,"url":"https:\/\/www.wallendorff.com\/belogue\/2013\/08\/01\/paleo-festival-nyon-jour-2\/","url_meta":{"origin":5177,"position":0},"title":"Pal\u00e9o Festival 2013, Nyon &#8211; jour 2","author":"dpc","date":"1 ao\u00fbt 2013","format":false,"excerpt":"Quand Arctic Monkeys sont apparus, je les ai vus tous les mois\u00a0: une interview chez Radio France, la Black Session qui allait avec, un Trabendo, un Bataclan puis une deuxi\u00e8me interview derri\u00e8re la sc\u00e8ne du chapiteau des Eurock\u00e9ennes. Et puis plus rien, pour des raisons\u00a0de calendriers incompatibles et de quelques\u2026","rel":"","context":"Dans &quot;Alive&quot;","block_context":{"text":"Alive","link":"https:\/\/www.wallendorff.com\/belogue\/category\/alive\/"},"img":{"alt_text":"","src":"https:\/\/i0.wp.com\/www.wallendorff.com\/belogue\/wp-content\/uploads\/2015\/04\/201308011.jpg?resize=350%2C200&ssl=1","width":350,"height":200,"srcset":"https:\/\/i0.wp.com\/www.wallendorff.com\/belogue\/wp-content\/uploads\/2015\/04\/201308011.jpg?resize=350%2C200&ssl=1 1x, https:\/\/i0.wp.com\/www.wallendorff.com\/belogue\/wp-content\/uploads\/2015\/04\/201308011.jpg?resize=525%2C300&ssl=1 1.5x, https:\/\/i0.wp.com\/www.wallendorff.com\/belogue\/wp-content\/uploads\/2015\/04\/201308011.jpg?resize=700%2C400&ssl=1 2x"},"classes":[]},{"id":3543,"url":"https:\/\/www.wallendorff.com\/belogue\/2008\/11\/01\/im-from-barcelona-le-bataclan-paris\/","url_meta":{"origin":5177,"position":1},"title":"I&rsquo;m From Barcelona @ le Bataclan, Paris.","author":"dpc","date":"1 novembre 2008","format":false,"excerpt":"\u00a0I'm From Barcelona \u2013 Paper Planes Forc\u00e9ment, j'attendais d'eux une soir\u00e9e au moins aussi dingue que mon Halloween 2004 (l\u00e0 et l\u00e0 aussi), mais personne ne se pointa d\u00e9guis\u00e9 sur sc\u00e8ne. Faut dire aussi qu'avec un tel budget confettis et ballons et 29 personnes \u00e0 trimbaler en tourn\u00e9e, on doit\u2026","rel":"","context":"Dans &quot;Alive&quot;","block_context":{"text":"Alive","link":"https:\/\/www.wallendorff.com\/belogue\/category\/alive\/"},"img":{"alt_text":"","src":"https:\/\/i0.wp.com\/www.wallendorff.com\/belogue\/wp-content\/uploads\/2015\/04\/200811011.jpg?resize=350%2C200&ssl=1","width":350,"height":200,"srcset":"https:\/\/i0.wp.com\/www.wallendorff.com\/belogue\/wp-content\/uploads\/2015\/04\/200811011.jpg?resize=350%2C200&ssl=1 1x, https:\/\/i0.wp.com\/www.wallendorff.com\/belogue\/wp-content\/uploads\/2015\/04\/200811011.jpg?resize=525%2C300&ssl=1 1.5x, https:\/\/i0.wp.com\/www.wallendorff.com\/belogue\/wp-content\/uploads\/2015\/04\/200811011.jpg?resize=700%2C400&ssl=1 2x"},"classes":[]},{"id":814,"url":"https:\/\/www.wallendorff.com\/belogue\/2006\/10\/26\/elista-le-bataclan-paris\/","url_meta":{"origin":5177,"position":2},"title":"Elista @ Le Bataclan, Paris.","author":"dpc","date":"26 octobre 2006","format":false,"excerpt":"Ils ont s\u00e9duit en premi\u00e8re partie de The Servant hier soir, ils sont sympas, ils ont fait un chouette album y a trois ans et un encore plus chouette y a trois jours et je vous les conseille parce que pour une fois qu'un groupe fran\u00e7ais est bien, hein, profitons-en.\u2026","rel":"","context":"Dans &quot;Alive&quot;","block_context":{"text":"Alive","link":"https:\/\/www.wallendorff.com\/belogue\/category\/alive\/"},"img":{"alt_text":"","src":"https:\/\/i0.wp.com\/www.wallendorff.com\/belogue\/wp-content\/uploads\/2015\/04\/200610261.jpg?resize=350%2C200&ssl=1","width":350,"height":200},"classes":[]},{"id":9835,"url":"https:\/\/www.wallendorff.com\/belogue\/2010\/11\/24\/the-national-lolympia-paris\/","url_meta":{"origin":5177,"position":3},"title":"The National @ l&rsquo;Olympia, Paris.","author":"dpc","date":"24 novembre 2010","format":false,"excerpt":"Et l\u00e0, la s\u00e9cu pas au courant des soucis qu'il y a eu \u00e0 l'entr\u00e9e te vire comme pr\u00e9vu au bout de trois titres, alors que vous n'avez pu arriver qu'\u00e0 2 titres et demi, et vous passez 15 minutes \u00e0 d\u00e9brouiller le quiproquo et n\u00e9gocier avec tout le monde\u2026","rel":"","context":"Dans &quot;Alive&quot;","block_context":{"text":"Alive","link":"https:\/\/www.wallendorff.com\/belogue\/category\/alive\/"},"img":{"alt_text":"","src":"https:\/\/i0.wp.com\/www.wallendorff.com\/belogue\/wp-content\/uploads\/2015\/04\/201011241.jpg?resize=350%2C200&ssl=1","width":350,"height":200,"srcset":"https:\/\/i0.wp.com\/www.wallendorff.com\/belogue\/wp-content\/uploads\/2015\/04\/201011241.jpg?resize=350%2C200&ssl=1 1x, https:\/\/i0.wp.com\/www.wallendorff.com\/belogue\/wp-content\/uploads\/2015\/04\/201011241.jpg?resize=525%2C300&ssl=1 1.5x, https:\/\/i0.wp.com\/www.wallendorff.com\/belogue\/wp-content\/uploads\/2015\/04\/201011241.jpg?resize=700%2C400&ssl=1 2x"},"classes":[]},{"id":40247,"url":"https:\/\/www.wallendorff.com\/belogue\/2018\/10\/24\/mama-festival-paris-17-19-octobre-2018\/","url_meta":{"origin":5177,"position":4},"title":"MaMA Festival, Paris, 17 \u2013 19 octobre 2018.","author":"dpc","date":"24 octobre 2018","format":false,"excerpt":"Alors d\u00e9j\u00e0, pr\u00e9cisons que le pr\u00e9c\u00e9dent record de ma d\u00e9sormais fameuse statistique de plus long intervalle entre des photos de concert du m\u00eame artiste, une statistique qui fait r\u00eaver toutes les g\u00e9n\u00e9rations de Maubeuge \u00e0 Wasquehal, pr\u00e9c\u00e9dent record, donc, d\u00e9tenu par KoRn avec 4\u00a0341 jours \u00e9coul\u00e9s entre le passe photo\u2026","rel":"","context":"Dans &quot;Alive&quot;","block_context":{"text":"Alive","link":"https:\/\/www.wallendorff.com\/belogue\/category\/alive\/"},"img":{"alt_text":"","src":"https:\/\/i0.wp.com\/www.wallendorff.com\/belogue\/wp-content\/uploads\/2018\/10\/20181022-47.jpg?resize=350%2C200&ssl=1","width":350,"height":200,"srcset":"https:\/\/i0.wp.com\/www.wallendorff.com\/belogue\/wp-content\/uploads\/2018\/10\/20181022-47.jpg?resize=350%2C200&ssl=1 1x, https:\/\/i0.wp.com\/www.wallendorff.com\/belogue\/wp-content\/uploads\/2018\/10\/20181022-47.jpg?resize=525%2C300&ssl=1 1.5x, https:\/\/i0.wp.com\/www.wallendorff.com\/belogue\/wp-content\/uploads\/2018\/10\/20181022-47.jpg?resize=700%2C400&ssl=1 2x, https:\/\/i0.wp.com\/www.wallendorff.com\/belogue\/wp-content\/uploads\/2018\/10\/20181022-47.jpg?resize=1050%2C600&ssl=1 3x"},"classes":[]},{"id":9703,"url":"https:\/\/www.wallendorff.com\/belogue\/2010\/10\/25\/i-am-kloot-la-maroquinerie-paris-2\/","url_meta":{"origin":5177,"position":5},"title":"I Am Kloot @ la Maroquinerie, Paris.","author":"dpc","date":"25 octobre 2010","format":false,"excerpt":"Northern Skies | Lately | To the Brink | The Stars Looks Familiar | Hey Little Bird | It's Just the Night | Somone Like You | From Your Favourite Sky | Storm Warning | Over My Shoulder | 86 TV's | Bigger Wheels | I Still Do | ?\u2026","rel":"","context":"Dans &quot;Alive&quot;","block_context":{"text":"Alive","link":"https:\/\/www.wallendorff.com\/belogue\/category\/alive\/"},"img":{"alt_text":"","src":"https:\/\/i0.wp.com\/www.wallendorff.com\/belogue\/wp-content\/uploads\/2015\/04\/201010251.jpg?resize=350%2C200&ssl=1","width":350,"height":200,"srcset":"https:\/\/i0.wp.com\/www.wallendorff.com\/belogue\/wp-content\/uploads\/2015\/04\/201010251.jpg?resize=350%2C200&ssl=1 1x, https:\/\/i0.wp.com\/www.wallendorff.com\/belogue\/wp-content\/uploads\/2015\/04\/201010251.jpg?resize=525%2C300&ssl=1 1.5x, https:\/\/i0.wp.com\/www.wallendorff.com\/belogue\/wp-content\/uploads\/2015\/04\/201010251.jpg?resize=700%2C400&ssl=1 2x"},"classes":[]}],"_links":{"self":[{"href":"https:\/\/www.wallendorff.com\/belogue\/wp-json\/wp\/v2\/posts\/5177","targetHints":{"allow":["GET"]}}],"collection":[{"href":"https:\/\/www.wallendorff.com\/belogue\/wp-json\/wp\/v2\/posts"}],"about":[{"href":"https:\/\/www.wallendorff.com\/belogue\/wp-json\/wp\/v2\/types\/post"}],"author":[{"embeddable":true,"href":"https:\/\/www.wallendorff.com\/belogue\/wp-json\/wp\/v2\/users\/1"}],"replies":[{"embeddable":true,"href":"https:\/\/www.wallendorff.com\/belogue\/wp-json\/wp\/v2\/comments?post=5177"}],"version-history":[{"count":3,"href":"https:\/\/www.wallendorff.com\/belogue\/wp-json\/wp\/v2\/posts\/5177\/revisions"}],"predecessor-version":[{"id":16708,"href":"https:\/\/www.wallendorff.com\/belogue\/wp-json\/wp\/v2\/posts\/5177\/revisions\/16708"}],"wp:featuredmedia":[{"embeddable":true,"href":"https:\/\/www.wallendorff.com\/belogue\/wp-json\/wp\/v2\/media\/25607"}],"wp:attachment":[{"href":"https:\/\/www.wallendorff.com\/belogue\/wp-json\/wp\/v2\/media?parent=5177"}],"wp:term":[{"taxonomy":"category","embeddable":true,"href":"https:\/\/www.wallendorff.com\/belogue\/wp-json\/wp\/v2\/categories?post=5177"},{"taxonomy":"post_tag","embeddable":true,"href":"https:\/\/www.wallendorff.com\/belogue\/wp-json\/wp\/v2\/tags?post=5177"}],"curies":[{"name":"wp","href":"https:\/\/api.w.org\/{rel}","templated":true}]}}