{"id":51390,"date":"2022-05-06T15:17:22","date_gmt":"2022-05-06T13:17:22","guid":{"rendered":"https:\/\/www.wallendorff.com\/belogue\/?p=51390"},"modified":"2022-05-06T17:10:24","modified_gmt":"2022-05-06T15:10:24","slug":"la-pont-tes-rose","status":"publish","type":"post","link":"https:\/\/www.wallendorff.com\/belogue\/2022\/05\/06\/la-pont-tes-rose\/","title":{"rendered":"L\u00e0, pont, t&rsquo;es rose."},"content":{"rendered":"\t\t<div data-elementor-type=\"wp-post\" data-elementor-id=\"51390\" class=\"elementor elementor-51390\" data-elementor-post-type=\"post\">\n\t\t\t\t\t\t<section class=\"elementor-section elementor-top-section elementor-element elementor-element-7bbd62f elementor-section-boxed elementor-section-height-default elementor-section-height-default\" data-id=\"7bbd62f\" data-element_type=\"section\" data-e-type=\"section\">\n\t\t\t\t\t\t<div class=\"elementor-container elementor-column-gap-default\">\n\t\t\t\t\t<div class=\"elementor-column elementor-col-100 elementor-top-column elementor-element elementor-element-7a479fb\" data-id=\"7a479fb\" data-element_type=\"column\" data-e-type=\"column\">\n\t\t\t<div class=\"elementor-widget-wrap elementor-element-populated\">\n\t\t\t\t\t\t<div class=\"elementor-element elementor-element-3590cdc elementor-widget elementor-widget-text-editor\" data-id=\"3590cdc\" data-element_type=\"widget\" data-e-type=\"widget\" data-widget_type=\"text-editor.default\">\n\t\t\t\t<div class=\"elementor-widget-container\">\n\t\t\t\t\t\t\t\t\t<div id=\"photo\"><img decoding=\"async\" src=\"https:\/\/www.wallendorff.com\/belogue\/wp-content\/uploads\/2022\/05\/20220506.jpg\" \/>\nPont de Bir-Hakeim, Paris, 19 mars 2022.<\/div>\t\t\t\t\t\t\t\t<\/div>\n\t\t\t\t<\/div>\n\t\t\t\t\t<\/div>\n\t\t<\/div>\n\t\t\t\t\t<\/div>\n\t\t<\/section>\n\t\t\t\t<\/div>\n\t\t","protected":false},"excerpt":{"rendered":"<p>Pont de Bir-Hakeim, Paris, 19 mars 2022.<\/p>\n","protected":false},"author":1,"featured_media":51392,"comment_status":"open","ping_status":"open","sticky":false,"template":"","format":"standard","meta":{"_acf_changed":false,"ngg_post_thumbnail":0,"jetpack_post_was_ever_published":false,"_jetpack_newsletter_access":"","_jetpack_dont_email_post_to_subs":false,"_jetpack_newsletter_tier_id":0,"_jetpack_memberships_contains_paywalled_content":false,"_jetpack_memberships_contains_paid_content":false,"footnotes":"","jetpack_publicize_message":"","jetpack_publicize_feature_enabled":true,"jetpack_social_post_already_shared":true,"jetpack_social_options":{"image_generator_settings":{"template":"highway","default_image_id":0,"font":"","enabled":false},"version":2}},"categories":[3],"tags":[10372,10487,181,10326,10120,17279,10121,1074,10119,12546,10098,10850,11894],"class_list":["post-51390","post","type-post","status-publish","format-standard","has-post-thumbnail","hentry","category-dpc","tag-10372","tag-basilique-du-sacre-coeur","tag-ef-70-200-mm-f28l-usm","tag-crepuscule","tag-france","tag-fujifilm-x-e4","tag-ile-de-france","tag-ligne-6","tag-metro","tag-metro-de-paris","tag-paris","tag-pont-de-bir-hakeim","tag-voie-georges-pompidou"],"acf":[],"geo":{"latitude":48.8550797,"longitude":2.2848558,"description":"Paris 16, \u00cele-de-France, 75116, FR"},"jetpack_publicize_connections":[],"jetpack_featured_media_url":"https:\/\/www.wallendorff.com\/belogue\/wp-content\/uploads\/2022\/05\/20220506.jpg","jetpack_shortlink":"https:\/\/wp.me\/p3b35P-dmS","jetpack_sharing_enabled":true,"jetpack-related-posts":[{"id":45561,"url":"https:\/\/www.wallendorff.com\/belogue\/2020\/04\/27\/into-the-wide-194\/","url_meta":{"origin":51390,"position":0},"title":"Into the wide #194.","author":"dpc","date":"27 avril 2020","format":false,"excerpt":"Pont de Bir-Hakeim, Paris, 10 f\u00e9vrier 2020. Gloria The Lumineers","rel":"","context":"Dans &quot;Into the wide&quot;","block_context":{"text":"Into the wide","link":"https:\/\/www.wallendorff.com\/belogue\/category\/into-the-wide\/"},"img":{"alt_text":"Pont de Bir-Hakeim, Paris, 10 f\u00e9vrier 2020.","src":"https:\/\/i0.wp.com\/www.wallendorff.com\/belogue\/wp-content\/uploads\/2020\/04\/20200427.jpg?resize=350%2C200&ssl=1","width":350,"height":200,"srcset":"https:\/\/i0.wp.com\/www.wallendorff.com\/belogue\/wp-content\/uploads\/2020\/04\/20200427.jpg?resize=350%2C200&ssl=1 1x, https:\/\/i0.wp.com\/www.wallendorff.com\/belogue\/wp-content\/uploads\/2020\/04\/20200427.jpg?resize=525%2C300&ssl=1 1.5x, https:\/\/i0.wp.com\/www.wallendorff.com\/belogue\/wp-content\/uploads\/2020\/04\/20200427.jpg?resize=700%2C400&ssl=1 2x, https:\/\/i0.wp.com\/www.wallendorff.com\/belogue\/wp-content\/uploads\/2020\/04\/20200427.jpg?resize=1050%2C600&ssl=1 3x"},"classes":[]},{"id":12280,"url":"https:\/\/www.wallendorff.com\/belogue\/2011\/02\/10\/le-pont-de-la-riviere-kawai\/","url_meta":{"origin":51390,"position":1},"title":"Le pont de la rivi\u00e8re kawa\u00ef.","author":"dpc","date":"10 f\u00e9vrier 2011","format":false,"excerpt":"Pont de Bir-Hakeim, Paris, 8 janvier. \u00a0The Kills \u2013 Satellite [youtube]http:\/\/www.youtube.com\/watch?v=hniPVDz12bc[\/youtube]","rel":"","context":"Dans &quot;DPC&quot;","block_context":{"text":"DPC","link":"https:\/\/www.wallendorff.com\/belogue\/category\/dpc\/"},"img":{"alt_text":"","src":"https:\/\/i0.wp.com\/www.wallendorff.com\/belogue\/wp-content\/uploads\/2015\/04\/201102101.jpg?resize=350%2C200&ssl=1","width":350,"height":200},"classes":[]},{"id":47979,"url":"https:\/\/www.wallendorff.com\/belogue\/2021\/03\/10\/intervalle-2\/","url_meta":{"origin":51390,"position":2},"title":"Intervalle #2","author":"dpc","date":"10 mars 2021","format":false,"excerpt":"Pont de Bir-Hakeim, Paris, 4 d\u00e9cembre 2020.","rel":"","context":"Dans &quot;DPC&quot;","block_context":{"text":"DPC","link":"https:\/\/www.wallendorff.com\/belogue\/category\/dpc\/"},"img":{"alt_text":"","src":"https:\/\/i0.wp.com\/www.wallendorff.com\/belogue\/wp-content\/uploads\/2021\/03\/20210310.jpg?resize=350%2C200&ssl=1","width":350,"height":200,"srcset":"https:\/\/i0.wp.com\/www.wallendorff.com\/belogue\/wp-content\/uploads\/2021\/03\/20210310.jpg?resize=350%2C200&ssl=1 1x, https:\/\/i0.wp.com\/www.wallendorff.com\/belogue\/wp-content\/uploads\/2021\/03\/20210310.jpg?resize=525%2C300&ssl=1 1.5x, https:\/\/i0.wp.com\/www.wallendorff.com\/belogue\/wp-content\/uploads\/2021\/03\/20210310.jpg?resize=700%2C400&ssl=1 2x, https:\/\/i0.wp.com\/www.wallendorff.com\/belogue\/wp-content\/uploads\/2021\/03\/20210310.jpg?resize=1050%2C600&ssl=1 3x"},"classes":[]},{"id":45779,"url":"https:\/\/www.wallendorff.com\/belogue\/2020\/06\/01\/amours-a-murs\/","url_meta":{"origin":51390,"position":3},"title":"Amours [\u00e0 murs].","author":"dpc","date":"1 juin 2020","format":false,"excerpt":"Pont de Bir-Hakeim, Paris, 9 mars 2020. Delete Forever Grimes","rel":"","context":"Dans &quot;DPC&quot;","block_context":{"text":"DPC","link":"https:\/\/www.wallendorff.com\/belogue\/category\/dpc\/"},"img":{"alt_text":"","src":"https:\/\/i0.wp.com\/www.wallendorff.com\/belogue\/wp-content\/uploads\/2020\/06\/20200601.jpg?resize=350%2C200&ssl=1","width":350,"height":200,"srcset":"https:\/\/i0.wp.com\/www.wallendorff.com\/belogue\/wp-content\/uploads\/2020\/06\/20200601.jpg?resize=350%2C200&ssl=1 1x, https:\/\/i0.wp.com\/www.wallendorff.com\/belogue\/wp-content\/uploads\/2020\/06\/20200601.jpg?resize=525%2C300&ssl=1 1.5x, https:\/\/i0.wp.com\/www.wallendorff.com\/belogue\/wp-content\/uploads\/2020\/06\/20200601.jpg?resize=700%2C400&ssl=1 2x, https:\/\/i0.wp.com\/www.wallendorff.com\/belogue\/wp-content\/uploads\/2020\/06\/20200601.jpg?resize=1050%2C600&ssl=1 3x"},"classes":[]},{"id":12288,"url":"https:\/\/www.wallendorff.com\/belogue\/2011\/02\/14\/pis-a-prismes-25\/","url_meta":{"origin":51390,"position":4},"title":"Pis \u00e0 prismes #25.","author":"dpc","date":"14 f\u00e9vrier 2011","format":false,"excerpt":"Pont de Bir-Hakeim, Paris, 8 janvier. \u00a0I Am Kloot \u2013 From Your Favourite Sky","rel":"","context":"Dans &quot;Pis \u00e0 prismes&quot;","block_context":{"text":"Pis \u00e0 prismes","link":"https:\/\/www.wallendorff.com\/belogue\/category\/pis-a-prismes\/"},"img":{"alt_text":"","src":"https:\/\/i0.wp.com\/www.wallendorff.com\/belogue\/wp-content\/uploads\/2015\/04\/201102141.jpg?resize=350%2C200&ssl=1","width":350,"height":200},"classes":[]},{"id":21448,"url":"https:\/\/www.wallendorff.com\/belogue\/2013\/08\/19\/into-the-wide-16-x-pis-a-prismes-33\/","url_meta":{"origin":51390,"position":5},"title":"Into the wide #16 \u00d7 Pis \u00e0 prismes #33.","author":"dpc","date":"19 ao\u00fbt 2013","format":false,"excerpt":"Pont de Bir-Hakeim, Paris, 10 juin. Du m\u00eame endroit que la fameuseTour Eiffel \u00e0 la fistule anale de Louis XIV. The West Ty Segall","rel":"","context":"Dans &quot;Into the wide&quot;","block_context":{"text":"Into the wide","link":"https:\/\/www.wallendorff.com\/belogue\/category\/into-the-wide\/"},"img":{"alt_text":"","src":"https:\/\/i0.wp.com\/www.wallendorff.com\/belogue\/wp-content\/uploads\/2015\/04\/201308191.jpg?resize=350%2C200&ssl=1","width":350,"height":200,"srcset":"https:\/\/i0.wp.com\/www.wallendorff.com\/belogue\/wp-content\/uploads\/2015\/04\/201308191.jpg?resize=350%2C200&ssl=1 1x, https:\/\/i0.wp.com\/www.wallendorff.com\/belogue\/wp-content\/uploads\/2015\/04\/201308191.jpg?resize=525%2C300&ssl=1 1.5x, https:\/\/i0.wp.com\/www.wallendorff.com\/belogue\/wp-content\/uploads\/2015\/04\/201308191.jpg?resize=700%2C400&ssl=1 2x"},"classes":[]}],"_links":{"self":[{"href":"https:\/\/www.wallendorff.com\/belogue\/wp-json\/wp\/v2\/posts\/51390","targetHints":{"allow":["GET"]}}],"collection":[{"href":"https:\/\/www.wallendorff.com\/belogue\/wp-json\/wp\/v2\/posts"}],"about":[{"href":"https:\/\/www.wallendorff.com\/belogue\/wp-json\/wp\/v2\/types\/post"}],"author":[{"embeddable":true,"href":"https:\/\/www.wallendorff.com\/belogue\/wp-json\/wp\/v2\/users\/1"}],"replies":[{"embeddable":true,"href":"https:\/\/www.wallendorff.com\/belogue\/wp-json\/wp\/v2\/comments?post=51390"}],"version-history":[{"count":6,"href":"https:\/\/www.wallendorff.com\/belogue\/wp-json\/wp\/v2\/posts\/51390\/revisions"}],"predecessor-version":[{"id":51397,"href":"https:\/\/www.wallendorff.com\/belogue\/wp-json\/wp\/v2\/posts\/51390\/revisions\/51397"}],"wp:featuredmedia":[{"embeddable":true,"href":"https:\/\/www.wallendorff.com\/belogue\/wp-json\/wp\/v2\/media\/51392"}],"wp:attachment":[{"href":"https:\/\/www.wallendorff.com\/belogue\/wp-json\/wp\/v2\/media?parent=51390"}],"wp:term":[{"taxonomy":"category","embeddable":true,"href":"https:\/\/www.wallendorff.com\/belogue\/wp-json\/wp\/v2\/categories?post=51390"},{"taxonomy":"post_tag","embeddable":true,"href":"https:\/\/www.wallendorff.com\/belogue\/wp-json\/wp\/v2\/tags?post=51390"}],"curies":[{"name":"wp","href":"https:\/\/api.w.org\/{rel}","templated":true}]}}