{"id":51353,"date":"2022-04-25T17:37:14","date_gmt":"2022-04-25T15:37:14","guid":{"rendered":"https:\/\/www.wallendorff.com\/belogue\/?p=51353"},"modified":"2022-04-25T17:51:55","modified_gmt":"2022-04-25T15:51:55","slug":"into-the-wide-248","status":"publish","type":"post","link":"https:\/\/www.wallendorff.com\/belogue\/2022\/04\/25\/into-the-wide-248\/","title":{"rendered":"Into the wide #248."},"content":{"rendered":"\t\t<div data-elementor-type=\"wp-post\" data-elementor-id=\"51353\" class=\"elementor elementor-51353\" data-elementor-post-type=\"post\">\n\t\t\t\t\t\t<section class=\"elementor-section elementor-top-section elementor-element elementor-element-7bbd62f elementor-section-boxed elementor-section-height-default elementor-section-height-default\" data-id=\"7bbd62f\" data-element_type=\"section\" data-e-type=\"section\">\n\t\t\t\t\t\t<div class=\"elementor-container elementor-column-gap-default\">\n\t\t\t\t\t<div class=\"elementor-column elementor-col-100 elementor-top-column elementor-element elementor-element-7a479fb\" data-id=\"7a479fb\" data-element_type=\"column\" data-e-type=\"column\">\n\t\t\t<div class=\"elementor-widget-wrap elementor-element-populated\">\n\t\t\t\t\t\t<div class=\"elementor-element elementor-element-3590cdc elementor-widget elementor-widget-text-editor\" data-id=\"3590cdc\" data-element_type=\"widget\" data-e-type=\"widget\" data-widget_type=\"text-editor.default\">\n\t\t\t\t<div class=\"elementor-widget-container\">\n\t\t\t\t\t\t\t\t\t<div id=\"photo\"><img decoding=\"async\" src=\"https:\/\/www.wallendorff.com\/belogue\/wp-content\/uploads\/2022\/04\/20220420.jpg\" \/>\nBodestra\u00dfe, Berlin, 20 f\u00e9vrier 2022.<\/div>\n<div id=\"photo2\"><img decoding=\"async\" src=\"https:\/\/www.wallendorff.com\/belogue\/wp-content\/uploads\/2022\/04\/20220425-02.jpg\" \/>\n<\/div>\t\t\t\t\t\t\t\t<\/div>\n\t\t\t\t<\/div>\n\t\t\t\t\t<\/div>\n\t\t<\/div>\n\t\t\t\t\t<\/div>\n\t\t<\/section>\n\t\t\t\t<\/div>\n\t\t","protected":false},"excerpt":{"rendered":"<p>Bodestra\u00dfe, Berlin, 20 f\u00e9vrier 2022.<\/p>\n","protected":false},"author":1,"featured_media":51355,"comment_status":"open","ping_status":"open","sticky":false,"template":"","format":"standard","meta":{"_acf_changed":false,"ngg_post_thumbnail":0,"jetpack_post_was_ever_published":false,"_jetpack_newsletter_access":"","_jetpack_dont_email_post_to_subs":false,"_jetpack_newsletter_tier_id":0,"_jetpack_memberships_contains_paywalled_content":false,"_jetpack_memberships_contains_paid_content":false,"footnotes":"","jetpack_publicize_message":"","jetpack_publicize_feature_enabled":true,"jetpack_social_post_already_shared":true,"jetpack_social_options":{"image_generator_settings":{"template":"highway","default_image_id":0,"font":"","enabled":false},"version":2}},"categories":[7356],"tags":[10953,10452,17780,10743,17749,17778,10657,12162,15878,10147,11323,14274],"class_list":["post-51353","post","type-post","status-publish","format-standard","has-post-thumbnail","hentry","category-into-the-wide","tag-allemagne","tag-berlin","tag-bodestrase","tag-cathedrale","tag-cathedrale-de-berlin","tag-colonnade","tag-colonne","tag-fernsehturm","tag-fujifilm-x-t3","tag-nuit","tag-panoramique","tag-samyang-8-mm-f2-8-umc-fisheye-ii"],"acf":[],"geo":{"latitude":52.5201035,"longitude":13.3991251,"description":"Berlin, Berlin, 14131, DE"},"jetpack_publicize_connections":[],"jetpack_featured_media_url":"https:\/\/www.wallendorff.com\/belogue\/wp-content\/uploads\/2022\/04\/20220425.jpg","jetpack_shortlink":"https:\/\/wp.me\/p3b35P-dmh","jetpack_sharing_enabled":true,"jetpack-related-posts":[{"id":51203,"url":"https:\/\/www.wallendorff.com\/belogue\/2022\/04\/04\/into-the-wide-245\/","url_meta":{"origin":51353,"position":0},"title":"Into the wide #245.","author":"dpc","date":"4 avril 2022","format":false,"excerpt":"Schinkelplatz, Berlin, 18 f\u00e9vrier 2022.The Last Man on Earth Wolf Alice","rel":"","context":"Dans &quot;Into the wide&quot;","block_context":{"text":"Into the wide","link":"https:\/\/www.wallendorff.com\/belogue\/category\/into-the-wide\/"},"img":{"alt_text":"","src":"https:\/\/i0.wp.com\/www.wallendorff.com\/belogue\/wp-content\/uploads\/2022\/04\/20220404.jpg?resize=350%2C200&ssl=1","width":350,"height":200,"srcset":"https:\/\/i0.wp.com\/www.wallendorff.com\/belogue\/wp-content\/uploads\/2022\/04\/20220404.jpg?resize=350%2C200&ssl=1 1x, https:\/\/i0.wp.com\/www.wallendorff.com\/belogue\/wp-content\/uploads\/2022\/04\/20220404.jpg?resize=525%2C300&ssl=1 1.5x, https:\/\/i0.wp.com\/www.wallendorff.com\/belogue\/wp-content\/uploads\/2022\/04\/20220404.jpg?resize=700%2C400&ssl=1 2x, https:\/\/i0.wp.com\/www.wallendorff.com\/belogue\/wp-content\/uploads\/2022\/04\/20220404.jpg?resize=1050%2C600&ssl=1 3x"},"classes":[]},{"id":51234,"url":"https:\/\/www.wallendorff.com\/belogue\/2022\/04\/12\/into-the-wide-247\/","url_meta":{"origin":51353,"position":1},"title":"Into the wide #247.","author":"dpc","date":"12 avril 2022","format":false,"excerpt":"James-Simon-Park, Berlin, 19 f\u00e9vrier 2022.Pressure Machine The Killers","rel":"","context":"Dans &quot;Into the wide&quot;","block_context":{"text":"Into the wide","link":"https:\/\/www.wallendorff.com\/belogue\/category\/into-the-wide\/"},"img":{"alt_text":"","src":"https:\/\/i0.wp.com\/www.wallendorff.com\/belogue\/wp-content\/uploads\/2022\/04\/20220412.jpg?resize=350%2C200&ssl=1","width":350,"height":200,"srcset":"https:\/\/i0.wp.com\/www.wallendorff.com\/belogue\/wp-content\/uploads\/2022\/04\/20220412.jpg?resize=350%2C200&ssl=1 1x, https:\/\/i0.wp.com\/www.wallendorff.com\/belogue\/wp-content\/uploads\/2022\/04\/20220412.jpg?resize=525%2C300&ssl=1 1.5x, https:\/\/i0.wp.com\/www.wallendorff.com\/belogue\/wp-content\/uploads\/2022\/04\/20220412.jpg?resize=700%2C400&ssl=1 2x, https:\/\/i0.wp.com\/www.wallendorff.com\/belogue\/wp-content\/uploads\/2022\/04\/20220412.jpg?resize=1050%2C600&ssl=1 3x"},"classes":[]},{"id":39569,"url":"https:\/\/www.wallendorff.com\/belogue\/2018\/08\/09\/into-the-wide-154-155\/","url_meta":{"origin":51353,"position":2},"title":"Into the wide #154, 155.","author":"dpc","date":"9 ao\u00fbt 2018","format":false,"excerpt":"Gendarmenmarkt, Berlin, 2 juin 2018. City Looks PrettyCourtney Barnett","rel":"","context":"Dans &quot;Into the wide&quot;","block_context":{"text":"Into the wide","link":"https:\/\/www.wallendorff.com\/belogue\/category\/into-the-wide\/"},"img":{"alt_text":"","src":"https:\/\/i0.wp.com\/www.wallendorff.com\/belogue\/wp-content\/uploads\/2018\/08\/20180809-01.jpg?resize=350%2C200&ssl=1","width":350,"height":200,"srcset":"https:\/\/i0.wp.com\/www.wallendorff.com\/belogue\/wp-content\/uploads\/2018\/08\/20180809-01.jpg?resize=350%2C200&ssl=1 1x, https:\/\/i0.wp.com\/www.wallendorff.com\/belogue\/wp-content\/uploads\/2018\/08\/20180809-01.jpg?resize=525%2C300&ssl=1 1.5x, https:\/\/i0.wp.com\/www.wallendorff.com\/belogue\/wp-content\/uploads\/2018\/08\/20180809-01.jpg?resize=700%2C400&ssl=1 2x, https:\/\/i0.wp.com\/www.wallendorff.com\/belogue\/wp-content\/uploads\/2018\/08\/20180809-01.jpg?resize=1050%2C600&ssl=1 3x"},"classes":[]},{"id":135294,"url":"https:\/\/www.wallendorff.com\/belogue\/2026\/02\/17\/hallo-berlin-2\/","url_meta":{"origin":51353,"position":3},"title":"Hallo Berlin.","author":"dpc","date":"17 f\u00e9vrier 2026","format":false,"excerpt":"","rel":"","context":"Dans &quot;DPC&quot;","block_context":{"text":"DPC","link":"https:\/\/www.wallendorff.com\/belogue\/category\/dpc\/"},"img":{"alt_text":"","src":"https:\/\/i0.wp.com\/www.wallendorff.com\/belogue\/wp-content\/uploads\/2026\/02\/20260217-28.jpg?resize=350%2C200&ssl=1","width":350,"height":200,"srcset":"https:\/\/i0.wp.com\/www.wallendorff.com\/belogue\/wp-content\/uploads\/2026\/02\/20260217-28.jpg?resize=350%2C200&ssl=1 1x, https:\/\/i0.wp.com\/www.wallendorff.com\/belogue\/wp-content\/uploads\/2026\/02\/20260217-28.jpg?resize=525%2C300&ssl=1 1.5x, https:\/\/i0.wp.com\/www.wallendorff.com\/belogue\/wp-content\/uploads\/2026\/02\/20260217-28.jpg?resize=700%2C400&ssl=1 2x, https:\/\/i0.wp.com\/www.wallendorff.com\/belogue\/wp-content\/uploads\/2026\/02\/20260217-28.jpg?resize=1050%2C600&ssl=1 3x"},"classes":[]},{"id":51123,"url":"https:\/\/www.wallendorff.com\/belogue\/2022\/03\/29\/hallo-berlin\/","url_meta":{"origin":51353,"position":4},"title":"Hallo Berlin","author":"dpc","date":"29 mars 2022","format":false,"excerpt":"","rel":"","context":"Dans &quot;DPC&quot;","block_context":{"text":"DPC","link":"https:\/\/www.wallendorff.com\/belogue\/category\/dpc\/"},"img":{"alt_text":"","src":"https:\/\/i0.wp.com\/www.wallendorff.com\/belogue\/wp-content\/uploads\/2022\/03\/20220329-32.jpg?resize=350%2C200&ssl=1","width":350,"height":200,"srcset":"https:\/\/i0.wp.com\/www.wallendorff.com\/belogue\/wp-content\/uploads\/2022\/03\/20220329-32.jpg?resize=350%2C200&ssl=1 1x, https:\/\/i0.wp.com\/www.wallendorff.com\/belogue\/wp-content\/uploads\/2022\/03\/20220329-32.jpg?resize=525%2C300&ssl=1 1.5x, https:\/\/i0.wp.com\/www.wallendorff.com\/belogue\/wp-content\/uploads\/2022\/03\/20220329-32.jpg?resize=700%2C400&ssl=1 2x, https:\/\/i0.wp.com\/www.wallendorff.com\/belogue\/wp-content\/uploads\/2022\/03\/20220329-32.jpg?resize=1050%2C600&ssl=1 3x"},"classes":[]},{"id":22926,"url":"https:\/\/www.wallendorff.com\/belogue\/2014\/06\/08\/top-10-des-plus-belles-cathedrales-de-la-decennie\/","url_meta":{"origin":51353,"position":5},"title":"Top 10 des plus belles cath\u00e9drales de la d\u00e9cennie.","author":"dpc","date":"8 juin 2014","format":false,"excerpt":"Dix ans \u00e0 faire le tour de toutes les cath\u00e9drales du monde entier et bien les regarder sous toutes les coutures pour \u00e9tablir le classement d\u00e9finitif et impartial des plus jolies cath\u00e9drales de l'univers. No 10 ex-\u00e6quo\u00a0: La cath\u00e9drale Notre-Dame de Chartres du 7 avril 2012... Chartres Attack. \u00a0 ...\u2026","rel":"","context":"Dans &quot;DPC&quot;","block_context":{"text":"DPC","link":"https:\/\/www.wallendorff.com\/belogue\/category\/dpc\/"},"img":{"alt_text":"","src":"https:\/\/i0.wp.com\/www.wallendorff.com\/belogue\/wp-content\/uploads\/2015\/04\/201310243.jpg?resize=350%2C200&ssl=1","width":350,"height":200,"srcset":"https:\/\/i0.wp.com\/www.wallendorff.com\/belogue\/wp-content\/uploads\/2015\/04\/201310243.jpg?resize=350%2C200&ssl=1 1x, https:\/\/i0.wp.com\/www.wallendorff.com\/belogue\/wp-content\/uploads\/2015\/04\/201310243.jpg?resize=525%2C300&ssl=1 1.5x, https:\/\/i0.wp.com\/www.wallendorff.com\/belogue\/wp-content\/uploads\/2015\/04\/201310243.jpg?resize=700%2C400&ssl=1 2x"},"classes":[]}],"_links":{"self":[{"href":"https:\/\/www.wallendorff.com\/belogue\/wp-json\/wp\/v2\/posts\/51353","targetHints":{"allow":["GET"]}}],"collection":[{"href":"https:\/\/www.wallendorff.com\/belogue\/wp-json\/wp\/v2\/posts"}],"about":[{"href":"https:\/\/www.wallendorff.com\/belogue\/wp-json\/wp\/v2\/types\/post"}],"author":[{"embeddable":true,"href":"https:\/\/www.wallendorff.com\/belogue\/wp-json\/wp\/v2\/users\/1"}],"replies":[{"embeddable":true,"href":"https:\/\/www.wallendorff.com\/belogue\/wp-json\/wp\/v2\/comments?post=51353"}],"version-history":[{"count":5,"href":"https:\/\/www.wallendorff.com\/belogue\/wp-json\/wp\/v2\/posts\/51353\/revisions"}],"predecessor-version":[{"id":51361,"href":"https:\/\/www.wallendorff.com\/belogue\/wp-json\/wp\/v2\/posts\/51353\/revisions\/51361"}],"wp:featuredmedia":[{"embeddable":true,"href":"https:\/\/www.wallendorff.com\/belogue\/wp-json\/wp\/v2\/media\/51355"}],"wp:attachment":[{"href":"https:\/\/www.wallendorff.com\/belogue\/wp-json\/wp\/v2\/media?parent=51353"}],"wp:term":[{"taxonomy":"category","embeddable":true,"href":"https:\/\/www.wallendorff.com\/belogue\/wp-json\/wp\/v2\/categories?post=51353"},{"taxonomy":"post_tag","embeddable":true,"href":"https:\/\/www.wallendorff.com\/belogue\/wp-json\/wp\/v2\/tags?post=51353"}],"curies":[{"name":"wp","href":"https:\/\/api.w.org\/{rel}","templated":true}]}}