{"id":51234,"date":"2022-04-12T13:38:17","date_gmt":"2022-04-12T11:38:17","guid":{"rendered":"https:\/\/www.wallendorff.com\/belogue\/?p=51234"},"modified":"2022-04-25T17:50:07","modified_gmt":"2022-04-25T15:50:07","slug":"into-the-wide-247","status":"publish","type":"post","link":"https:\/\/www.wallendorff.com\/belogue\/2022\/04\/12\/into-the-wide-247\/","title":{"rendered":"Into the wide #247."},"content":{"rendered":"\t\t<div data-elementor-type=\"wp-post\" data-elementor-id=\"51234\" class=\"elementor elementor-51234\" data-elementor-post-type=\"post\">\n\t\t\t\t\t\t<section class=\"elementor-section elementor-top-section elementor-element elementor-element-7bbd62f elementor-section-boxed elementor-section-height-default elementor-section-height-default\" data-id=\"7bbd62f\" data-element_type=\"section\" data-e-type=\"section\">\n\t\t\t\t\t\t<div class=\"elementor-container elementor-column-gap-default\">\n\t\t\t\t\t<div class=\"elementor-column elementor-col-100 elementor-top-column elementor-element elementor-element-7a479fb\" data-id=\"7a479fb\" data-element_type=\"column\" data-e-type=\"column\">\n\t\t\t<div class=\"elementor-widget-wrap elementor-element-populated\">\n\t\t\t\t\t\t<div class=\"elementor-element elementor-element-3590cdc elementor-widget elementor-widget-text-editor\" data-id=\"3590cdc\" data-element_type=\"widget\" data-e-type=\"widget\" data-widget_type=\"text-editor.default\">\n\t\t\t\t<div class=\"elementor-widget-container\">\n\t\t\t\t\t\t\t\t\t<div id=\"photo\"><img decoding=\"async\" src=\"https:\/\/www.wallendorff.com\/belogue\/wp-content\/uploads\/2022\/04\/20220412.jpg\" \/>\nJames-Simon-Park, Berlin, 19 f\u00e9vrier 2022.<\/div>\t\t\t\t\t\t\t\t<\/div>\n\t\t\t\t<\/div>\n\t\t\t\t<div class=\"elementor-element elementor-element-85563d0 elementor-widget elementor-widget-text-editor\" data-id=\"85563d0\" data-element_type=\"widget\" data-e-type=\"widget\" data-widget_type=\"text-editor.default\">\n\t\t\t\t<div class=\"elementor-widget-container\">\n\t\t\t\t\t\t\t\t\t<div id=\"bandeson\"><img decoding=\"async\" src=\"https:\/\/www.wallendorff.com\/belogue\/photo\/pochettes\/k\/killers_the-pressure_machine.jpg\" align=\"left\" \/><a href=\"https:\/\/www.youtube.com\/watch?v=cPy0542LqPA\"><em>Pressure Machine<\/em><\/a><br \/>\n<a href=\"https:\/\/www.thekillers.com\">The Killers<\/a><\/div>\t\t\t\t\t\t\t\t<\/div>\n\t\t\t\t<\/div>\n\t\t\t\t\t<\/div>\n\t\t<\/div>\n\t\t\t\t\t<\/div>\n\t\t<\/section>\n\t\t\t\t<\/div>\n\t\t","protected":false},"excerpt":{"rendered":"<p>James-Simon-Park, Berlin, 19 f\u00e9vrier 2022.Pressure Machine The Killers<\/p>\n","protected":false},"author":1,"featured_media":51236,"comment_status":"open","ping_status":"open","sticky":false,"template":"","format":"standard","meta":{"_acf_changed":false,"ngg_post_thumbnail":0,"jetpack_post_was_ever_published":false,"_jetpack_newsletter_access":"","_jetpack_dont_email_post_to_subs":false,"_jetpack_newsletter_tier_id":0,"_jetpack_memberships_contains_paywalled_content":false,"_jetpack_memberships_contains_paid_content":false,"footnotes":"","jetpack_publicize_message":"","jetpack_publicize_feature_enabled":true,"jetpack_social_post_already_shared":true,"jetpack_social_options":{"image_generator_settings":{"template":"highway","default_image_id":0,"font":"","enabled":false},"version":2}},"categories":[7356],"tags":[10953,10452,10743,17749,10326,12162,15878,17760,11323,10592,17807,14274,1207],"class_list":["post-51234","post","type-post","status-publish","format-standard","has-post-thumbnail","hentry","category-into-the-wide","tag-allemagne","tag-berlin","tag-cathedrale","tag-cathedrale-de-berlin","tag-crepuscule","tag-fernsehturm","tag-fujifilm-x-t3","tag-james-simon-park","tag-panoramique","tag-pose-longue","tag-pressure-machine","tag-samyang-8-mm-f2-8-umc-fisheye-ii","tag-the-killers"],"acf":[],"geo":{"latitude":52.5214615,"longitude":13.3997803,"description":"Berlin, Berlin, 14131, DE"},"jetpack_publicize_connections":[],"jetpack_featured_media_url":"https:\/\/www.wallendorff.com\/belogue\/wp-content\/uploads\/2022\/04\/20220412.jpg","jetpack_shortlink":"https:\/\/wp.me\/p3b35P-dkm","jetpack_sharing_enabled":true,"jetpack-related-posts":[{"id":51123,"url":"https:\/\/www.wallendorff.com\/belogue\/2022\/03\/29\/hallo-berlin\/","url_meta":{"origin":51234,"position":0},"title":"Hallo Berlin","author":"dpc","date":"29 mars 2022","format":false,"excerpt":"","rel":"","context":"Dans &quot;DPC&quot;","block_context":{"text":"DPC","link":"https:\/\/www.wallendorff.com\/belogue\/category\/dpc\/"},"img":{"alt_text":"","src":"https:\/\/i0.wp.com\/www.wallendorff.com\/belogue\/wp-content\/uploads\/2022\/03\/20220329-32.jpg?resize=350%2C200&ssl=1","width":350,"height":200,"srcset":"https:\/\/i0.wp.com\/www.wallendorff.com\/belogue\/wp-content\/uploads\/2022\/03\/20220329-32.jpg?resize=350%2C200&ssl=1 1x, https:\/\/i0.wp.com\/www.wallendorff.com\/belogue\/wp-content\/uploads\/2022\/03\/20220329-32.jpg?resize=525%2C300&ssl=1 1.5x, https:\/\/i0.wp.com\/www.wallendorff.com\/belogue\/wp-content\/uploads\/2022\/03\/20220329-32.jpg?resize=700%2C400&ssl=1 2x, https:\/\/i0.wp.com\/www.wallendorff.com\/belogue\/wp-content\/uploads\/2022\/03\/20220329-32.jpg?resize=1050%2C600&ssl=1 3x"},"classes":[]},{"id":51353,"url":"https:\/\/www.wallendorff.com\/belogue\/2022\/04\/25\/into-the-wide-248\/","url_meta":{"origin":51234,"position":1},"title":"Into the wide #248.","author":"dpc","date":"25 avril 2022","format":false,"excerpt":"Bodestra\u00dfe, Berlin, 20 f\u00e9vrier 2022.","rel":"","context":"Dans &quot;Into the wide&quot;","block_context":{"text":"Into the wide","link":"https:\/\/www.wallendorff.com\/belogue\/category\/into-the-wide\/"},"img":{"alt_text":"","src":"https:\/\/i0.wp.com\/www.wallendorff.com\/belogue\/wp-content\/uploads\/2022\/04\/20220425.jpg?resize=350%2C200&ssl=1","width":350,"height":200,"srcset":"https:\/\/i0.wp.com\/www.wallendorff.com\/belogue\/wp-content\/uploads\/2022\/04\/20220425.jpg?resize=350%2C200&ssl=1 1x, https:\/\/i0.wp.com\/www.wallendorff.com\/belogue\/wp-content\/uploads\/2022\/04\/20220425.jpg?resize=525%2C300&ssl=1 1.5x, https:\/\/i0.wp.com\/www.wallendorff.com\/belogue\/wp-content\/uploads\/2022\/04\/20220425.jpg?resize=700%2C400&ssl=1 2x, https:\/\/i0.wp.com\/www.wallendorff.com\/belogue\/wp-content\/uploads\/2022\/04\/20220425.jpg?resize=1050%2C600&ssl=1 3x"},"classes":[]},{"id":51203,"url":"https:\/\/www.wallendorff.com\/belogue\/2022\/04\/04\/into-the-wide-245\/","url_meta":{"origin":51234,"position":2},"title":"Into the wide #245.","author":"dpc","date":"4 avril 2022","format":false,"excerpt":"Schinkelplatz, Berlin, 18 f\u00e9vrier 2022.The Last Man on Earth Wolf Alice","rel":"","context":"Dans &quot;Into the wide&quot;","block_context":{"text":"Into the wide","link":"https:\/\/www.wallendorff.com\/belogue\/category\/into-the-wide\/"},"img":{"alt_text":"","src":"https:\/\/i0.wp.com\/www.wallendorff.com\/belogue\/wp-content\/uploads\/2022\/04\/20220404.jpg?resize=350%2C200&ssl=1","width":350,"height":200,"srcset":"https:\/\/i0.wp.com\/www.wallendorff.com\/belogue\/wp-content\/uploads\/2022\/04\/20220404.jpg?resize=350%2C200&ssl=1 1x, https:\/\/i0.wp.com\/www.wallendorff.com\/belogue\/wp-content\/uploads\/2022\/04\/20220404.jpg?resize=525%2C300&ssl=1 1.5x, https:\/\/i0.wp.com\/www.wallendorff.com\/belogue\/wp-content\/uploads\/2022\/04\/20220404.jpg?resize=700%2C400&ssl=1 2x, https:\/\/i0.wp.com\/www.wallendorff.com\/belogue\/wp-content\/uploads\/2022\/04\/20220404.jpg?resize=1050%2C600&ssl=1 3x"},"classes":[]},{"id":39569,"url":"https:\/\/www.wallendorff.com\/belogue\/2018\/08\/09\/into-the-wide-154-155\/","url_meta":{"origin":51234,"position":3},"title":"Into the wide #154, 155.","author":"dpc","date":"9 ao\u00fbt 2018","format":false,"excerpt":"Gendarmenmarkt, Berlin, 2 juin 2018. City Looks PrettyCourtney Barnett","rel":"","context":"Dans &quot;Into the wide&quot;","block_context":{"text":"Into the wide","link":"https:\/\/www.wallendorff.com\/belogue\/category\/into-the-wide\/"},"img":{"alt_text":"","src":"https:\/\/i0.wp.com\/www.wallendorff.com\/belogue\/wp-content\/uploads\/2018\/08\/20180809-01.jpg?resize=350%2C200&ssl=1","width":350,"height":200,"srcset":"https:\/\/i0.wp.com\/www.wallendorff.com\/belogue\/wp-content\/uploads\/2018\/08\/20180809-01.jpg?resize=350%2C200&ssl=1 1x, https:\/\/i0.wp.com\/www.wallendorff.com\/belogue\/wp-content\/uploads\/2018\/08\/20180809-01.jpg?resize=525%2C300&ssl=1 1.5x, https:\/\/i0.wp.com\/www.wallendorff.com\/belogue\/wp-content\/uploads\/2018\/08\/20180809-01.jpg?resize=700%2C400&ssl=1 2x, https:\/\/i0.wp.com\/www.wallendorff.com\/belogue\/wp-content\/uploads\/2018\/08\/20180809-01.jpg?resize=1050%2C600&ssl=1 3x"},"classes":[]},{"id":135294,"url":"https:\/\/www.wallendorff.com\/belogue\/2026\/02\/17\/hallo-berlin-2\/","url_meta":{"origin":51234,"position":4},"title":"Hallo Berlin.","author":"dpc","date":"17 f\u00e9vrier 2026","format":false,"excerpt":"","rel":"","context":"Dans &quot;DPC&quot;","block_context":{"text":"DPC","link":"https:\/\/www.wallendorff.com\/belogue\/category\/dpc\/"},"img":{"alt_text":"","src":"https:\/\/i0.wp.com\/www.wallendorff.com\/belogue\/wp-content\/uploads\/2026\/02\/20260217-28.jpg?resize=350%2C200&ssl=1","width":350,"height":200,"srcset":"https:\/\/i0.wp.com\/www.wallendorff.com\/belogue\/wp-content\/uploads\/2026\/02\/20260217-28.jpg?resize=350%2C200&ssl=1 1x, https:\/\/i0.wp.com\/www.wallendorff.com\/belogue\/wp-content\/uploads\/2026\/02\/20260217-28.jpg?resize=525%2C300&ssl=1 1.5x, https:\/\/i0.wp.com\/www.wallendorff.com\/belogue\/wp-content\/uploads\/2026\/02\/20260217-28.jpg?resize=700%2C400&ssl=1 2x, https:\/\/i0.wp.com\/www.wallendorff.com\/belogue\/wp-content\/uploads\/2026\/02\/20260217-28.jpg?resize=1050%2C600&ssl=1 3x"},"classes":[]},{"id":11,"url":"https:\/\/www.wallendorff.com\/belogue\/2005\/08\/30\/commenta-les-voutes\/","url_meta":{"origin":51234,"position":5},"title":"Commenta les vo&ucirc;tes.","author":"dpc","date":"30 ao\u00fbt 2005","format":false,"excerpt":"Cath\u00e9drale St-Gatien1, Tours, 15 juillet. [\u00c7a commence \u00e0 s\u00e9v\u00e8rement sentir le fond de tiroir niveau photos, ici.] _____ 1 Gatien, c'est pas beaucoup mieux que Gudule, comme pr\u00e9nom, \u00e0 la r\u00e9flexion. \u00a0The Killers \u2014 Mr. Brightside (live)","rel":"","context":"Dans &quot;DPC&quot;","block_context":{"text":"DPC","link":"https:\/\/www.wallendorff.com\/belogue\/category\/dpc\/"},"img":{"alt_text":"","src":"https:\/\/i0.wp.com\/www.wallendorff.com\/belogue\/wp-content\/uploads\/2015\/04\/200508301.jpg?resize=350%2C200&ssl=1","width":350,"height":200},"classes":[]}],"_links":{"self":[{"href":"https:\/\/www.wallendorff.com\/belogue\/wp-json\/wp\/v2\/posts\/51234","targetHints":{"allow":["GET"]}}],"collection":[{"href":"https:\/\/www.wallendorff.com\/belogue\/wp-json\/wp\/v2\/posts"}],"about":[{"href":"https:\/\/www.wallendorff.com\/belogue\/wp-json\/wp\/v2\/types\/post"}],"author":[{"embeddable":true,"href":"https:\/\/www.wallendorff.com\/belogue\/wp-json\/wp\/v2\/users\/1"}],"replies":[{"embeddable":true,"href":"https:\/\/www.wallendorff.com\/belogue\/wp-json\/wp\/v2\/comments?post=51234"}],"version-history":[{"count":11,"href":"https:\/\/www.wallendorff.com\/belogue\/wp-json\/wp\/v2\/posts\/51234\/revisions"}],"predecessor-version":[{"id":51358,"href":"https:\/\/www.wallendorff.com\/belogue\/wp-json\/wp\/v2\/posts\/51234\/revisions\/51358"}],"wp:featuredmedia":[{"embeddable":true,"href":"https:\/\/www.wallendorff.com\/belogue\/wp-json\/wp\/v2\/media\/51236"}],"wp:attachment":[{"href":"https:\/\/www.wallendorff.com\/belogue\/wp-json\/wp\/v2\/media?parent=51234"}],"wp:term":[{"taxonomy":"category","embeddable":true,"href":"https:\/\/www.wallendorff.com\/belogue\/wp-json\/wp\/v2\/categories?post=51234"},{"taxonomy":"post_tag","embeddable":true,"href":"https:\/\/www.wallendorff.com\/belogue\/wp-json\/wp\/v2\/tags?post=51234"}],"curies":[{"name":"wp","href":"https:\/\/api.w.org\/{rel}","templated":true}]}}