{"id":512,"date":"2005-01-05T20:23:46","date_gmt":"2005-01-05T20:23:46","guid":{"rendered":"http:\/\/www.po-l.com\/wordpress\/?p=512"},"modified":"2012-01-05T10:54:11","modified_gmt":"2012-01-05T08:54:11","slug":"64307643086429864305643356432764318","status":"publish","type":"post","link":"https:\/\/www.wallendorff.com\/belogue\/2005\/01\/05\/64307643086429864305643356432764318\/","title":{"rendered":"\ufb33\ufb34\ufb2a\ufb31\ufb4f\ufb47\ufb3e.<sup>1<\/sup>"},"content":{"rendered":"\n<div id=\"photo\">\n<p><img decoding=\"async\" src=\"http:\/\/www.po-L.com\/belogue\/photo\/2005\/01\/20050105-opera.jpg\" \/><br \/>\n            Place de l&rsquo;Op&eacute;ra, Paris, 28 d&eacute;cembre 2004.<\/p>\n<\/p><\/div>\n<div id=\"bandeson\">\n<p><img decoding=\"async\" src=\"https:\/\/www.wallendorff.com\/belogue\/photo\/pochettes\/f\/frames_the-set_list.jpg\" align=\"left\" \/>&nbsp;<a href=\"http:\/\/www.theframes.ie\/\">The Frames<\/a> &ndash; <em>Star, Star<\/em> (live)<\/p>\n<\/p><\/div>\n<div id=\"bas_note\">\n<p>_____<\/p>\n<p><sup>1<\/sup> Titre cambodgien dont la traduction, somme toute triviale, g&acirc;cherait tout le charme.<sup>2<\/sup><\/p>\n<p><sup>2<\/sup> Oui oui, cette technique pourrie, c&rsquo;est tout ce que j&rsquo;ai trouv&eacute; pour dissimuler ma totale incapacit&eacute; &agrave; trouver un titre d&eacute;cent pour cette note. Je suis un gros naze. Voil&agrave;. C&rsquo;est dit.<\/p>\n<\/p><\/div>\n","protected":false},"excerpt":{"rendered":"<p>Place de l&rsquo;Op&eacute;ra, Paris, 28 d&eacute;cembre 2004. &nbsp;The Frames &ndash; Star, Star (live) _____ 1 Titre cambodgien dont la traduction, somme toute triviale, g&acirc;cherait tout le charme.2 2 Oui oui, cette technique pourrie, c&rsquo;est tout ce que j&rsquo;ai trouv&eacute; pour dissimuler ma totale incapacit&eacute; &agrave; trouver un titre d&eacute;cent pour cette note. Je suis un&hellip;<\/p>\n","protected":false},"author":1,"featured_media":24450,"comment_status":"open","ping_status":"open","sticky":false,"template":"","format":"standard","meta":{"_acf_changed":false,"ngg_post_thumbnail":0,"jetpack_post_was_ever_published":false,"_jetpack_newsletter_access":"","_jetpack_dont_email_post_to_subs":false,"_jetpack_newsletter_tier_id":0,"_jetpack_memberships_contains_paywalled_content":false,"_jetpack_memberships_contains_paid_content":false,"footnotes":"","jetpack_publicize_message":"","jetpack_publicize_feature_enabled":true,"jetpack_social_post_already_shared":false,"jetpack_social_options":{"image_generator_settings":{"template":"highway","default_image_id":0,"font":"","enabled":false},"version":2}},"categories":[3],"tags":[10223,155,132,10120,10121,10278,10147,746,10098,745,749,748,164],"class_list":["post-512","post","type-post","status-publish","format-standard","has-post-thumbnail","hentry","category-dpc","tag-10223","tag-ef-s-18-55-mm-f35-56-ii","tag-eos-20d","tag-france","tag-ile-de-france","tag-lampadaire","tag-nuit","tag-opera-garnier","tag-paris","tag-place-de-lopera","tag-star-star","tag-the-frames","tag-urbain"],"acf":[],"geo":{"latitude":48.871315,"longitude":2.3321593,"description":"2 Rue Hal\u00e9vy, 75009 Paris, France"},"jetpack_publicize_connections":[],"jetpack_featured_media_url":"https:\/\/www.wallendorff.com\/belogue\/wp-content\/uploads\/2015\/04\/20050105-opera1.jpg","jetpack_shortlink":"https:\/\/wp.me\/p3b35P-8g","jetpack_sharing_enabled":true,"jetpack-related-posts":[{"id":7621,"url":"https:\/\/www.wallendorff.com\/belogue\/2010\/06\/03\/wheeeere-the-streeeeeets-have-a-naaaaame\/","url_meta":{"origin":512,"position":0},"title":"Wheeeere the streeeeeets have a naaaaame.","author":"dpc","date":"3 juin 2010","format":false,"excerpt":"Rue des Chantres, Paris, 25 avril. Je n'arrive toujours pas \u00e0 savoir si c'est bien ou mal d'\u00e9couter des bouts de la BO de Twilight1 et si je vais me changer en loup-garou2 m\u00e9chant et baveur ou en vampire glabre si j'en abuse. L'\u0153uvre est \u00e9coutable en int\u00e9grale ici, pour\u2026","rel":"","context":"Dans &quot;DPC&quot;","block_context":{"text":"DPC","link":"https:\/\/www.wallendorff.com\/belogue\/category\/dpc\/"},"img":{"alt_text":"","src":"https:\/\/i0.wp.com\/www.wallendorff.com\/belogue\/wp-content\/uploads\/2015\/04\/201006031.jpg?resize=350%2C200&ssl=1","width":350,"height":200},"classes":[]},{"id":400,"url":"https:\/\/www.wallendorff.com\/belogue\/2005\/04\/19\/quoi-boire-quoi-faire-si-j-m-en-vais-en-enfer\/","url_meta":{"origin":512,"position":1},"title":"[Quoi boire? Quoi faire ?] Si j&rsquo;m&rsquo;en vais en Enfer.","author":"dpc","date":"19 avril 2005","format":false,"excerpt":"Cimeti\u00e8re du P\u00e8re-Lachaise, Paris, 12 avril. [Mille mercis \u00e0\u00a0cette dame pour cette note, qui changea ma vie.] [oooooooh, oui.] [et happy White Stripes day \u00e0 tout le monde.] [et le Dandy calme, c'est pour r\u00e9parer les oreilles offens\u00e9es hier.] [allez, bonne nuit, les enfants.] \u00a0The Dandy Warhols \u2013 Mohammed","rel":"","context":"Dans &quot;DPC&quot;","block_context":{"text":"DPC","link":"https:\/\/www.wallendorff.com\/belogue\/category\/dpc\/"},"img":{"alt_text":"","src":"https:\/\/i0.wp.com\/www.wallendorff.com\/belogue\/wp-content\/uploads\/2015\/04\/200504191.jpg?resize=350%2C200&ssl=1","width":350,"height":200},"classes":[]},{"id":40,"url":"https:\/\/www.wallendorff.com\/belogue\/2005\/10\/26\/l-ivre-et-son-tas-d-os-missiles\/","url_meta":{"origin":512,"position":2},"title":"L&rsquo;ivre et son tas d&rsquo;os-missiles.","author":"dpc","date":"26 octobre 2005","format":false,"excerpt":"J'ai rien \u00e0 raconter. D'un c\u00f4t\u00e9 \u00e7a tombe bien, note, parce que ce bel\u00f6gue est quand m\u00eame un photo-bel\u00f6gue, \u00e0 la base. N'emp\u00eache que. J'ai m\u00eame pas de trucs de fran\u00e7ais sur lesquels d\u00e9blat\u00e9rer. Pourtant j\u2019aime bien d\u00e9blat\u00e9rer sur des trucs de fran\u00e7ais. Ce genre de truc qui n'int\u00e9resse que\u2026","rel":"","context":"Dans &quot;DPC&quot;","block_context":{"text":"DPC","link":"https:\/\/www.wallendorff.com\/belogue\/category\/dpc\/"},"img":{"alt_text":"","src":"https:\/\/i0.wp.com\/www.wallendorff.com\/belogue\/wp-content\/uploads\/2015\/04\/200510261.jpg?resize=350%2C200&ssl=1","width":350,"height":200},"classes":[]},{"id":7268,"url":"https:\/\/www.wallendorff.com\/belogue\/2010\/03\/19\/lane-oui-tout-lecha-cent-grilles\/","url_meta":{"origin":512,"position":3},"title":"L&rsquo;\u00e2ne, oui, tout l\u00e9cha cent grilles.","author":"dpc","date":"19 mars 2010","format":false,"excerpt":"Rue du Faubourg Saint-Antoine, Paris, 27 f\u00e9vrier. Pr\u00e8s de trois ann\u00e9es se sont \u00e9coul\u00e9es depuis la derni\u00e8re fois, il y a eu des morts autour de moi1, de nouveaux projets avec des bouts de Jack White dedans, une d\u00e9pression angoiss\u00e9e et un mariage pour Meg White et, au final, on\u2026","rel":"","context":"Dans &quot;DPC&quot;","block_context":{"text":"DPC","link":"https:\/\/www.wallendorff.com\/belogue\/category\/dpc\/"},"img":{"alt_text":"","src":"https:\/\/i0.wp.com\/www.wallendorff.com\/belogue\/wp-content\/uploads\/2015\/04\/201003191.jpg?resize=350%2C200&ssl=1","width":350,"height":200},"classes":[]},{"id":278,"url":"https:\/\/www.wallendorff.com\/belogue\/2005\/11\/06\/en-tricycle-homme-deja-sort\/","url_meta":{"origin":512,"position":4},"title":"En tricycle homme d&eacute;j&agrave; sort&sup1;.","author":"dpc","date":"6 novembre 2005","format":false,"excerpt":"Passage Lhomme, Paris, 15 octobre. Y a du soleil, il fait enfin froid, j'ai de nouvelles mitaines, les p\u00e2tes tomates-vin blanc c'est bon, la matin\u00e9e fut cotonneuse \u00e0 souhait et ces gens-ci ont post\u00e9 ce concert-l\u00e0. \u00c7a ghet's m\u00f4l2 grave, quoi. \u00a0The White Stripes \u2013 Little Ghost (live Paris 16\/10\/2005)\u2026","rel":"","context":"Dans &quot;DPC&quot;","block_context":{"text":"DPC","link":"https:\/\/www.wallendorff.com\/belogue\/category\/dpc\/"},"img":{"alt_text":"","src":"https:\/\/i0.wp.com\/www.wallendorff.com\/belogue\/wp-content\/uploads\/2015\/04\/200511061.jpg?resize=350%2C200&ssl=1","width":350,"height":200},"classes":[]},{"id":631,"url":"https:\/\/www.wallendorff.com\/belogue\/2006\/08\/04\/rot-qui-aurore-pique-chur-chooz\/","url_meta":{"origin":512,"position":5},"title":"R&ocirc;t&sup1; qui aurore&sup2; pique chur&sup3; Chooz*.","author":"dpc","date":"4 ao\u00fbt 2006","format":false,"excerpt":"Rue \u00c9tienne Dolet, Paris, 29 juillet. [Keep moving.]5 \u00a0Zita Swoon \u2013 Jintro and the Great Luna (live) _____ 1 R\u00f4t comme une \u00ab Pi\u00e8ce de viande (boucherie, volaille, gibier) cuite \u00e0 feu vif et sans sauce, \u00e0 la broche ou au four. Synon. r\u00f4ti. Gros r\u00f4t (b\u0153uf, veau, mouton, porc,\u2026","rel":"","context":"Dans &quot;DPC&quot;","block_context":{"text":"DPC","link":"https:\/\/www.wallendorff.com\/belogue\/category\/dpc\/"},"img":{"alt_text":"","src":"https:\/\/i0.wp.com\/www.wallendorff.com\/belogue\/wp-content\/uploads\/2015\/04\/200608041.jpg?resize=350%2C200&ssl=1","width":350,"height":200},"classes":[]}],"_links":{"self":[{"href":"https:\/\/www.wallendorff.com\/belogue\/wp-json\/wp\/v2\/posts\/512","targetHints":{"allow":["GET"]}}],"collection":[{"href":"https:\/\/www.wallendorff.com\/belogue\/wp-json\/wp\/v2\/posts"}],"about":[{"href":"https:\/\/www.wallendorff.com\/belogue\/wp-json\/wp\/v2\/types\/post"}],"author":[{"embeddable":true,"href":"https:\/\/www.wallendorff.com\/belogue\/wp-json\/wp\/v2\/users\/1"}],"replies":[{"embeddable":true,"href":"https:\/\/www.wallendorff.com\/belogue\/wp-json\/wp\/v2\/comments?post=512"}],"version-history":[{"count":2,"href":"https:\/\/www.wallendorff.com\/belogue\/wp-json\/wp\/v2\/posts\/512\/revisions"}],"predecessor-version":[{"id":15188,"href":"https:\/\/www.wallendorff.com\/belogue\/wp-json\/wp\/v2\/posts\/512\/revisions\/15188"}],"wp:featuredmedia":[{"embeddable":true,"href":"https:\/\/www.wallendorff.com\/belogue\/wp-json\/wp\/v2\/media\/24450"}],"wp:attachment":[{"href":"https:\/\/www.wallendorff.com\/belogue\/wp-json\/wp\/v2\/media?parent=512"}],"wp:term":[{"taxonomy":"category","embeddable":true,"href":"https:\/\/www.wallendorff.com\/belogue\/wp-json\/wp\/v2\/categories?post=512"},{"taxonomy":"post_tag","embeddable":true,"href":"https:\/\/www.wallendorff.com\/belogue\/wp-json\/wp\/v2\/tags?post=512"}],"curies":[{"name":"wp","href":"https:\/\/api.w.org\/{rel}","templated":true}]}}