{"id":51197,"date":"2022-03-31T12:18:12","date_gmt":"2022-03-31T10:18:12","guid":{"rendered":"https:\/\/www.wallendorff.com\/belogue\/?p=51197"},"modified":"2022-03-31T18:03:04","modified_gmt":"2022-03-31T16:03:04","slug":"into-the-wide-244","status":"publish","type":"post","link":"https:\/\/www.wallendorff.com\/belogue\/2022\/03\/31\/into-the-wide-244\/","title":{"rendered":"Into the wide #244."},"content":{"rendered":"\t\t<div data-elementor-type=\"wp-post\" data-elementor-id=\"51197\" class=\"elementor elementor-51197\" data-elementor-post-type=\"post\">\n\t\t\t\t\t\t<section class=\"elementor-section elementor-top-section elementor-element elementor-element-7bbd62f elementor-section-boxed elementor-section-height-default elementor-section-height-default\" data-id=\"7bbd62f\" data-element_type=\"section\" data-e-type=\"section\">\n\t\t\t\t\t\t<div class=\"elementor-container elementor-column-gap-default\">\n\t\t\t\t\t<div class=\"elementor-column elementor-col-100 elementor-top-column elementor-element elementor-element-7a479fb\" data-id=\"7a479fb\" data-element_type=\"column\" data-e-type=\"column\">\n\t\t\t<div class=\"elementor-widget-wrap elementor-element-populated\">\n\t\t\t\t\t\t<div class=\"elementor-element elementor-element-ea54c93 elementor-widget elementor-widget-text-editor\" data-id=\"ea54c93\" data-element_type=\"widget\" data-e-type=\"widget\" data-widget_type=\"text-editor.default\">\n\t\t\t\t<div class=\"elementor-widget-container\">\n\t\t\t\t\t\t\t\t\t<div id=\"bandeson\"><img decoding=\"async\" src=\"https:\/\/www.wallendorff.com\/belogue\/photo\/pochettes\/f\/fender_sam-seventeen_going_under.jpg\" align=\"left\"><a id=\"lienmp3\" style=\"font-weight: normal;\" href=\"https:\/\/www.youtube.com\/watch?v=K4GYYt40bqU\"><em>The Dying Light<\/em><\/a>\n<a href=\"https:\/\/www.samfender.com\/\">Sam Fender<\/a>&nbsp;&nbsp;\n\n<\/div>\t\t\t\t\t\t\t\t<\/div>\n\t\t\t\t<\/div>\n\t\t\t\t\t<\/div>\n\t\t<\/div>\n\t\t\t\t\t<\/div>\n\t\t<\/section>\n\t\t\t\t<\/div>\n\t\t","protected":false},"excerpt":{"rendered":"<p>The Dying Light Sam Fender&nbsp;&nbsp;<\/p>\n","protected":false},"author":1,"featured_media":51199,"comment_status":"open","ping_status":"open","sticky":false,"template":"","format":"standard","meta":{"_acf_changed":false,"ngg_post_thumbnail":0,"jetpack_post_was_ever_published":false,"_jetpack_newsletter_access":"","_jetpack_dont_email_post_to_subs":false,"_jetpack_newsletter_tier_id":0,"_jetpack_memberships_contains_paywalled_content":false,"_jetpack_memberships_contains_paid_content":false,"footnotes":"","jetpack_publicize_message":"","jetpack_publicize_feature_enabled":true,"jetpack_social_post_already_shared":true,"jetpack_social_options":{"image_generator_settings":{"template":"highway","default_image_id":0,"font":"","enabled":false},"version":2}},"categories":[7356],"tags":[10953,10452,15878,12180,14990,10147,3951,11323,10592,17643,14274,17644],"class_list":["post-51197","post","type-post","status-publish","format-standard","has-post-thumbnail","hentry","category-into-the-wide","tag-allemagne","tag-berlin","tag-fujifilm-x-t3","tag-gendarmenmarkt","tag-konzerthaus","tag-nuit","tag-opera","tag-panoramique","tag-pose-longue","tag-sam-fender","tag-samyang-8-mm-f2-8-umc-fisheye-ii","tag-the-dying-light"],"acf":[],"geo":{"latitude":52.5136185,"longitude":13.3924303,"description":"Berlin, Berlin, 10117, DE"},"jetpack_publicize_connections":[],"jetpack_featured_media_url":"https:\/\/www.wallendorff.com\/belogue\/wp-content\/uploads\/2022\/03\/20220331.jpg","jetpack_shortlink":"https:\/\/wp.me\/p3b35P-djL","jetpack_sharing_enabled":true,"jetpack-related-posts":[{"id":50618,"url":"https:\/\/www.wallendorff.com\/belogue\/2022\/01\/19\/ca-voit-laile-des-tours\/","url_meta":{"origin":51197,"position":0},"title":"\u00c7a voit l&rsquo;aile des tours.","author":"dpc","date":"19 janvier 2022","format":false,"excerpt":"Rue de l'Universit\u00e9, Paris, 2 d\u00e9cembre 2021. The Dying Light Sam Fender\u00a0\u00a0","rel":"","context":"Dans &quot;DPC&quot;","block_context":{"text":"DPC","link":"https:\/\/www.wallendorff.com\/belogue\/category\/dpc\/"},"img":{"alt_text":"","src":"https:\/\/i0.wp.com\/www.wallendorff.com\/belogue\/wp-content\/uploads\/2022\/01\/20220119.jpg?resize=350%2C200&ssl=1","width":350,"height":200,"srcset":"https:\/\/i0.wp.com\/www.wallendorff.com\/belogue\/wp-content\/uploads\/2022\/01\/20220119.jpg?resize=350%2C200&ssl=1 1x, https:\/\/i0.wp.com\/www.wallendorff.com\/belogue\/wp-content\/uploads\/2022\/01\/20220119.jpg?resize=525%2C300&ssl=1 1.5x, https:\/\/i0.wp.com\/www.wallendorff.com\/belogue\/wp-content\/uploads\/2022\/01\/20220119.jpg?resize=700%2C400&ssl=1 2x"},"classes":[]},{"id":131821,"url":"https:\/\/www.wallendorff.com\/belogue\/2025\/03\/06\/sam-fender-lolympia-paris-4-mars-2025\/","url_meta":{"origin":51197,"position":1},"title":"Sam Fender @ l&rsquo;Olympia, Paris, 4 mars 2025.","author":"dpc","date":"6 mars 2025","format":false,"excerpt":"Sam Fender @ l\u2019Olympia, Paris, 04\/03\/2025 Sam Fender @ l\u2019Olympia, Paris, 04\/03\/2025 Sam Fender @ l\u2019Olympia, Paris, 04\/03\/2025 Sam Fender @ l\u2019Olympia, Paris, 04\/03\/2025 Sam Fender @ l\u2019Olympia, Paris, 04\/03\/2025 Sam Fender @ l\u2019Olympia, Paris, 04\/03\/2025 Sam Fender @ l\u2019Olympia, Paris, 04\/03\/2025 Sam Fender @ l\u2019Olympia, Paris, 04\/03\/2025 Sam Fender\u2026","rel":"","context":"Dans &quot;Alive&quot;","block_context":{"text":"Alive","link":"https:\/\/www.wallendorff.com\/belogue\/category\/alive\/"},"img":{"alt_text":"","src":"https:\/\/i0.wp.com\/www.wallendorff.com\/belogue\/wp-content\/uploads\/2025\/03\/20250306-01.jpg?resize=350%2C200&ssl=1","width":350,"height":200,"srcset":"https:\/\/i0.wp.com\/www.wallendorff.com\/belogue\/wp-content\/uploads\/2025\/03\/20250306-01.jpg?resize=350%2C200&ssl=1 1x, https:\/\/i0.wp.com\/www.wallendorff.com\/belogue\/wp-content\/uploads\/2025\/03\/20250306-01.jpg?resize=525%2C300&ssl=1 1.5x, https:\/\/i0.wp.com\/www.wallendorff.com\/belogue\/wp-content\/uploads\/2025\/03\/20250306-01.jpg?resize=700%2C400&ssl=1 2x, https:\/\/i0.wp.com\/www.wallendorff.com\/belogue\/wp-content\/uploads\/2025\/03\/20250306-01.jpg?resize=1050%2C600&ssl=1 3x"},"classes":[]},{"id":18169,"url":"https:\/\/www.wallendorff.com\/belogue\/2012\/07\/11\/pis-a-prismes-29-%c3%97-guitart-11\/","url_meta":{"origin":51197,"position":2},"title":"Pis \u00e0 prismes #30 \u00d7 Guit&rsquo;art #11.","author":"dpc","date":"11 juillet 2012","format":false,"excerpt":"Champ de Mars, Paris, 17 mai. Je sais, je sais, je l'avais pass\u00e9e sur Instagram le jour m\u00eame, je sais, pardon mais voyez-vous j'ai trois bonnes excuses pour \u00e9galement publier cette version\u00a0: Entre temps nous avons ajout\u00e9 la bouteille de vin. C'est rock, les bouteilles de vin. \u00c7a fait de\u2026","rel":"","context":"Dans &quot;Guit'Art&quot;","block_context":{"text":"Guit'Art","link":"https:\/\/www.wallendorff.com\/belogue\/category\/guit-art\/"},"img":{"alt_text":"","src":"https:\/\/i0.wp.com\/www.wallendorff.com\/belogue\/wp-content\/uploads\/2015\/04\/201207111.jpg?resize=350%2C200&ssl=1","width":350,"height":200,"srcset":"https:\/\/i0.wp.com\/www.wallendorff.com\/belogue\/wp-content\/uploads\/2015\/04\/201207111.jpg?resize=350%2C200&ssl=1 1x, https:\/\/i0.wp.com\/www.wallendorff.com\/belogue\/wp-content\/uploads\/2015\/04\/201207111.jpg?resize=525%2C300&ssl=1 1.5x"},"classes":[]},{"id":3913,"url":"https:\/\/www.wallendorff.com\/belogue\/2009\/02\/17\/we-live-a-dying-dream-if-you-know-what-i-mean\/","url_meta":{"origin":51197,"position":3},"title":"We live a dying dream, if you know what I mean.","author":"dpc","date":"17 f\u00e9vrier 2009","format":false,"excerpt":"Pont de Sully, Paris, 13 janvier. \u00a0Oasis \u2013 Falling Down","rel":"","context":"Dans &quot;DPC&quot;","block_context":{"text":"DPC","link":"https:\/\/www.wallendorff.com\/belogue\/category\/dpc\/"},"img":{"alt_text":"","src":"https:\/\/i0.wp.com\/www.wallendorff.com\/belogue\/wp-content\/uploads\/2015\/04\/200902171.jpg?resize=350%2C200&ssl=1","width":350,"height":200,"srcset":"https:\/\/i0.wp.com\/www.wallendorff.com\/belogue\/wp-content\/uploads\/2015\/04\/200902171.jpg?resize=350%2C200&ssl=1 1x, https:\/\/i0.wp.com\/www.wallendorff.com\/belogue\/wp-content\/uploads\/2015\/04\/200902171.jpg?resize=525%2C300&ssl=1 1.5x"},"classes":[]},{"id":50214,"url":"https:\/\/www.wallendorff.com\/belogue\/2021\/11\/30\/novembre-2021\/","url_meta":{"origin":51197,"position":4},"title":"Novembre 2021.","author":"dpc","date":"30 novembre 2021","format":false,"excerpt":"Un bisou, une vache, une promenade, un vernissage, une bi\u00e8re, un karaok\u00e9, un montage, un sac \u00e0 patates, un soleil, une chemise, un montage, une inauguration, un reflet, un m\u00e9tro, un escalator, une vitrine, un th\u00e9\u00e2tre, un caf\u00e9, une manche \u00e0 air, un t\u00e9l\u00e9phone, un camion, un chat pr\u00e9nomm\u00e9 N\u00fcremberg,\u2026","rel":"","context":"Dans &quot;Blog-note&quot;","block_context":{"text":"Blog-note","link":"https:\/\/www.wallendorff.com\/belogue\/category\/blog-note\/"},"img":{"alt_text":"","src":"https:\/\/i0.wp.com\/www.wallendorff.com\/belogue\/wp-content\/uploads\/2021\/12\/20211216-39.jpg?resize=350%2C200&ssl=1","width":350,"height":200,"srcset":"https:\/\/i0.wp.com\/www.wallendorff.com\/belogue\/wp-content\/uploads\/2021\/12\/20211216-39.jpg?resize=350%2C200&ssl=1 1x, https:\/\/i0.wp.com\/www.wallendorff.com\/belogue\/wp-content\/uploads\/2021\/12\/20211216-39.jpg?resize=525%2C300&ssl=1 1.5x, https:\/\/i0.wp.com\/www.wallendorff.com\/belogue\/wp-content\/uploads\/2021\/12\/20211216-39.jpg?resize=700%2C400&ssl=1 2x, https:\/\/i0.wp.com\/www.wallendorff.com\/belogue\/wp-content\/uploads\/2021\/12\/20211216-39.jpg?resize=1050%2C600&ssl=1 3x"},"classes":[]},{"id":132051,"url":"https:\/\/www.wallendorff.com\/belogue\/2025\/03\/31\/mars-2025\/","url_meta":{"origin":51197,"position":5},"title":"Mars 2025.","author":"dpc","date":"31 mars 2025","format":false,"excerpt":"Un appartement \u00e0 ranger, un anniversaire, un concert, un chat pr\u00e9nomm\u00e9 Chalumeau (et un lapin pr\u00e9nomm\u00e9 Lapinou), un drapeau p\u00e9ruvien, un arr\u00eat de bus, une sieste masqu\u00e9e, un coucher de soleil, des travaux, un one-man show, un appartement \u00e0 ranger, un fauteuil haut perch\u00e9, un train \u00e0 grande vitesse, un\u2026","rel":"","context":"Dans &quot;Blog-note&quot;","block_context":{"text":"Blog-note","link":"https:\/\/www.wallendorff.com\/belogue\/category\/blog-note\/"},"img":{"alt_text":"","src":"https:\/\/i0.wp.com\/www.wallendorff.com\/belogue\/wp-content\/uploads\/2025\/04\/20250409-32.jpg?resize=350%2C200&ssl=1","width":350,"height":200,"srcset":"https:\/\/i0.wp.com\/www.wallendorff.com\/belogue\/wp-content\/uploads\/2025\/04\/20250409-32.jpg?resize=350%2C200&ssl=1 1x, https:\/\/i0.wp.com\/www.wallendorff.com\/belogue\/wp-content\/uploads\/2025\/04\/20250409-32.jpg?resize=525%2C300&ssl=1 1.5x, https:\/\/i0.wp.com\/www.wallendorff.com\/belogue\/wp-content\/uploads\/2025\/04\/20250409-32.jpg?resize=700%2C400&ssl=1 2x, https:\/\/i0.wp.com\/www.wallendorff.com\/belogue\/wp-content\/uploads\/2025\/04\/20250409-32.jpg?resize=1050%2C600&ssl=1 3x"},"classes":[]}],"_links":{"self":[{"href":"https:\/\/www.wallendorff.com\/belogue\/wp-json\/wp\/v2\/posts\/51197","targetHints":{"allow":["GET"]}}],"collection":[{"href":"https:\/\/www.wallendorff.com\/belogue\/wp-json\/wp\/v2\/posts"}],"about":[{"href":"https:\/\/www.wallendorff.com\/belogue\/wp-json\/wp\/v2\/types\/post"}],"author":[{"embeddable":true,"href":"https:\/\/www.wallendorff.com\/belogue\/wp-json\/wp\/v2\/users\/1"}],"replies":[{"embeddable":true,"href":"https:\/\/www.wallendorff.com\/belogue\/wp-json\/wp\/v2\/comments?post=51197"}],"version-history":[{"count":4,"href":"https:\/\/www.wallendorff.com\/belogue\/wp-json\/wp\/v2\/posts\/51197\/revisions"}],"predecessor-version":[{"id":51202,"href":"https:\/\/www.wallendorff.com\/belogue\/wp-json\/wp\/v2\/posts\/51197\/revisions\/51202"}],"wp:featuredmedia":[{"embeddable":true,"href":"https:\/\/www.wallendorff.com\/belogue\/wp-json\/wp\/v2\/media\/51199"}],"wp:attachment":[{"href":"https:\/\/www.wallendorff.com\/belogue\/wp-json\/wp\/v2\/media?parent=51197"}],"wp:term":[{"taxonomy":"category","embeddable":true,"href":"https:\/\/www.wallendorff.com\/belogue\/wp-json\/wp\/v2\/categories?post=51197"},{"taxonomy":"post_tag","embeddable":true,"href":"https:\/\/www.wallendorff.com\/belogue\/wp-json\/wp\/v2\/tags?post=51197"}],"curies":[{"name":"wp","href":"https:\/\/api.w.org\/{rel}","templated":true}]}}