{"id":5111,"date":"2009-11-19T10:20:07","date_gmt":"2009-11-19T09:20:07","guid":{"rendered":"http:\/\/www.po-l.com\/belogue\/?p=5111"},"modified":"2012-10-10T10:24:26","modified_gmt":"2012-10-10T08:24:26","slug":"my-best-friends-a-butcher-he-has-sixteen-knives-he-carries-them-all-over-the-town-at-least-he-tries","status":"publish","type":"post","link":"https:\/\/www.wallendorff.com\/belogue\/2009\/11\/19\/my-best-friends-a-butcher-he-has-sixteen-knives-he-carries-them-all-over-the-town-at-least-he-tries\/","title":{"rendered":"My best friend&rsquo;s a butcher he has sixteen knives he carries them all over the town at least he tries."},"content":{"rendered":"<div id=\"photo\">\n<p><img decoding=\"async\" src=\"https:\/\/www.wallendorff.com\/belogue\/photo\/2009\/11\/20091119.jpg\" \/><br \/>\n  Passage Choiseul, Paris, 31 juillet.<\/p>\n<\/div>\n<div id=\"bandeson\">\n<p><img decoding=\"async\" src=\"https:\/\/www.wallendorff.com\/belogue\/photo\/pochettes\/i\/interpol-turn_on_the_bright_lights.jpg\" align=\"left\" \/>&nbsp;<a href=\"http:\/\/www.interpolnyc.com\/\">Interpol<\/a> &ndash; <em>Roland<\/em><\/p>\n<\/div>\n<p>Je ne parle jamais du contexte de ces photos. Du nombre d&rsquo;entre elles qui n&rsquo;auraient jamais exist&eacute; si je n&#8217;emportais pas toujours mon bo&icirc;tier avec moi&nbsp;; des circonstances qui les provoquent&nbsp;; de ces retards pour aller d&icirc;ner rue Sainte-Anne qui me font me h&acirc;ter dans la rue Delayrac, <em>Roland<\/em> &agrave; fond dans les oreilles&nbsp;; du rapide coup d&rsquo;&oelig;il vers l&rsquo;entr&eacute;e du passage&nbsp;; du faufilement &agrave; l&rsquo;int&eacute;rieur&nbsp;; du changement tatillon d&rsquo;objectif&nbsp;; du cadrage f&eacute;brile alors que derri&egrave;re moi claque le cadenas de la fermeture du passage pour la nuit&nbsp;; de ma volte-face vers le concierge&nbsp;; du rapide sourire&nbsp;;  de la r&eacute;ouverture de la porte&nbsp;; de la sortie dix secondes apr&egrave;s l&rsquo;entr&eacute;e.<\/p>\n<p style=\"text-align:right\">Cela  rendrait peut-&ecirc;tre certaines photos moins banales.<\/p>\n<p style=\"text-align:right\">Il faudra que j&rsquo;essaie. <\/p>\n","protected":false},"excerpt":{"rendered":"<p>Passage Choiseul, Paris, 31 juillet. &nbsp;Interpol &ndash; Roland Je ne parle jamais du contexte de ces photos. Du nombre d&rsquo;entre elles qui n&rsquo;auraient jamais exist&eacute; si je n&#8217;emportais pas toujours mon bo&icirc;tier avec moi&nbsp;; des circonstances qui les provoquent&nbsp;; de ces retards pour aller d&icirc;ner rue Sainte-Anne qui me font me h&acirc;ter dans la rue&hellip;<\/p>\n","protected":false},"author":1,"featured_media":25599,"comment_status":"open","ping_status":"open","sticky":false,"template":"","format":"standard","meta":{"_acf_changed":false,"ngg_post_thumbnail":0,"jetpack_post_was_ever_published":false,"_jetpack_newsletter_access":"","_jetpack_dont_email_post_to_subs":false,"_jetpack_newsletter_tier_id":0,"_jetpack_memberships_contains_paywalled_content":false,"_jetpack_memberships_contains_paid_content":false,"footnotes":"","jetpack_publicize_message":"","jetpack_publicize_feature_enabled":true,"jetpack_social_post_already_shared":false,"jetpack_social_options":{"image_generator_settings":{"template":"highway","default_image_id":0,"font":"","enabled":false},"version":2}},"categories":[3],"tags":[10251,1438,2615,10120,10121,10111,143,10147,10098,10416,3241,673,6757],"class_list":["post-5111","post","type-post","status-publish","format-standard","has-post-thumbnail","hentry","category-dpc","tag-10251","tag-ef-50-mm-f14-usm","tag-eos-5d-mark-ii","tag-france","tag-ile-de-france","tag-interpol","tag-noir-et-blanc","tag-nuit","tag-paris","tag-passage","tag-passage-choiseul","tag-roland","tag-turn-on-the-bright-lights"],"acf":[],"geo":{"latitude":48.8682137,"longitude":2.3356783,"description":null},"jetpack_publicize_connections":[],"jetpack_featured_media_url":"https:\/\/www.wallendorff.com\/belogue\/wp-content\/uploads\/2015\/04\/200911191.jpg","jetpack_shortlink":"https:\/\/wp.me\/p3b35P-1kr","jetpack_sharing_enabled":true,"jetpack-related-posts":[{"id":127713,"url":"https:\/\/www.wallendorff.com\/belogue\/2024\/04\/15\/suivre-la-fleche-2-3-resistance\/","url_meta":{"origin":5111,"position":0},"title":"Suivre la fl\u00e8che [2\/3] : R\u00e9sistance.","author":"dpc","date":"15 avril 2024","format":false,"excerpt":"J\u2019ai \u00e9t\u00e9 inform\u00e9 de l\u2019incendie en arrivant chez moi. 5 minutes plus tard, je sautais dans le RER, direction Pont Marie1.En me frayant un passage \u00e0 travers la foule silencieuse, mass\u00e9e \u00e0 la fronti\u00e8re du bouclage de la police, je d\u00e9couvre le trou b\u00e9ant. La fl\u00e8che s\u2019est \u00e9croul\u00e9e pendant mon\u2026","rel":"","context":"Dans &quot;DPC&quot;","block_context":{"text":"DPC","link":"https:\/\/www.wallendorff.com\/belogue\/category\/dpc\/"},"img":{"alt_text":"","src":"https:\/\/i0.wp.com\/www.wallendorff.com\/belogue\/wp-content\/uploads\/2024\/04\/20240415-12.jpg?resize=350%2C200&ssl=1","width":350,"height":200,"srcset":"https:\/\/i0.wp.com\/www.wallendorff.com\/belogue\/wp-content\/uploads\/2024\/04\/20240415-12.jpg?resize=350%2C200&ssl=1 1x, https:\/\/i0.wp.com\/www.wallendorff.com\/belogue\/wp-content\/uploads\/2024\/04\/20240415-12.jpg?resize=525%2C300&ssl=1 1.5x, https:\/\/i0.wp.com\/www.wallendorff.com\/belogue\/wp-content\/uploads\/2024\/04\/20240415-12.jpg?resize=700%2C400&ssl=1 2x, https:\/\/i0.wp.com\/www.wallendorff.com\/belogue\/wp-content\/uploads\/2024\/04\/20240415-12.jpg?resize=1050%2C600&ssl=1 3x"},"classes":[]},{"id":124188,"url":"https:\/\/www.wallendorff.com\/belogue\/2023\/03\/31\/mars-2023\/","url_meta":{"origin":5111,"position":1},"title":"Mars 2023.","author":"dpc","date":"31 mars 2023","format":false,"excerpt":"Un train, un fauteuil, des culs de chats, une plage, un portail, une plage, un c\u0153ur, un champ, un rocher, un bisou, un rocher, un arbre, un viaduc, un rideau, un chat, une falaise, un rocher, un sentier, un bonnet, une falaise, un oc\u00e9an, un miroir, des branches, un RER,\u2026","rel":"","context":"Dans &quot;Blog-note&quot;","block_context":{"text":"Blog-note","link":"https:\/\/www.wallendorff.com\/belogue\/category\/blog-note\/"},"img":{"alt_text":"","src":"https:\/\/i0.wp.com\/www.wallendorff.com\/belogue\/wp-content\/uploads\/2023\/04\/20230413-19.jpg?resize=350%2C200&ssl=1","width":350,"height":200,"srcset":"https:\/\/i0.wp.com\/www.wallendorff.com\/belogue\/wp-content\/uploads\/2023\/04\/20230413-19.jpg?resize=350%2C200&ssl=1 1x, https:\/\/i0.wp.com\/www.wallendorff.com\/belogue\/wp-content\/uploads\/2023\/04\/20230413-19.jpg?resize=525%2C300&ssl=1 1.5x, https:\/\/i0.wp.com\/www.wallendorff.com\/belogue\/wp-content\/uploads\/2023\/04\/20230413-19.jpg?resize=700%2C400&ssl=1 2x, https:\/\/i0.wp.com\/www.wallendorff.com\/belogue\/wp-content\/uploads\/2023\/04\/20230413-19.jpg?resize=1050%2C600&ssl=1 3x"},"classes":[]},{"id":126135,"url":"https:\/\/www.wallendorff.com\/belogue\/2023\/08\/31\/aout-2023\/","url_meta":{"origin":5111,"position":2},"title":"Ao\u00fbt 2023.","author":"dpc","date":"31 ao\u00fbt 2023","format":false,"excerpt":"Une blouse, un bisou, un reflet, un ap\u00e9ro, un gros pied, un cr\u00e9puscule, un trou, un bateau, un bisou, un ticheurte, un coucher de soleil, un doigt, un di\u0161que, un chat pr\u00e9nomm\u00e9 Bedaine-Breakfast, un a\u00e9roport, un avion, une voiture, un pont, un di\u0161que, un r\u00e9veil, une route, un bateau, une\u2026","rel":"","context":"Dans &quot;Blog-note&quot;","block_context":{"text":"Blog-note","link":"https:\/\/www.wallendorff.com\/belogue\/category\/blog-note\/"},"img":{"alt_text":"","src":"https:\/\/i0.wp.com\/www.wallendorff.com\/belogue\/wp-content\/uploads\/2023\/09\/20230926-09.jpg?resize=350%2C200&ssl=1","width":350,"height":200,"srcset":"https:\/\/i0.wp.com\/www.wallendorff.com\/belogue\/wp-content\/uploads\/2023\/09\/20230926-09.jpg?resize=350%2C200&ssl=1 1x, https:\/\/i0.wp.com\/www.wallendorff.com\/belogue\/wp-content\/uploads\/2023\/09\/20230926-09.jpg?resize=525%2C300&ssl=1 1.5x, https:\/\/i0.wp.com\/www.wallendorff.com\/belogue\/wp-content\/uploads\/2023\/09\/20230926-09.jpg?resize=700%2C400&ssl=1 2x, https:\/\/i0.wp.com\/www.wallendorff.com\/belogue\/wp-content\/uploads\/2023\/09\/20230926-09.jpg?resize=1050%2C600&ssl=1 3x"},"classes":[]},{"id":124649,"url":"https:\/\/www.wallendorff.com\/belogue\/2023\/06\/12\/servus-wien-6\/","url_meta":{"origin":5111,"position":3},"title":"Servus Wien.","author":"dpc","date":"12 juin 2023","format":false,"excerpt":"[La galerie compl\u00e8te vient apr\u00e8s ce looooong texte traditionnel dont l'origine se perd dans les pr\u00e9mices de ce mill\u00e9naires.] Vienne, 14 \u2013 15 avril 2023. Can't Even Tell Soul Asylum Il y a dix-neuf ans, les Pistons de D\u00e9troit \u00e9taient en finale NBA. Il y a dix-huit ans, les Pistons\u2026","rel":"","context":"Dans &quot;DPC&quot;","block_context":{"text":"DPC","link":"https:\/\/www.wallendorff.com\/belogue\/category\/dpc\/"},"img":{"alt_text":"","src":"https:\/\/i0.wp.com\/www.wallendorff.com\/belogue\/wp-content\/uploads\/2023\/06\/20230612-09.jpg?resize=350%2C200&ssl=1","width":350,"height":200,"srcset":"https:\/\/i0.wp.com\/www.wallendorff.com\/belogue\/wp-content\/uploads\/2023\/06\/20230612-09.jpg?resize=350%2C200&ssl=1 1x, https:\/\/i0.wp.com\/www.wallendorff.com\/belogue\/wp-content\/uploads\/2023\/06\/20230612-09.jpg?resize=525%2C300&ssl=1 1.5x, https:\/\/i0.wp.com\/www.wallendorff.com\/belogue\/wp-content\/uploads\/2023\/06\/20230612-09.jpg?resize=700%2C400&ssl=1 2x, https:\/\/i0.wp.com\/www.wallendorff.com\/belogue\/wp-content\/uploads\/2023\/06\/20230612-09.jpg?resize=1050%2C600&ssl=1 3x"},"classes":[]},{"id":127695,"url":"https:\/\/www.wallendorff.com\/belogue\/2024\/04\/14\/suivre-la-fleche-1-3-reference\/","url_meta":{"origin":5111,"position":4},"title":"Suivre la fl\u00e8che [1\/3] : R\u00e9f\u00e9rence.","author":"dpc","date":"14 avril 2024","format":false,"excerpt":"Voil\u00e0 5 ans, la fl\u00e8che s\u2019effondrait, emportant quelques-unes de nos certitudes.Voil\u00e0 5 ans, l\u2019incendie laissait un trou b\u00e9ant \u00e0 la place de l\u2019un des plus anciens, des plus classiques point de r\u00e9f\u00e9rence du paysage parisien.Voil\u00e0 5 ans commen\u00e7ait la lente recouvrance qui devrait se terminer \u00e0 la fin de l'ann\u00e9e\u2026","rel":"","context":"Dans &quot;DPC&quot;","block_context":{"text":"DPC","link":"https:\/\/www.wallendorff.com\/belogue\/category\/dpc\/"},"img":{"alt_text":"","src":"https:\/\/i0.wp.com\/www.wallendorff.com\/belogue\/wp-content\/uploads\/2024\/04\/20240414-01.jpg?resize=350%2C200&ssl=1","width":350,"height":200,"srcset":"https:\/\/i0.wp.com\/www.wallendorff.com\/belogue\/wp-content\/uploads\/2024\/04\/20240414-01.jpg?resize=350%2C200&ssl=1 1x, https:\/\/i0.wp.com\/www.wallendorff.com\/belogue\/wp-content\/uploads\/2024\/04\/20240414-01.jpg?resize=525%2C300&ssl=1 1.5x, https:\/\/i0.wp.com\/www.wallendorff.com\/belogue\/wp-content\/uploads\/2024\/04\/20240414-01.jpg?resize=700%2C400&ssl=1 2x, https:\/\/i0.wp.com\/www.wallendorff.com\/belogue\/wp-content\/uploads\/2024\/04\/20240414-01.jpg?resize=1050%2C600&ssl=1 3x"},"classes":[]},{"id":126286,"url":"https:\/\/www.wallendorff.com\/belogue\/2023\/10\/12\/je-me-souviens-i-quebec\/","url_meta":{"origin":5111,"position":5},"title":"Je me souviens [I] : Qu\u00e9bec","author":"dpc","date":"12 octobre 2023","format":false,"excerpt":"","rel":"","context":"Dans &quot;DPC&quot;","block_context":{"text":"DPC","link":"https:\/\/www.wallendorff.com\/belogue\/category\/dpc\/"},"img":{"alt_text":"","src":"https:\/\/i0.wp.com\/www.wallendorff.com\/belogue\/wp-content\/uploads\/2023\/10\/20231012-21.jpg?resize=350%2C200&ssl=1","width":350,"height":200,"srcset":"https:\/\/i0.wp.com\/www.wallendorff.com\/belogue\/wp-content\/uploads\/2023\/10\/20231012-21.jpg?resize=350%2C200&ssl=1 1x, https:\/\/i0.wp.com\/www.wallendorff.com\/belogue\/wp-content\/uploads\/2023\/10\/20231012-21.jpg?resize=525%2C300&ssl=1 1.5x, https:\/\/i0.wp.com\/www.wallendorff.com\/belogue\/wp-content\/uploads\/2023\/10\/20231012-21.jpg?resize=700%2C400&ssl=1 2x, https:\/\/i0.wp.com\/www.wallendorff.com\/belogue\/wp-content\/uploads\/2023\/10\/20231012-21.jpg?resize=1050%2C600&ssl=1 3x"},"classes":[]}],"_links":{"self":[{"href":"https:\/\/www.wallendorff.com\/belogue\/wp-json\/wp\/v2\/posts\/5111","targetHints":{"allow":["GET"]}}],"collection":[{"href":"https:\/\/www.wallendorff.com\/belogue\/wp-json\/wp\/v2\/posts"}],"about":[{"href":"https:\/\/www.wallendorff.com\/belogue\/wp-json\/wp\/v2\/types\/post"}],"author":[{"embeddable":true,"href":"https:\/\/www.wallendorff.com\/belogue\/wp-json\/wp\/v2\/users\/1"}],"replies":[{"embeddable":true,"href":"https:\/\/www.wallendorff.com\/belogue\/wp-json\/wp\/v2\/comments?post=5111"}],"version-history":[{"count":2,"href":"https:\/\/www.wallendorff.com\/belogue\/wp-json\/wp\/v2\/posts\/5111\/revisions"}],"predecessor-version":[{"id":19217,"href":"https:\/\/www.wallendorff.com\/belogue\/wp-json\/wp\/v2\/posts\/5111\/revisions\/19217"}],"wp:featuredmedia":[{"embeddable":true,"href":"https:\/\/www.wallendorff.com\/belogue\/wp-json\/wp\/v2\/media\/25599"}],"wp:attachment":[{"href":"https:\/\/www.wallendorff.com\/belogue\/wp-json\/wp\/v2\/media?parent=5111"}],"wp:term":[{"taxonomy":"category","embeddable":true,"href":"https:\/\/www.wallendorff.com\/belogue\/wp-json\/wp\/v2\/categories?post=5111"},{"taxonomy":"post_tag","embeddable":true,"href":"https:\/\/www.wallendorff.com\/belogue\/wp-json\/wp\/v2\/tags?post=5111"}],"curies":[{"name":"wp","href":"https:\/\/api.w.org\/{rel}","templated":true}]}}