{"id":50713,"date":"2022-02-05T17:51:47","date_gmt":"2022-02-05T15:51:47","guid":{"rendered":"https:\/\/www.wallendorff.com\/belogue\/?p=50713"},"modified":"2024-06-04T10:30:52","modified_gmt":"2024-06-04T08:30:52","slug":"gondoles-rack-go","status":"publish","type":"post","link":"https:\/\/www.wallendorff.com\/belogue\/2022\/02\/05\/gondoles-rack-go\/","title":{"rendered":"Gondoles rack go."},"content":{"rendered":"\t\t<div data-elementor-type=\"wp-post\" data-elementor-id=\"50713\" class=\"elementor elementor-50713\" data-elementor-post-type=\"post\">\n\t\t\t\t\t\t<section class=\"elementor-section elementor-top-section elementor-element elementor-element-7bbd62f elementor-section-boxed elementor-section-height-default elementor-section-height-default\" data-id=\"7bbd62f\" data-element_type=\"section\" data-e-type=\"section\">\n\t\t\t\t\t\t<div class=\"elementor-container elementor-column-gap-default\">\n\t\t\t\t\t<div class=\"elementor-column elementor-col-100 elementor-top-column elementor-element elementor-element-7a479fb\" data-id=\"7a479fb\" data-element_type=\"column\" data-e-type=\"column\">\n\t\t\t<div class=\"elementor-widget-wrap elementor-element-populated\">\n\t\t\t\t\t\t<div class=\"elementor-element elementor-element-da7d0de elementor-widget elementor-widget-text-editor\" data-id=\"da7d0de\" data-element_type=\"widget\" data-e-type=\"widget\" data-widget_type=\"text-editor.default\">\n\t\t\t\t<div class=\"elementor-widget-container\">\n\t\t\t\t\t\t\t\t\t<div id=\"photo\"><img decoding=\"async\" src=\"https:\/\/www.wallendorff.com\/belogue\/wp-content\/uploads\/2022\/02\/20220205.jpg\" \/>\nPlace Saint-Marc, Venise, 8 d\u00e9cembre 2021.<\/div>\t\t\t\t\t\t\t\t<\/div>\n\t\t\t\t<\/div>\n\t\t\t\t<div class=\"elementor-element elementor-element-9edb451 elementor-widget elementor-widget-text-editor\" data-id=\"9edb451\" data-element_type=\"widget\" data-e-type=\"widget\" data-widget_type=\"text-editor.default\">\n\t\t\t\t<div class=\"elementor-widget-container\">\n\t\t\t\t\t\t\t\t\t<p style=\"text-align: right;\">Il arrive souvent que l&rsquo;on ne dispose que d&rsquo;une seule fen\u00eatre de tir pour faire une photo.<\/p><p style=\"text-align: left;\">Et il arrive parfois que cette fen\u00eatre de tir s&rsquo;annonce \u00eatre une vieille lucarne pourrie, \u00e0 travers laquelle on ne verra pas grand&rsquo;chose. Malgr\u00e9 cela, on se l\u00e8ve t\u00f4t et on tente sa chance quand m\u00eame. C&rsquo;est dans ce genre de circonstances que j&rsquo;ai d\u00fb photographier <a href=\"https:\/\/www.wallendorff.com\/belogue\/2020\/12\/10\/hallo-salzkammergut\/\">Halstatt dans le brouillard apr\u00e8s une nuit d&rsquo;orage<\/a> en 2020 ou <a href=\"https:\/\/www.wallendorff.com\/belogue\/2019\/08\/20\/into-the-wide-181\/\">le pont Charles sous la bruine<\/a> en 2019.<\/p><p style=\"text-align: right;\">Le pont Charles, justement. C&rsquo;\u00e9tait un mardi de mai \u00e0 4\u00a0h 30, il pleuvait&#8230; et nous \u00e9tions 4 photographes.<\/p><p style=\"text-align: left;\">Parce que, nous autres photographes \u2013\u00a0et moi le premier\u00a0\u2013, tenons absolument \u00e0 essayer d&rsquo;\u00eatre originaux&#8230; tout en allant r\u00e9guli\u00e8rement photographier des trucs que tout le monde photographie.<\/p><p>Ce matin-l\u00e0, il est 6 h 30 lorsque j&rsquo;arrive devant le parc-\u00e0-gondoles-que-tout-le-monde-photographie. Puisqu&rsquo;il me reste un peu de temps devant moi, je d\u00e9cide de pousser plus \u00e0 l&rsquo;est et finit par tomber sur un deuxi\u00e8me parc. Il manque une gondole, ce qui me laissera tout loisir d&rsquo;y cadrer l&rsquo;\u00e9glise \u00e0 la place.<\/p><p style=\"text-align: left;\">Ma photo faite, je reviens vers le premier parc, et tombe, un mercredi froid, pluvieux et brumeux de d\u00e9cembre, sur 4 photographes en train de faire la m\u00eame photo.<\/p><p style=\"text-align: right;\">[Je vous laisse imaginer la cohue un samedi matin d&rsquo;ao\u00fbt.]<\/p><p>L&rsquo;absurdit\u00e9 de la chose me frappe. Et, je ne suis pas plus malin qu&rsquo;eux, puisque je suis moi-m\u00eame venu pour faire la m\u00eame photo.<\/p><p>Alors, cette m\u00eame photo, je la fais au milieu de tout le monde&#8230; puis je les photographie photographiant la m\u00eame photo que tout le monde, histoire de boucler la boucle.<\/p><p style=\"text-align: right;\">On en fera peut-\u00eatre une s\u00e9rie, tiens.<\/p><p style=\"text-align: right;\">[Mais, \u00e0 part \u00e7a, rien.]<\/p>\t\t\t\t\t\t\t\t<\/div>\n\t\t\t\t<\/div>\n\t\t\t\t<div class=\"elementor-element elementor-element-ea54c93 elementor-widget elementor-widget-text-editor\" data-id=\"ea54c93\" data-element_type=\"widget\" data-e-type=\"widget\" data-widget_type=\"text-editor.default\">\n\t\t\t\t<div class=\"elementor-widget-container\">\n\t\t\t\t\t\t\t\t\t<div id=\"bandeson\"><img decoding=\"async\" src=\"https:\/\/www.wallendorff.com\/belogue\/photo\/pochettes\/l\/london_grammar-californian_soil.jpg\" align=\"left\" \/><a href=\"https:\/\/www.youtube.com\/watch?v=nLVzyoNATEQ\"><em>America<\/em><\/a>\n<br \/>\n<a href=\"http:\/\/www.londongrammar.com\/\">London Grammar<\/a><\/div>\t\t\t\t\t\t\t\t<\/div>\n\t\t\t\t<\/div>\n\t\t\t\t<div class=\"elementor-element elementor-element-fdbaefd elementor-widget elementor-widget-image\" data-id=\"fdbaefd\" data-element_type=\"widget\" data-e-type=\"widget\" data-widget_type=\"image.default\">\n\t\t\t\t<div class=\"elementor-widget-container\">\n\t\t\t\t\t\t\t\t\t\t\t\t\t\t\t<img fetchpriority=\"high\" decoding=\"async\" width=\"1170\" height=\"780\" src=\"https:\/\/www.wallendorff.com\/belogue\/wp-content\/uploads\/2022\/02\/20220205.jpg\" class=\"attachment-large size-large wp-image-50715\" alt=\"\" srcset=\"https:\/\/www.wallendorff.com\/belogue\/wp-content\/uploads\/2022\/02\/20220205.jpg 1170w, https:\/\/www.wallendorff.com\/belogue\/wp-content\/uploads\/2022\/02\/20220205-820x547.jpg 820w, https:\/\/www.wallendorff.com\/belogue\/wp-content\/uploads\/2022\/02\/20220205-1116x744.jpg 1116w, https:\/\/www.wallendorff.com\/belogue\/wp-content\/uploads\/2022\/02\/20220205-806x537.jpg 806w, https:\/\/www.wallendorff.com\/belogue\/wp-content\/uploads\/2022\/02\/20220205-558x372.jpg 558w, https:\/\/www.wallendorff.com\/belogue\/wp-content\/uploads\/2022\/02\/20220205-655x437.jpg 655w, https:\/\/www.wallendorff.com\/belogue\/wp-content\/uploads\/2022\/02\/20220205-600x400.jpg 600w\" sizes=\"(max-width: 1170px) 100vw, 1170px\" \/>\t\t\t\t\t\t\t\t\t\t\t\t\t\t\t<\/div>\n\t\t\t\t<\/div>\n\t\t\t\t<div class=\"elementor-element elementor-element-4bfdc5d elementor-widget elementor-widget-image\" data-id=\"4bfdc5d\" data-element_type=\"widget\" data-e-type=\"widget\" data-widget_type=\"image.default\">\n\t\t\t\t<div class=\"elementor-widget-container\">\n\t\t\t\t\t\t\t\t\t\t\t\t\t\t\t<img decoding=\"async\" width=\"1170\" height=\"780\" src=\"https:\/\/www.wallendorff.com\/belogue\/wp-content\/uploads\/2022\/02\/20220205-02.jpg\" class=\"attachment-large size-large wp-image-50716\" alt=\"\" srcset=\"https:\/\/www.wallendorff.com\/belogue\/wp-content\/uploads\/2022\/02\/20220205-02.jpg 1170w, https:\/\/www.wallendorff.com\/belogue\/wp-content\/uploads\/2022\/02\/20220205-02-820x547.jpg 820w, https:\/\/www.wallendorff.com\/belogue\/wp-content\/uploads\/2022\/02\/20220205-02-1116x744.jpg 1116w, https:\/\/www.wallendorff.com\/belogue\/wp-content\/uploads\/2022\/02\/20220205-02-806x537.jpg 806w, https:\/\/www.wallendorff.com\/belogue\/wp-content\/uploads\/2022\/02\/20220205-02-558x372.jpg 558w, https:\/\/www.wallendorff.com\/belogue\/wp-content\/uploads\/2022\/02\/20220205-02-655x437.jpg 655w\" sizes=\"(max-width: 1170px) 100vw, 1170px\" \/>\t\t\t\t\t\t\t\t\t\t\t\t\t\t\t<\/div>\n\t\t\t\t<\/div>\n\t\t\t\t<div class=\"elementor-element elementor-element-0fb3a19 elementor-widget elementor-widget-image\" data-id=\"0fb3a19\" data-element_type=\"widget\" data-e-type=\"widget\" data-widget_type=\"image.default\">\n\t\t\t\t<div class=\"elementor-widget-container\">\n\t\t\t\t\t\t\t\t\t\t\t\t\t\t\t<img decoding=\"async\" width=\"1170\" height=\"780\" src=\"https:\/\/www.wallendorff.com\/belogue\/wp-content\/uploads\/2022\/02\/20220205-03.jpg\" class=\"attachment-large size-large wp-image-50717\" alt=\"\" srcset=\"https:\/\/www.wallendorff.com\/belogue\/wp-content\/uploads\/2022\/02\/20220205-03.jpg 1170w, https:\/\/www.wallendorff.com\/belogue\/wp-content\/uploads\/2022\/02\/20220205-03-820x547.jpg 820w, https:\/\/www.wallendorff.com\/belogue\/wp-content\/uploads\/2022\/02\/20220205-03-1116x744.jpg 1116w, https:\/\/www.wallendorff.com\/belogue\/wp-content\/uploads\/2022\/02\/20220205-03-806x537.jpg 806w, https:\/\/www.wallendorff.com\/belogue\/wp-content\/uploads\/2022\/02\/20220205-03-558x372.jpg 558w, https:\/\/www.wallendorff.com\/belogue\/wp-content\/uploads\/2022\/02\/20220205-03-655x437.jpg 655w\" sizes=\"(max-width: 1170px) 100vw, 1170px\" \/>\t\t\t\t\t\t\t\t\t\t\t\t\t\t\t<\/div>\n\t\t\t\t<\/div>\n\t\t\t\t\t<\/div>\n\t\t<\/div>\n\t\t\t\t\t<\/div>\n\t\t<\/section>\n\t\t\t\t<\/div>\n\t\t","protected":false},"excerpt":{"rendered":"<p>Place Saint-Marc, Venise, 8 d\u00e9cembre 2021. Il arrive souvent que l&rsquo;on ne dispose que d&rsquo;une seule fen\u00eatre de tir pour faire une photo. Et il arrive parfois que cette fen\u00eatre de tir s&rsquo;annonce \u00eatre une vieille lucarne pourrie, \u00e0 travers laquelle on ne verra pas grand&rsquo;chose. Malgr\u00e9 cela, on se l\u00e8ve t\u00f4t et on tente&hellip;<\/p>\n","protected":false},"author":1,"featured_media":50715,"comment_status":"open","ping_status":"open","sticky":false,"template":"","format":"standard","meta":{"_acf_changed":false,"ngg_post_thumbnail":0,"jetpack_post_was_ever_published":false,"_jetpack_newsletter_access":"","_jetpack_dont_email_post_to_subs":false,"_jetpack_newsletter_tier_id":0,"_jetpack_memberships_contains_paywalled_content":false,"_jetpack_memberships_contains_paid_content":false,"footnotes":"","jetpack_publicize_message":"","jetpack_publicize_feature_enabled":true,"jetpack_social_post_already_shared":true,"jetpack_social_options":{"image_generator_settings":{"template":"highway","default_image_id":0,"font":"","enabled":false},"version":2}},"categories":[7654],"tags":[10326,13833,15878,14890,13843,11339,10592,13901,13919,13920],"class_list":["post-50713","post","type-post","status-publish","format-standard","has-post-thumbnail","hentry","category-dpc-en","tag-crepuscule","tag-eglise-saint-georges-le-majeur","tag-fujifilm-x-t3","tag-fujinon-xf-10-24-mm-f-4-r-ois","tag-gondole","tag-italie","tag-pose-longue","tag-riva-degli-schiavoni","tag-venetie","tag-venise"],"acf":[],"geo":{"latitude":45.4338341,"longitude":12.3431473,"description":"San Marco, Veneto, 30124, IT"},"jetpack_publicize_connections":[],"jetpack_featured_media_url":"https:\/\/www.wallendorff.com\/belogue\/wp-content\/uploads\/2022\/02\/20220205.jpg","jetpack_shortlink":"https:\/\/wp.me\/p3b35P-dbX","jetpack_sharing_enabled":true,"jetpack-related-posts":[{"id":43459,"url":"https:\/\/www.wallendorff.com\/belogue\/2019\/08\/20\/into-the-wide-181\/","url_meta":{"origin":50713,"position":0},"title":"Into the wide #182.","author":"dpc","date":"20 ao\u00fbt 2019","format":false,"excerpt":"Pont Charles, Prague, 9 mai 2019. Je ne m'\u00e9tais pas lev\u00e9 aussi t\u00f4t depuis le Rialto, il y a deux ans. C'est le probl\u00e8me des lieux pris\u00e9s par les touristes\u00a0: si tu veux profiter de ceux-ci, il faut venir quand ceux-l\u00e0 dorment, et ce au moins une heure avant le\u2026","rel":"","context":"Dans &quot;Into the wide&quot;","block_context":{"text":"Into the wide","link":"https:\/\/www.wallendorff.com\/belogue\/category\/into-the-wide\/"},"img":{"alt_text":"Pont Charles, Prague, 9 mai 2019.","src":"https:\/\/i0.wp.com\/www.wallendorff.com\/belogue\/wp-content\/uploads\/2019\/08\/20190820.jpg?resize=350%2C200&ssl=1","width":350,"height":200,"srcset":"https:\/\/i0.wp.com\/www.wallendorff.com\/belogue\/wp-content\/uploads\/2019\/08\/20190820.jpg?resize=350%2C200&ssl=1 1x, https:\/\/i0.wp.com\/www.wallendorff.com\/belogue\/wp-content\/uploads\/2019\/08\/20190820.jpg?resize=525%2C300&ssl=1 1.5x, https:\/\/i0.wp.com\/www.wallendorff.com\/belogue\/wp-content\/uploads\/2019\/08\/20190820.jpg?resize=700%2C400&ssl=1 2x, https:\/\/i0.wp.com\/www.wallendorff.com\/belogue\/wp-content\/uploads\/2019\/08\/20190820.jpg?resize=1050%2C600&ssl=1 3x"},"classes":[]},{"id":43669,"url":"https:\/\/www.wallendorff.com\/belogue\/2019\/08\/29\/flous-flux\/","url_meta":{"origin":50713,"position":1},"title":"Flous flux.","author":"dpc","date":"29 ao\u00fbt 2019","format":false,"excerpt":"Pont Charles, Prague, 9 mai 2019. Elle fut dr\u00f4le \u00e0 faire, celle-ci, coinc\u00e9 dans le dernier d\u00e9cim\u00e8tre carr\u00e9 disponible, \u00e0 discuter avec un groupe de photographes Californiens, tout en essayant de g\u00eaner le moins possible les touristes qui passaient leurs t\u00e9l\u00e9phones malins par-dessus mon \u00e9paule pour obtenir eux aussi ce\u2026","rel":"","context":"Dans &quot;DPC&quot;","block_context":{"text":"DPC","link":"https:\/\/www.wallendorff.com\/belogue\/category\/dpc\/"},"img":{"alt_text":"Pont Charles, Prague, 9 mai 2019.","src":"https:\/\/i0.wp.com\/www.wallendorff.com\/belogue\/wp-content\/uploads\/2019\/08\/20190829.jpg?resize=350%2C200&ssl=1","width":350,"height":200,"srcset":"https:\/\/i0.wp.com\/www.wallendorff.com\/belogue\/wp-content\/uploads\/2019\/08\/20190829.jpg?resize=350%2C200&ssl=1 1x, https:\/\/i0.wp.com\/www.wallendorff.com\/belogue\/wp-content\/uploads\/2019\/08\/20190829.jpg?resize=525%2C300&ssl=1 1.5x, https:\/\/i0.wp.com\/www.wallendorff.com\/belogue\/wp-content\/uploads\/2019\/08\/20190829.jpg?resize=700%2C400&ssl=1 2x"},"classes":[]},{"id":134210,"url":"https:\/\/www.wallendorff.com\/belogue\/2025\/10\/29\/brasil-brasil-ix-un-christ-dans-la-nuit\/","url_meta":{"origin":50713,"position":2},"title":"[Brasil Brasil IX] Un c[h]ri[st] dans la nuit.","author":"dpc","date":"29 octobre 2025","format":false,"excerpt":"Rio de Janeiro, 25 et 26 mai 2025.Une fois n'est pas coutume, nous allons causer technique.Elle n'a pas \u00e9t\u00e9 simple \u00e0 faire, cette photo de nuit. Il a fallu surmonter des contraintes assez classiques (pollution lumineuse et couverture nuageuse, la routine), mais aussi des probl\u00e8mes plus sp\u00e9cifiques. Une statue tr\u00e8s\u2026","rel":"","context":"Dans &quot;DPC&quot;","block_context":{"text":"DPC","link":"https:\/\/www.wallendorff.com\/belogue\/category\/dpc\/"},"img":{"alt_text":"","src":"https:\/\/i0.wp.com\/www.wallendorff.com\/belogue\/wp-content\/uploads\/2025\/10\/20251029-06.jpg?resize=350%2C200&ssl=1","width":350,"height":200,"srcset":"https:\/\/i0.wp.com\/www.wallendorff.com\/belogue\/wp-content\/uploads\/2025\/10\/20251029-06.jpg?resize=350%2C200&ssl=1 1x, https:\/\/i0.wp.com\/www.wallendorff.com\/belogue\/wp-content\/uploads\/2025\/10\/20251029-06.jpg?resize=525%2C300&ssl=1 1.5x, https:\/\/i0.wp.com\/www.wallendorff.com\/belogue\/wp-content\/uploads\/2025\/10\/20251029-06.jpg?resize=700%2C400&ssl=1 2x, https:\/\/i0.wp.com\/www.wallendorff.com\/belogue\/wp-content\/uploads\/2025\/10\/20251029-06.jpg?resize=1050%2C600&ssl=1 3x"},"classes":[]},{"id":131069,"url":"https:\/\/www.wallendorff.com\/belogue\/2024\/10\/31\/octobre-2024\/","url_meta":{"origin":50713,"position":3},"title":"Octobre 2024.","author":"dpc","date":"31 octobre 2024","format":false,"excerpt":"Un ap\u00e9ro, une fresque, un ap\u00e9ro, un au-revoir, un reflet, une valise, des avions, une ruelle, un chat pr\u00e9nomm\u00e9 PREEEEGO, un livre \u00e0 l\u2019ombre, un reflet, une \u0153uvre d\u2019art, une pause, un avion, des toques, un graffiti, une bande dessin\u00e9e, un mus\u00e9e, une tour, un chat pr\u00e9nomm\u00e9 Plume, une expo,\u2026","rel":"","context":"Dans &quot;Blog-note&quot;","block_context":{"text":"Blog-note","link":"https:\/\/www.wallendorff.com\/belogue\/category\/blog-note\/"},"img":{"alt_text":"","src":"https:\/\/i0.wp.com\/www.wallendorff.com\/belogue\/wp-content\/uploads\/2024\/11\/20241116-09.jpg?resize=350%2C200&ssl=1","width":350,"height":200,"srcset":"https:\/\/i0.wp.com\/www.wallendorff.com\/belogue\/wp-content\/uploads\/2024\/11\/20241116-09.jpg?resize=350%2C200&ssl=1 1x, https:\/\/i0.wp.com\/www.wallendorff.com\/belogue\/wp-content\/uploads\/2024\/11\/20241116-09.jpg?resize=525%2C300&ssl=1 1.5x, https:\/\/i0.wp.com\/www.wallendorff.com\/belogue\/wp-content\/uploads\/2024\/11\/20241116-09.jpg?resize=700%2C400&ssl=1 2x, https:\/\/i0.wp.com\/www.wallendorff.com\/belogue\/wp-content\/uploads\/2024\/11\/20241116-09.jpg?resize=1050%2C600&ssl=1 3x"},"classes":[]},{"id":3509,"url":"https:\/\/www.wallendorff.com\/belogue\/2008\/10\/21\/mademoiselle-k-lolympia-paris\/","url_meta":{"origin":50713,"position":4},"title":"Mademoiselle K @ l&rsquo;Olympia, Paris.","author":"dpc","date":"21 octobre 2008","format":false,"excerpt":"Punaise celle-l\u00e0 est moins bien que la premi\u00e8re et la deuxi\u00e8me, je sens que je perds la main. \u00c7a restera comme une grande soir\u00e9e d'innovation. D'abord gr\u00e2ce \u00e0 la camelote post-sovi\u00e9tique de Juyette (sic) qui inventa le panoramique de concert en tranches, mais aussi gr\u00e2ce au management de Mademoiselle K\u2026","rel":"","context":"Dans &quot;Alive&quot;","block_context":{"text":"Alive","link":"https:\/\/www.wallendorff.com\/belogue\/category\/alive\/"},"img":{"alt_text":"","src":"https:\/\/i0.wp.com\/www.wallendorff.com\/belogue\/wp-content\/uploads\/2015\/04\/200810211.jpg?resize=350%2C200&ssl=1","width":350,"height":200,"srcset":"https:\/\/i0.wp.com\/www.wallendorff.com\/belogue\/wp-content\/uploads\/2015\/04\/200810211.jpg?resize=350%2C200&ssl=1 1x, https:\/\/i0.wp.com\/www.wallendorff.com\/belogue\/wp-content\/uploads\/2015\/04\/200810211.jpg?resize=525%2C300&ssl=1 1.5x, https:\/\/i0.wp.com\/www.wallendorff.com\/belogue\/wp-content\/uploads\/2015\/04\/200810211.jpg?resize=700%2C400&ssl=1 2x"},"classes":[]},{"id":127545,"url":"https:\/\/www.wallendorff.com\/belogue\/2024\/02\/29\/fevrier-2024\/","url_meta":{"origin":50713,"position":5},"title":"F\u00e9vrier 2024.","author":"dpc","date":"29 f\u00e9vrier 2024","format":false,"excerpt":"Un gros piquet, des lumi\u00e8res, un si\u00e8ge, un man\u00e8ge, un m\u00e9tro, des chaises, un spectacle, un bisou, une expo, un gros dino, un v\u00e9lo, un reflet, un m\u00e9tro, un logo, une vitrine, une flaque, une cour, un pont, une grue, un chat pr\u00e9nomm\u00e9 Albert, un serpent tout vert, une marche,\u2026","rel":"","context":"Dans &quot;Blog-note&quot;","block_context":{"text":"Blog-note","link":"https:\/\/www.wallendorff.com\/belogue\/category\/blog-note\/"},"img":{"alt_text":"","src":"https:\/\/i0.wp.com\/www.wallendorff.com\/belogue\/wp-content\/uploads\/2024\/03\/20240321-50.jpg?resize=350%2C200&ssl=1","width":350,"height":200,"srcset":"https:\/\/i0.wp.com\/www.wallendorff.com\/belogue\/wp-content\/uploads\/2024\/03\/20240321-50.jpg?resize=350%2C200&ssl=1 1x, https:\/\/i0.wp.com\/www.wallendorff.com\/belogue\/wp-content\/uploads\/2024\/03\/20240321-50.jpg?resize=525%2C300&ssl=1 1.5x, https:\/\/i0.wp.com\/www.wallendorff.com\/belogue\/wp-content\/uploads\/2024\/03\/20240321-50.jpg?resize=700%2C400&ssl=1 2x, https:\/\/i0.wp.com\/www.wallendorff.com\/belogue\/wp-content\/uploads\/2024\/03\/20240321-50.jpg?resize=1050%2C600&ssl=1 3x"},"classes":[]}],"_links":{"self":[{"href":"https:\/\/www.wallendorff.com\/belogue\/wp-json\/wp\/v2\/posts\/50713","targetHints":{"allow":["GET"]}}],"collection":[{"href":"https:\/\/www.wallendorff.com\/belogue\/wp-json\/wp\/v2\/posts"}],"about":[{"href":"https:\/\/www.wallendorff.com\/belogue\/wp-json\/wp\/v2\/types\/post"}],"author":[{"embeddable":true,"href":"https:\/\/www.wallendorff.com\/belogue\/wp-json\/wp\/v2\/users\/1"}],"replies":[{"embeddable":true,"href":"https:\/\/www.wallendorff.com\/belogue\/wp-json\/wp\/v2\/comments?post=50713"}],"version-history":[{"count":20,"href":"https:\/\/www.wallendorff.com\/belogue\/wp-json\/wp\/v2\/posts\/50713\/revisions"}],"predecessor-version":[{"id":50736,"href":"https:\/\/www.wallendorff.com\/belogue\/wp-json\/wp\/v2\/posts\/50713\/revisions\/50736"}],"wp:featuredmedia":[{"embeddable":true,"href":"https:\/\/www.wallendorff.com\/belogue\/wp-json\/wp\/v2\/media\/50715"}],"wp:attachment":[{"href":"https:\/\/www.wallendorff.com\/belogue\/wp-json\/wp\/v2\/media?parent=50713"}],"wp:term":[{"taxonomy":"category","embeddable":true,"href":"https:\/\/www.wallendorff.com\/belogue\/wp-json\/wp\/v2\/categories?post=50713"},{"taxonomy":"post_tag","embeddable":true,"href":"https:\/\/www.wallendorff.com\/belogue\/wp-json\/wp\/v2\/tags?post=50713"}],"curies":[{"name":"wp","href":"https:\/\/api.w.org\/{rel}","templated":true}]}}