{"id":50697,"date":"2022-02-02T15:09:03","date_gmt":"2022-02-02T13:09:03","guid":{"rendered":"https:\/\/www.wallendorff.com\/belogue\/?p=50697"},"modified":"2022-02-02T16:12:21","modified_gmt":"2022-02-02T14:12:21","slug":"into-the-wide-240","status":"publish","type":"post","link":"https:\/\/www.wallendorff.com\/belogue\/2022\/02\/02\/into-the-wide-240\/","title":{"rendered":"Into the wide #240"},"content":{"rendered":"\t\t<div data-elementor-type=\"wp-post\" data-elementor-id=\"50697\" class=\"elementor elementor-50697\" data-elementor-post-type=\"post\">\n\t\t\t\t\t\t<section class=\"elementor-section elementor-top-section elementor-element elementor-element-7bbd62f elementor-section-boxed elementor-section-height-default elementor-section-height-default\" data-id=\"7bbd62f\" data-element_type=\"section\" data-e-type=\"section\">\n\t\t\t\t\t\t<div class=\"elementor-container elementor-column-gap-default\">\n\t\t\t\t\t<div class=\"elementor-column elementor-col-100 elementor-top-column elementor-element elementor-element-7a479fb\" data-id=\"7a479fb\" data-element_type=\"column\" data-e-type=\"column\">\n\t\t\t<div class=\"elementor-widget-wrap elementor-element-populated\">\n\t\t\t\t\t\t<div class=\"elementor-element elementor-element-da7d0de elementor-widget elementor-widget-text-editor\" data-id=\"da7d0de\" data-element_type=\"widget\" data-e-type=\"widget\" data-widget_type=\"text-editor.default\">\n\t\t\t\t<div class=\"elementor-widget-container\">\n\t\t\t\t\t\t\t\t\t<div id=\"photo\"><img decoding=\"async\" src=\"https:\/\/www.wallendorff.com\/belogue\/wp-content\/uploads\/2022\/02\/20220202.jpg\" \/>\nTh\u00e9\u00eatre de la Fenice, Venise, 8 d\u00e9cembre 2021.<\/div>\t\t\t\t\t\t\t\t<\/div>\n\t\t\t\t<\/div>\n\t\t\t\t<div class=\"elementor-element elementor-element-ea54c93 elementor-widget elementor-widget-text-editor\" data-id=\"ea54c93\" data-element_type=\"widget\" data-e-type=\"widget\" data-widget_type=\"text-editor.default\">\n\t\t\t\t<div class=\"elementor-widget-container\">\n\t\t\t\t\t\t\t\t\t<div id=\"bandeson\"><img decoding=\"async\" src=\"https:\/\/www.wallendorff.com\/belogue\/photo\/pochettes\/o\/oasis-knebworth_1996.jpg\" align=\"left\" \/><a href=\"https:\/\/www.youtube.com\/watch?v=Tuq94mh99KI\"><em>Don&rsquo;t Look Back in Anger<\/em> (live)<\/a><br \/>\n<a href=\"http:\/\/www.oasisinet.com\/\">Oasis<\/a><\/div>\t\t\t\t\t\t\t\t<\/div>\n\t\t\t\t<\/div>\n\t\t\t\t\t<\/div>\n\t\t<\/div>\n\t\t\t\t\t<\/div>\n\t\t<\/section>\n\t\t\t\t<\/div>\n\t\t","protected":false},"excerpt":{"rendered":"<p>Th\u00e9\u00eatre de la Fenice, Venise, 8 d\u00e9cembre 2021.Don&rsquo;t Look Back in Anger (live) Oasis<\/p>\n","protected":false},"author":1,"featured_media":50702,"comment_status":"open","ping_status":"open","sticky":false,"template":"","format":"standard","meta":{"_acf_changed":false,"ngg_post_thumbnail":0,"jetpack_post_was_ever_published":false,"_jetpack_newsletter_access":"","_jetpack_dont_email_post_to_subs":false,"_jetpack_newsletter_tier_id":0,"_jetpack_memberships_contains_paywalled_content":false,"_jetpack_memberships_contains_paid_content":false,"footnotes":"","jetpack_publicize_message":"","jetpack_publicize_feature_enabled":true,"jetpack_social_post_already_shared":true,"jetpack_social_options":{"image_generator_settings":{"template":"highway","default_image_id":0,"font":"","enabled":false},"version":2}},"categories":[7356],"tags":[17659,15878,11339,17655,408,3951,11323,14274,10539,13919,13920],"class_list":["post-50697","post","type-post","status-publish","format-standard","has-post-thumbnail","hentry","category-into-the-wide","tag-dont-look-back-in-anger-2","tag-fujifilm-x-t3","tag-italie","tag-la-fenice","tag-oasis","tag-opera","tag-panoramique","tag-samyang-8-mm-f2-8-umc-fisheye-ii","tag-theatre","tag-venetie","tag-venise"],"acf":[],"geo":{"latitude":45.4336739,"longitude":12.3337469,"description":"San Marco, Veneto, 30124, IT"},"jetpack_publicize_connections":[],"jetpack_featured_media_url":"https:\/\/www.wallendorff.com\/belogue\/wp-content\/uploads\/2022\/02\/20220202.jpg","jetpack_shortlink":"https:\/\/wp.me\/p3b35P-dbH","jetpack_sharing_enabled":true,"jetpack-related-posts":[{"id":50666,"url":"https:\/\/www.wallendorff.com\/belogue\/2022\/01\/28\/venezia-dinverno-venise-en-hiver-ii\/","url_meta":{"origin":50697,"position":0},"title":"Venezia d&rsquo;inverno [Venise en hiver] \u2013 II","author":"dpc","date":"28 janvier 2022","format":false,"excerpt":"","rel":"","context":"Dans &quot;DPC&quot;","block_context":{"text":"DPC","link":"https:\/\/www.wallendorff.com\/belogue\/category\/dpc\/"},"img":{"alt_text":"","src":"https:\/\/i0.wp.com\/www.wallendorff.com\/belogue\/wp-content\/uploads\/2022\/01\/20220130-07.jpg?resize=350%2C200&ssl=1","width":350,"height":200,"srcset":"https:\/\/i0.wp.com\/www.wallendorff.com\/belogue\/wp-content\/uploads\/2022\/01\/20220130-07.jpg?resize=350%2C200&ssl=1 1x, https:\/\/i0.wp.com\/www.wallendorff.com\/belogue\/wp-content\/uploads\/2022\/01\/20220130-07.jpg?resize=525%2C300&ssl=1 1.5x, https:\/\/i0.wp.com\/www.wallendorff.com\/belogue\/wp-content\/uploads\/2022\/01\/20220130-07.jpg?resize=700%2C400&ssl=1 2x, https:\/\/i0.wp.com\/www.wallendorff.com\/belogue\/wp-content\/uploads\/2022\/01\/20220130-07.jpg?resize=1050%2C600&ssl=1 3x"},"classes":[]},{"id":131520,"url":"https:\/\/www.wallendorff.com\/belogue\/2025\/01\/13\/venezia-dautunno-iv\/","url_meta":{"origin":50697,"position":1},"title":"Venezia d&rsquo;autunno [IV].","author":"dpc","date":"13 janvier 2025","format":false,"excerpt":"","rel":"","context":"Dans &quot;DPC&quot;","block_context":{"text":"DPC","link":"https:\/\/www.wallendorff.com\/belogue\/category\/dpc\/"},"img":{"alt_text":"","src":"https:\/\/i0.wp.com\/www.wallendorff.com\/belogue\/wp-content\/uploads\/2025\/01\/20250113-04.jpg?resize=350%2C200&ssl=1","width":350,"height":200,"srcset":"https:\/\/i0.wp.com\/www.wallendorff.com\/belogue\/wp-content\/uploads\/2025\/01\/20250113-04.jpg?resize=350%2C200&ssl=1 1x, https:\/\/i0.wp.com\/www.wallendorff.com\/belogue\/wp-content\/uploads\/2025\/01\/20250113-04.jpg?resize=525%2C300&ssl=1 1.5x, https:\/\/i0.wp.com\/www.wallendorff.com\/belogue\/wp-content\/uploads\/2025\/01\/20250113-04.jpg?resize=700%2C400&ssl=1 2x, https:\/\/i0.wp.com\/www.wallendorff.com\/belogue\/wp-content\/uploads\/2025\/01\/20250113-04.jpg?resize=1050%2C600&ssl=1 3x"},"classes":[]},{"id":128059,"url":"https:\/\/www.wallendorff.com\/belogue\/2024\/05\/21\/into-the-wide-287\/","url_meta":{"origin":50697,"position":2},"title":"Into the wide #287.","author":"dpc","date":"21 mai 2024","format":false,"excerpt":"Basilique Saint-Georges-Majeur, Venise, 20 f\u00e9vrier 2023.","rel":"","context":"Dans &quot;Into the wide&quot;","block_context":{"text":"Into the wide","link":"https:\/\/www.wallendorff.com\/belogue\/category\/into-the-wide\/"},"img":{"alt_text":"","src":"https:\/\/i0.wp.com\/www.wallendorff.com\/belogue\/wp-content\/uploads\/2024\/05\/20240521.jpg?resize=350%2C200&ssl=1","width":350,"height":200,"srcset":"https:\/\/i0.wp.com\/www.wallendorff.com\/belogue\/wp-content\/uploads\/2024\/05\/20240521.jpg?resize=350%2C200&ssl=1 1x, https:\/\/i0.wp.com\/www.wallendorff.com\/belogue\/wp-content\/uploads\/2024\/05\/20240521.jpg?resize=525%2C300&ssl=1 1.5x, https:\/\/i0.wp.com\/www.wallendorff.com\/belogue\/wp-content\/uploads\/2024\/05\/20240521.jpg?resize=700%2C400&ssl=1 2x, https:\/\/i0.wp.com\/www.wallendorff.com\/belogue\/wp-content\/uploads\/2024\/05\/20240521.jpg?resize=1050%2C600&ssl=1 3x"},"classes":[]},{"id":128166,"url":"https:\/\/www.wallendorff.com\/belogue\/2024\/05\/27\/into-the-wide-288\/","url_meta":{"origin":50697,"position":3},"title":"Into the wide #288.","author":"dpc","date":"27 mai 2024","format":false,"excerpt":"Ponte dei Conzafelzi, Venise, 20 f\u00e9vrier 2023.","rel":"","context":"Dans &quot;Into the wide&quot;","block_context":{"text":"Into the wide","link":"https:\/\/www.wallendorff.com\/belogue\/category\/into-the-wide\/"},"img":{"alt_text":"","src":"https:\/\/i0.wp.com\/www.wallendorff.com\/belogue\/wp-content\/uploads\/2024\/05\/20240527.jpg?resize=350%2C200&ssl=1","width":350,"height":200,"srcset":"https:\/\/i0.wp.com\/www.wallendorff.com\/belogue\/wp-content\/uploads\/2024\/05\/20240527.jpg?resize=350%2C200&ssl=1 1x, https:\/\/i0.wp.com\/www.wallendorff.com\/belogue\/wp-content\/uploads\/2024\/05\/20240527.jpg?resize=525%2C300&ssl=1 1.5x, https:\/\/i0.wp.com\/www.wallendorff.com\/belogue\/wp-content\/uploads\/2024\/05\/20240527.jpg?resize=700%2C400&ssl=1 2x, https:\/\/i0.wp.com\/www.wallendorff.com\/belogue\/wp-content\/uploads\/2024\/05\/20240527.jpg?resize=1050%2C600&ssl=1 3x"},"classes":[]},{"id":127928,"url":"https:\/\/www.wallendorff.com\/belogue\/2024\/05\/06\/venise-vedise-vicise\/","url_meta":{"origin":50697,"position":4},"title":"Venise [v\u00e9dise, vicise].","author":"dpc","date":"6 mai 2024","format":false,"excerpt":"Venise, 18 f\u00e9vrier 2024.","rel":"","context":"Dans &quot;DPC&quot;","block_context":{"text":"DPC","link":"https:\/\/www.wallendorff.com\/belogue\/category\/dpc\/"},"img":{"alt_text":"","src":"https:\/\/i0.wp.com\/www.wallendorff.com\/belogue\/wp-content\/uploads\/2024\/05\/20240506-21.jpg?resize=350%2C200&ssl=1","width":350,"height":200,"srcset":"https:\/\/i0.wp.com\/www.wallendorff.com\/belogue\/wp-content\/uploads\/2024\/05\/20240506-21.jpg?resize=350%2C200&ssl=1 1x, https:\/\/i0.wp.com\/www.wallendorff.com\/belogue\/wp-content\/uploads\/2024\/05\/20240506-21.jpg?resize=525%2C300&ssl=1 1.5x, https:\/\/i0.wp.com\/www.wallendorff.com\/belogue\/wp-content\/uploads\/2024\/05\/20240506-21.jpg?resize=700%2C400&ssl=1 2x, https:\/\/i0.wp.com\/www.wallendorff.com\/belogue\/wp-content\/uploads\/2024\/05\/20240506-21.jpg?resize=1050%2C600&ssl=1 3x"},"classes":[]},{"id":35811,"url":"https:\/\/www.wallendorff.com\/belogue\/2017\/09\/08\/into-the-wide-106\/","url_meta":{"origin":50697,"position":5},"title":"Into the wide #106.","author":"dpc","date":"8 septembre 2017","format":false,"excerpt":"Pont de l'Acad\u00e9mie, Venise, 27 mai. Hearts Like Ours The Naked and Famous","rel":"","context":"Dans &quot;Into the wide&quot;","block_context":{"text":"Into the wide","link":"https:\/\/www.wallendorff.com\/belogue\/category\/into-the-wide\/"},"img":{"alt_text":"","src":"https:\/\/i0.wp.com\/www.wallendorff.com\/belogue\/wp-content\/uploads\/2017\/09\/20170908.jpg?resize=350%2C200&ssl=1","width":350,"height":200,"srcset":"https:\/\/i0.wp.com\/www.wallendorff.com\/belogue\/wp-content\/uploads\/2017\/09\/20170908.jpg?resize=350%2C200&ssl=1 1x, https:\/\/i0.wp.com\/www.wallendorff.com\/belogue\/wp-content\/uploads\/2017\/09\/20170908.jpg?resize=525%2C300&ssl=1 1.5x, https:\/\/i0.wp.com\/www.wallendorff.com\/belogue\/wp-content\/uploads\/2017\/09\/20170908.jpg?resize=700%2C400&ssl=1 2x, https:\/\/i0.wp.com\/www.wallendorff.com\/belogue\/wp-content\/uploads\/2017\/09\/20170908.jpg?resize=1050%2C600&ssl=1 3x"},"classes":[]}],"_links":{"self":[{"href":"https:\/\/www.wallendorff.com\/belogue\/wp-json\/wp\/v2\/posts\/50697","targetHints":{"allow":["GET"]}}],"collection":[{"href":"https:\/\/www.wallendorff.com\/belogue\/wp-json\/wp\/v2\/posts"}],"about":[{"href":"https:\/\/www.wallendorff.com\/belogue\/wp-json\/wp\/v2\/types\/post"}],"author":[{"embeddable":true,"href":"https:\/\/www.wallendorff.com\/belogue\/wp-json\/wp\/v2\/users\/1"}],"replies":[{"embeddable":true,"href":"https:\/\/www.wallendorff.com\/belogue\/wp-json\/wp\/v2\/comments?post=50697"}],"version-history":[{"count":11,"href":"https:\/\/www.wallendorff.com\/belogue\/wp-json\/wp\/v2\/posts\/50697\/revisions"}],"predecessor-version":[{"id":50712,"href":"https:\/\/www.wallendorff.com\/belogue\/wp-json\/wp\/v2\/posts\/50697\/revisions\/50712"}],"wp:featuredmedia":[{"embeddable":true,"href":"https:\/\/www.wallendorff.com\/belogue\/wp-json\/wp\/v2\/media\/50702"}],"wp:attachment":[{"href":"https:\/\/www.wallendorff.com\/belogue\/wp-json\/wp\/v2\/media?parent=50697"}],"wp:term":[{"taxonomy":"category","embeddable":true,"href":"https:\/\/www.wallendorff.com\/belogue\/wp-json\/wp\/v2\/categories?post=50697"},{"taxonomy":"post_tag","embeddable":true,"href":"https:\/\/www.wallendorff.com\/belogue\/wp-json\/wp\/v2\/tags?post=50697"}],"curies":[{"name":"wp","href":"https:\/\/api.w.org\/{rel}","templated":true}]}}