{"id":50618,"date":"2022-01-19T12:00:52","date_gmt":"2022-01-19T10:00:52","guid":{"rendered":"https:\/\/www.wallendorff.com\/belogue\/?p=50618"},"modified":"2022-01-19T15:37:49","modified_gmt":"2022-01-19T13:37:49","slug":"ca-voit-laile-des-tours","status":"publish","type":"post","link":"https:\/\/www.wallendorff.com\/belogue\/2022\/01\/19\/ca-voit-laile-des-tours\/","title":{"rendered":"\u00c7a voit l&rsquo;aile des tours."},"content":{"rendered":"<div id=\"photo\"><img decoding=\"async\" src=\"https:\/\/www.wallendorff.com\/belogue\/wp-content\/uploads\/2022\/01\/20220119.jpg\"><br \/>\nRue de l&rsquo;Universit\u00e9, Paris, 2 d\u00e9cembre 2021.<\/div>\n<div id=\"bandeson\"><img decoding=\"async\" src=\"https:\/\/www.wallendorff.com\/belogue\/photo\/pochettes\/f\/fender_sam-seventeen_going_under.jpg\" align=\"left\"><a id=\"lienmp3\" style=\"font-weight: normal;\" href=\"https:\/\/www.youtube.com\/watch?v=K4GYYt40bqU\"><em>The Dying Light<\/em><\/a><br \/>\n<a href=\"https:\/\/www.samfender.com\/\">Sam Fender<\/a>&nbsp;&nbsp;<\/p>\n<\/div>\n","protected":false},"excerpt":{"rendered":"<p>Rue de l&rsquo;Universit\u00e9, Paris, 2 d\u00e9cembre 2021. The Dying Light Sam Fender&nbsp;&nbsp;<\/p>\n","protected":false},"author":1,"featured_media":50619,"comment_status":"open","ping_status":"open","sticky":false,"template":"","format":"standard","meta":{"_acf_changed":false,"ngg_post_thumbnail":0,"jetpack_post_was_ever_published":false,"_jetpack_newsletter_access":"","_jetpack_dont_email_post_to_subs":false,"_jetpack_newsletter_tier_id":0,"_jetpack_memberships_contains_paywalled_content":false,"_jetpack_memberships_contains_paid_content":false,"footnotes":"","jetpack_publicize_message":"","jetpack_publicize_feature_enabled":true,"jetpack_social_post_already_shared":true,"jetpack_social_options":{"image_generator_settings":{"template":"highway","default_image_id":0,"font":"","enabled":false},"version":2}},"categories":[3],"tags":[10235,10326,10120,15878,14890,10121,10147,10098,10592,16970,10158,17643,17644,10236],"class_list":["post-50618","post","type-post","status-publish","format-standard","has-post-thumbnail","hentry","category-dpc","tag-10235","tag-crepuscule","tag-france","tag-fujifilm-x-t3","tag-fujinon-xf-10-24-mm-f-4-r-ois","tag-ile-de-france","tag-nuit","tag-paris","tag-pose-longue","tag-rue-de-luniversite","tag-ruelle","tag-sam-fender","tag-the-dying-light","tag-tour-eiffel"],"acf":[],"geo":{"latitude":48.8597946,"longitude":2.296427,"description":"Paris 16, \u00cele-de-France, 75016, FR"},"jetpack_publicize_connections":[],"jetpack_featured_media_url":"https:\/\/www.wallendorff.com\/belogue\/wp-content\/uploads\/2022\/01\/20220119.jpg","jetpack_shortlink":"https:\/\/wp.me\/p3b35P-daq","jetpack_sharing_enabled":true,"jetpack-related-posts":[{"id":131821,"url":"https:\/\/www.wallendorff.com\/belogue\/2025\/03\/06\/sam-fender-lolympia-paris-4-mars-2025\/","url_meta":{"origin":50618,"position":0},"title":"Sam Fender @ l&rsquo;Olympia, Paris, 4 mars 2025.","author":"dpc","date":"6 mars 2025","format":false,"excerpt":"Sam Fender @ l\u2019Olympia, Paris, 04\/03\/2025 Sam Fender @ l\u2019Olympia, Paris, 04\/03\/2025 Sam Fender @ l\u2019Olympia, Paris, 04\/03\/2025 Sam Fender @ l\u2019Olympia, Paris, 04\/03\/2025 Sam Fender @ l\u2019Olympia, Paris, 04\/03\/2025 Sam Fender @ l\u2019Olympia, Paris, 04\/03\/2025 Sam Fender @ l\u2019Olympia, Paris, 04\/03\/2025 Sam Fender @ l\u2019Olympia, Paris, 04\/03\/2025 Sam Fender\u2026","rel":"","context":"Dans &quot;Alive&quot;","block_context":{"text":"Alive","link":"https:\/\/www.wallendorff.com\/belogue\/category\/alive\/"},"img":{"alt_text":"","src":"https:\/\/i0.wp.com\/www.wallendorff.com\/belogue\/wp-content\/uploads\/2025\/03\/20250306-01.jpg?resize=350%2C200&ssl=1","width":350,"height":200,"srcset":"https:\/\/i0.wp.com\/www.wallendorff.com\/belogue\/wp-content\/uploads\/2025\/03\/20250306-01.jpg?resize=350%2C200&ssl=1 1x, https:\/\/i0.wp.com\/www.wallendorff.com\/belogue\/wp-content\/uploads\/2025\/03\/20250306-01.jpg?resize=525%2C300&ssl=1 1.5x, https:\/\/i0.wp.com\/www.wallendorff.com\/belogue\/wp-content\/uploads\/2025\/03\/20250306-01.jpg?resize=700%2C400&ssl=1 2x, https:\/\/i0.wp.com\/www.wallendorff.com\/belogue\/wp-content\/uploads\/2025\/03\/20250306-01.jpg?resize=1050%2C600&ssl=1 3x"},"classes":[]},{"id":51197,"url":"https:\/\/www.wallendorff.com\/belogue\/2022\/03\/31\/into-the-wide-244\/","url_meta":{"origin":50618,"position":1},"title":"Into the wide #244.","author":"dpc","date":"31 mars 2022","format":false,"excerpt":"The Dying Light Sam Fender\u00a0\u00a0","rel":"","context":"Dans &quot;Into the wide&quot;","block_context":{"text":"Into the wide","link":"https:\/\/www.wallendorff.com\/belogue\/category\/into-the-wide\/"},"img":{"alt_text":"","src":"https:\/\/i0.wp.com\/www.wallendorff.com\/belogue\/wp-content\/uploads\/2022\/03\/20220331.jpg?resize=350%2C200&ssl=1","width":350,"height":200,"srcset":"https:\/\/i0.wp.com\/www.wallendorff.com\/belogue\/wp-content\/uploads\/2022\/03\/20220331.jpg?resize=350%2C200&ssl=1 1x, https:\/\/i0.wp.com\/www.wallendorff.com\/belogue\/wp-content\/uploads\/2022\/03\/20220331.jpg?resize=525%2C300&ssl=1 1.5x, https:\/\/i0.wp.com\/www.wallendorff.com\/belogue\/wp-content\/uploads\/2022\/03\/20220331.jpg?resize=700%2C400&ssl=1 2x, https:\/\/i0.wp.com\/www.wallendorff.com\/belogue\/wp-content\/uploads\/2022\/03\/20220331.jpg?resize=1050%2C600&ssl=1 3x"},"classes":[]},{"id":50502,"url":"https:\/\/www.wallendorff.com\/belogue\/2021\/12\/31\/decembre-2021\/","url_meta":{"origin":50618,"position":2},"title":"D\u00e9cembre 2021.","author":"dpc","date":"31 d\u00e9cembre 2021","format":false,"excerpt":"Un caf\u00e9, une tour, une double clope, un passage, une flaque, un rayon de soleil, un naufrage, un concert, un ronflet, un a\u00e9roport, un lac, un ap\u00e9ro, une ruelle, un bar, une place, un pont, une ruelle, un bateau, un campanile, un vaporetto, un ap\u00e9ro, un embarcad\u00e8re, un restaurant, un\u2026","rel":"","context":"Dans &quot;Blog-note&quot;","block_context":{"text":"Blog-note","link":"https:\/\/www.wallendorff.com\/belogue\/category\/blog-note\/"},"img":{"alt_text":"","src":"https:\/\/i0.wp.com\/www.wallendorff.com\/belogue\/wp-content\/uploads\/2022\/01\/20220117-68.jpg?resize=350%2C200&ssl=1","width":350,"height":200,"srcset":"https:\/\/i0.wp.com\/www.wallendorff.com\/belogue\/wp-content\/uploads\/2022\/01\/20220117-68.jpg?resize=350%2C200&ssl=1 1x, https:\/\/i0.wp.com\/www.wallendorff.com\/belogue\/wp-content\/uploads\/2022\/01\/20220117-68.jpg?resize=525%2C300&ssl=1 1.5x, https:\/\/i0.wp.com\/www.wallendorff.com\/belogue\/wp-content\/uploads\/2022\/01\/20220117-68.jpg?resize=700%2C400&ssl=1 2x, https:\/\/i0.wp.com\/www.wallendorff.com\/belogue\/wp-content\/uploads\/2022\/01\/20220117-68.jpg?resize=1050%2C600&ssl=1 3x"},"classes":[]},{"id":132051,"url":"https:\/\/www.wallendorff.com\/belogue\/2025\/03\/31\/mars-2025\/","url_meta":{"origin":50618,"position":3},"title":"Mars 2025.","author":"dpc","date":"31 mars 2025","format":false,"excerpt":"Un appartement \u00e0 ranger, un anniversaire, un concert, un chat pr\u00e9nomm\u00e9 Chalumeau (et un lapin pr\u00e9nomm\u00e9 Lapinou), un drapeau p\u00e9ruvien, un arr\u00eat de bus, une sieste masqu\u00e9e, un coucher de soleil, des travaux, un one-man show, un appartement \u00e0 ranger, un fauteuil haut perch\u00e9, un train \u00e0 grande vitesse, un\u2026","rel":"","context":"Dans &quot;Blog-note&quot;","block_context":{"text":"Blog-note","link":"https:\/\/www.wallendorff.com\/belogue\/category\/blog-note\/"},"img":{"alt_text":"","src":"https:\/\/i0.wp.com\/www.wallendorff.com\/belogue\/wp-content\/uploads\/2025\/04\/20250409-32.jpg?resize=350%2C200&ssl=1","width":350,"height":200,"srcset":"https:\/\/i0.wp.com\/www.wallendorff.com\/belogue\/wp-content\/uploads\/2025\/04\/20250409-32.jpg?resize=350%2C200&ssl=1 1x, https:\/\/i0.wp.com\/www.wallendorff.com\/belogue\/wp-content\/uploads\/2025\/04\/20250409-32.jpg?resize=525%2C300&ssl=1 1.5x, https:\/\/i0.wp.com\/www.wallendorff.com\/belogue\/wp-content\/uploads\/2025\/04\/20250409-32.jpg?resize=700%2C400&ssl=1 2x, https:\/\/i0.wp.com\/www.wallendorff.com\/belogue\/wp-content\/uploads\/2025\/04\/20250409-32.jpg?resize=1050%2C600&ssl=1 3x"},"classes":[]},{"id":3454,"url":"https:\/\/www.wallendorff.com\/belogue\/2008\/09\/24\/ail-quanne-scie-ou-%c2%b9\/","url_meta":{"origin":50618,"position":4},"title":"Ail qu&rsquo;Anne scie o\u00f9 ?\u00b9","author":"dpc","date":"24 septembre 2008","format":false,"excerpt":"Rue Toustain, Paris, 6 septembre. The Von Bondies \u2013 Bring it on Home to Me (Sam Cooke cover) Note pour plus tard\u00a0: une voiture qui te scrute du phare depuis un coin de mur, \u00e7a a effectivement l'air triste et abandonn\u00e9. _____ 1 On est pas oblig\u00e9 de faire tous\u2026","rel":"","context":"Dans &quot;DPC&quot;","block_context":{"text":"DPC","link":"https:\/\/www.wallendorff.com\/belogue\/category\/dpc\/"},"img":{"alt_text":"","src":"https:\/\/i0.wp.com\/www.wallendorff.com\/belogue\/wp-content\/uploads\/2015\/04\/200809241.jpg?resize=350%2C200&ssl=1","width":350,"height":200},"classes":[]},{"id":49918,"url":"https:\/\/www.wallendorff.com\/belogue\/2021\/10\/31\/octobre-2021\/","url_meta":{"origin":50618,"position":5},"title":"Octobre 2021.","author":"dpc","date":"31 octobre 2021","format":false,"excerpt":"Un train, un resto, un spectacle, une passerelle, un spectacle, une bo\u00eete, un bar, un nuage, un lac, un train, un coucher de soleil, une lecture, un buste, un clocher, un ap\u00e9ro, un RER, un a\u00e9roport, un avion, un a\u00e9roport, un hurling, un handball ga\u00e9lique, un pub, un mur, un\u2026","rel":"","context":"Dans &quot;Blog-note&quot;","block_context":{"text":"Blog-note","link":"https:\/\/www.wallendorff.com\/belogue\/category\/blog-note\/"},"img":{"alt_text":"","src":"https:\/\/i0.wp.com\/www.wallendorff.com\/belogue\/wp-content\/uploads\/2021\/11\/20211115-60.jpg?resize=350%2C200&ssl=1","width":350,"height":200,"srcset":"https:\/\/i0.wp.com\/www.wallendorff.com\/belogue\/wp-content\/uploads\/2021\/11\/20211115-60.jpg?resize=350%2C200&ssl=1 1x, https:\/\/i0.wp.com\/www.wallendorff.com\/belogue\/wp-content\/uploads\/2021\/11\/20211115-60.jpg?resize=525%2C300&ssl=1 1.5x, https:\/\/i0.wp.com\/www.wallendorff.com\/belogue\/wp-content\/uploads\/2021\/11\/20211115-60.jpg?resize=700%2C400&ssl=1 2x, https:\/\/i0.wp.com\/www.wallendorff.com\/belogue\/wp-content\/uploads\/2021\/11\/20211115-60.jpg?resize=1050%2C600&ssl=1 3x"},"classes":[]}],"_links":{"self":[{"href":"https:\/\/www.wallendorff.com\/belogue\/wp-json\/wp\/v2\/posts\/50618","targetHints":{"allow":["GET"]}}],"collection":[{"href":"https:\/\/www.wallendorff.com\/belogue\/wp-json\/wp\/v2\/posts"}],"about":[{"href":"https:\/\/www.wallendorff.com\/belogue\/wp-json\/wp\/v2\/types\/post"}],"author":[{"embeddable":true,"href":"https:\/\/www.wallendorff.com\/belogue\/wp-json\/wp\/v2\/users\/1"}],"replies":[{"embeddable":true,"href":"https:\/\/www.wallendorff.com\/belogue\/wp-json\/wp\/v2\/comments?post=50618"}],"version-history":[{"count":3,"href":"https:\/\/www.wallendorff.com\/belogue\/wp-json\/wp\/v2\/posts\/50618\/revisions"}],"predecessor-version":[{"id":50622,"href":"https:\/\/www.wallendorff.com\/belogue\/wp-json\/wp\/v2\/posts\/50618\/revisions\/50622"}],"wp:featuredmedia":[{"embeddable":true,"href":"https:\/\/www.wallendorff.com\/belogue\/wp-json\/wp\/v2\/media\/50619"}],"wp:attachment":[{"href":"https:\/\/www.wallendorff.com\/belogue\/wp-json\/wp\/v2\/media?parent=50618"}],"wp:term":[{"taxonomy":"category","embeddable":true,"href":"https:\/\/www.wallendorff.com\/belogue\/wp-json\/wp\/v2\/categories?post=50618"},{"taxonomy":"post_tag","embeddable":true,"href":"https:\/\/www.wallendorff.com\/belogue\/wp-json\/wp\/v2\/tags?post=50618"}],"curies":[{"name":"wp","href":"https:\/\/api.w.org\/{rel}","templated":true}]}}