{"id":50409,"date":"2021-12-31T10:59:22","date_gmt":"2021-12-31T08:59:22","guid":{"rendered":"https:\/\/www.wallendorff.com\/belogue\/?p=50409"},"modified":"2021-12-31T11:09:45","modified_gmt":"2021-12-31T09:09:45","slug":"2021","status":"publish","type":"post","link":"https:\/\/www.wallendorff.com\/belogue\/2021\/12\/31\/2021\/","title":{"rendered":"2021."},"content":{"rendered":"<div id=\"photo\">\n<p><img decoding=\"async\" src=\"https:\/\/www.wallendorff.com\/belogue\/wp-content\/uploads\/2021\/12\/20211231.jpg\"><br \/>\nMetz, 26 d\u00e9cembre 2021.<br \/>\n<em>Into the wide #237<\/em><\/p>\n<\/div>\n<p style=\"text-align: right;\"><em>The years go by so fast,<br \/>\nLet&rsquo;s hope the next beats the last.<\/em><\/p>\n<p style=\"text-align: right;\">[Les pr\u00e9c\u00e9dentes <a href=\"https:\/\/www.wallendorff.com\/belogue\/2020\/12\/31\/2020\/\">l\u00e0<\/a> et <a href=\"https:\/\/www.wallendorff.com\/belogue\/2019\/12\/31\/2019\/\">l\u00e0<\/a> et <a href=\"https:\/\/www.wallendorff.com\/belogue\/2018\/12\/31\/2018\/\">l\u00e0<\/a> et <a href=\"https:\/\/www.wallendorff.com\/belogue\/2017\/12\/31\/2017\/\">l\u00e0<\/a> et <a href=\"https:\/\/www.wallendorff.com\/belogue\/2016\/12\/31\/2016\/\">l\u00e0<\/a> et <a href=\"https:\/\/www.wallendorff.com\/belogue\/2015\/12\/31\/2015\/\">l\u00e0<\/a> et <a href=\"https:\/\/www.wallendorff.com\/belogue\/2014\/12\/31\/2014\/\">l\u00e0<\/a> et <a href=\"https:\/\/www.wallendorff.com\/belogue\/2013\/12\/31\/2013\/\">l\u00e0<\/a> et <a href=\"https:\/\/www.wallendorff.com\/belogue\/2013\/02\/07\/2012\/\">l\u00e0<\/a> et <a href=\"https:\/\/www.wallendorff.com\/belogue\/2012\/02\/13\/2011\/\">l\u00e0<\/a> et <a href=\"https:\/\/www.wallendorff.com\/belogue\/2011\/01\/31\/2010\/\">l\u00e0<\/a> et <a href=\"https:\/\/www.wallendorff.com\/belogue\/2010\/01\/29\/2009\/\">l\u00e0<\/a> et <a href=\"https:\/\/www.wallendorff.com\/belogue\/2009\/01\/20\/deuxmilledeux-2008\/\">l\u00e0<\/a> aussi.]<\/p>\n<p style=\"text-align: right;\">Certaines ann\u00e9es secouent plus que d&rsquo;autres. Celle-ci n&rsquo;aura pas \u00e9t\u00e9 de tout repos&#8230; mais elle m&rsquo;aura secou\u00e9. Esp\u00e9rons que ce soit pour le mieux.<\/p>\n<p style=\"text-align: right;\">J&rsquo;ai coutume de dire que je pr\u00e9f\u00e8re les ann\u00e9es paires aux ann\u00e9es impaires, mais les deux qui viennent de s&rsquo;\u00e9couler ont invers\u00e9 leurs r\u00f4les. Parfois m\u00eame les math\u00e9matiques et la cabale peuvent se tromper.<\/p>\n<p style=\"text-align: right;\">Passez un chouette r\u00e9veillon.<\/p>\n<div id=\"bandeson\">\n<p><img decoding=\"async\" src=\"https:\/\/www.wallendorff.com\/belogue\/photo\/pochettes\/s\/smith_and_burrows-funny_looking_angels.jpg\" align=\"left\"><a id=\"lienmp3\" style=\"font-weight: normal;\" href=\"http:\/\/www.youtube.com\/watch?v=7E4goCjhx4g\"><em>When the Thames Froze<\/em><\/a><br \/>\n<a href=\"http:\/\/www.smithandburrows.co.uk\/\">Smith &amp; Burrows<\/a><\/p>\n<\/div>\n","protected":false},"excerpt":{"rendered":"<p>Metz, 26 d\u00e9cembre 2021. Into the wide #237 The years go by so fast, Let&rsquo;s hope the next beats the last. [Les pr\u00e9c\u00e9dentes l\u00e0 et l\u00e0 et l\u00e0 et l\u00e0 et l\u00e0 et l\u00e0 et l\u00e0 et l\u00e0 et l\u00e0 et l\u00e0 et l\u00e0 et l\u00e0 et l\u00e0 aussi.] Certaines ann\u00e9es secouent plus que d&rsquo;autres.&hellip;<\/p>\n","protected":false},"author":1,"featured_media":50411,"comment_status":"open","ping_status":"open","sticky":false,"template":"","format":"standard","meta":{"_acf_changed":false,"ngg_post_thumbnail":0,"jetpack_post_was_ever_published":false,"_jetpack_newsletter_access":"","_jetpack_dont_email_post_to_subs":false,"_jetpack_newsletter_tier_id":0,"_jetpack_memberships_contains_paywalled_content":false,"_jetpack_memberships_contains_paid_content":false,"footnotes":"","jetpack_publicize_message":"","jetpack_publicize_feature_enabled":true,"jetpack_social_post_already_shared":true,"jetpack_social_options":{"image_generator_settings":{"template":"highway","default_image_id":0,"font":"","enabled":false},"version":2}},"categories":[7356],"tags":[10743,417,10484,10238,10120,15878,14890,10175,10173,10174,11323,11795,10592,10673,5424,5423],"class_list":["post-50409","post","type-post","status-publish","format-standard","has-post-thumbnail","hentry","category-into-the-wide","tag-cathedrale","tag-cathedrale-saint-etienne","tag-eau","tag-eglise","tag-france","tag-fujifilm-x-t3","tag-fujinon-xf-10-24-mm-f-4-r-ois","tag-lorraine","tag-metz","tag-moselle","tag-panoramique","tag-place-de-la-prefecture","tag-pose-longue","tag-riviere","tag-smith-burrows","tag-when-the-thames-froze"],"acf":[],"geo":{"latitude":49.1219215,"longitude":6.1752772,"description":"10-11 Place de la Pr\u00e9fecture, 57000 Metz, France"},"jetpack_publicize_connections":[],"jetpack_featured_media_url":"https:\/\/www.wallendorff.com\/belogue\/wp-content\/uploads\/2021\/12\/20211231.jpg","jetpack_shortlink":"https:\/\/wp.me\/s3b35P-2021","jetpack_sharing_enabled":true,"jetpack-related-posts":[{"id":134901,"url":"https:\/\/www.wallendorff.com\/belogue\/2025\/12\/31\/2025\/","url_meta":{"origin":50409,"position":0},"title":"2025.","author":"dpc","date":"31 d\u00e9cembre 2025","format":false,"excerpt":"Metz, 26 d\u00e9cembre 2025. Into the wide #297 The years go by so fast, Let's hope the next beats the last. [Les pr\u00e9c\u00e9dentes l\u00e0 et l\u00e0 et l\u00e0 et l\u00e0 et l\u00e0 et l\u00e0 et l\u00e0 et l\u00e0 et l\u00e0 et l\u00e0 et l\u00e0 et l\u00e0 et l\u00e0 et l\u00e0\u2026","rel":"","context":"Dans &quot;Into the wide&quot;","block_context":{"text":"Into the wide","link":"https:\/\/www.wallendorff.com\/belogue\/category\/into-the-wide\/"},"img":{"alt_text":"","src":"https:\/\/i0.wp.com\/www.wallendorff.com\/belogue\/wp-content\/uploads\/2025\/12\/20251231.jpg?resize=350%2C200&ssl=1","width":350,"height":200,"srcset":"https:\/\/i0.wp.com\/www.wallendorff.com\/belogue\/wp-content\/uploads\/2025\/12\/20251231.jpg?resize=350%2C200&ssl=1 1x, https:\/\/i0.wp.com\/www.wallendorff.com\/belogue\/wp-content\/uploads\/2025\/12\/20251231.jpg?resize=525%2C300&ssl=1 1.5x, https:\/\/i0.wp.com\/www.wallendorff.com\/belogue\/wp-content\/uploads\/2025\/12\/20251231.jpg?resize=700%2C400&ssl=1 2x, https:\/\/i0.wp.com\/www.wallendorff.com\/belogue\/wp-content\/uploads\/2025\/12\/20251231.jpg?resize=1050%2C600&ssl=1 3x"},"classes":[]},{"id":131431,"url":"https:\/\/www.wallendorff.com\/belogue\/2024\/12\/31\/2024\/","url_meta":{"origin":50409,"position":1},"title":"2024.","author":"dpc","date":"31 d\u00e9cembre 2024","format":false,"excerpt":"Metz, 26 d\u00e9cembre 2024. Into the wide #290 The years go by so fast, Let's hope the next beats the last. [Les pr\u00e9c\u00e9dentes l\u00e0 et l\u00e0 et l\u00e0 et l\u00e0 et l\u00e0 et l\u00e0 et l\u00e0 et l\u00e0 et l\u00e0 et l\u00e0 et l\u00e0 et l\u00e0 et l\u00e0 et l\u00e0\u2026","rel":"","context":"Dans &quot;Into the wide&quot;","block_context":{"text":"Into the wide","link":"https:\/\/www.wallendorff.com\/belogue\/category\/into-the-wide\/"},"img":{"alt_text":"","src":"https:\/\/i0.wp.com\/www.wallendorff.com\/belogue\/wp-content\/uploads\/2024\/12\/20241231.jpg?resize=350%2C200&ssl=1","width":350,"height":200,"srcset":"https:\/\/i0.wp.com\/www.wallendorff.com\/belogue\/wp-content\/uploads\/2024\/12\/20241231.jpg?resize=350%2C200&ssl=1 1x, https:\/\/i0.wp.com\/www.wallendorff.com\/belogue\/wp-content\/uploads\/2024\/12\/20241231.jpg?resize=525%2C300&ssl=1 1.5x, https:\/\/i0.wp.com\/www.wallendorff.com\/belogue\/wp-content\/uploads\/2024\/12\/20241231.jpg?resize=700%2C400&ssl=1 2x, https:\/\/i0.wp.com\/www.wallendorff.com\/belogue\/wp-content\/uploads\/2024\/12\/20241231.jpg?resize=1050%2C600&ssl=1 3x"},"classes":[]},{"id":127021,"url":"https:\/\/www.wallendorff.com\/belogue\/2023\/12\/31\/2023\/","url_meta":{"origin":50409,"position":2},"title":"2023.","author":"dpc","date":"31 d\u00e9cembre 2023","format":false,"excerpt":"Metz, 27 d\u00e9cembre 2023. Into the wide #286 The years go by so fast, Let's hope the next beats the last. [Les pr\u00e9c\u00e9dentes l\u00e0 et l\u00e0 et l\u00e0 et l\u00e0 et l\u00e0 et l\u00e0 et l\u00e0 et l\u00e0 et l\u00e0 et l\u00e0 et l\u00e0 et l\u00e0 et l\u00e0 et l\u00e0\u2026","rel":"","context":"Dans &quot;Into the wide&quot;","block_context":{"text":"Into the wide","link":"https:\/\/www.wallendorff.com\/belogue\/category\/into-the-wide\/"},"img":{"alt_text":"","src":"https:\/\/i0.wp.com\/www.wallendorff.com\/belogue\/wp-content\/uploads\/2023\/12\/20231231.jpg?resize=350%2C200&ssl=1","width":350,"height":200,"srcset":"https:\/\/i0.wp.com\/www.wallendorff.com\/belogue\/wp-content\/uploads\/2023\/12\/20231231.jpg?resize=350%2C200&ssl=1 1x, https:\/\/i0.wp.com\/www.wallendorff.com\/belogue\/wp-content\/uploads\/2023\/12\/20231231.jpg?resize=525%2C300&ssl=1 1.5x, https:\/\/i0.wp.com\/www.wallendorff.com\/belogue\/wp-content\/uploads\/2023\/12\/20231231.jpg?resize=700%2C400&ssl=1 2x, https:\/\/i0.wp.com\/www.wallendorff.com\/belogue\/wp-content\/uploads\/2023\/12\/20231231.jpg?resize=1050%2C600&ssl=1 3x"},"classes":[]},{"id":22926,"url":"https:\/\/www.wallendorff.com\/belogue\/2014\/06\/08\/top-10-des-plus-belles-cathedrales-de-la-decennie\/","url_meta":{"origin":50409,"position":3},"title":"Top 10 des plus belles cath\u00e9drales de la d\u00e9cennie.","author":"dpc","date":"8 juin 2014","format":false,"excerpt":"Dix ans \u00e0 faire le tour de toutes les cath\u00e9drales du monde entier et bien les regarder sous toutes les coutures pour \u00e9tablir le classement d\u00e9finitif et impartial des plus jolies cath\u00e9drales de l'univers. No 10 ex-\u00e6quo\u00a0: La cath\u00e9drale Notre-Dame de Chartres du 7 avril 2012... Chartres Attack. \u00a0 ...\u2026","rel":"","context":"Dans &quot;DPC&quot;","block_context":{"text":"DPC","link":"https:\/\/www.wallendorff.com\/belogue\/category\/dpc\/"},"img":{"alt_text":"","src":"https:\/\/i0.wp.com\/www.wallendorff.com\/belogue\/wp-content\/uploads\/2015\/04\/201310243.jpg?resize=350%2C200&ssl=1","width":350,"height":200,"srcset":"https:\/\/i0.wp.com\/www.wallendorff.com\/belogue\/wp-content\/uploads\/2015\/04\/201310243.jpg?resize=350%2C200&ssl=1 1x, https:\/\/i0.wp.com\/www.wallendorff.com\/belogue\/wp-content\/uploads\/2015\/04\/201310243.jpg?resize=525%2C300&ssl=1 1.5x, https:\/\/i0.wp.com\/www.wallendorff.com\/belogue\/wp-content\/uploads\/2015\/04\/201310243.jpg?resize=700%2C400&ssl=1 2x"},"classes":[]},{"id":40771,"url":"https:\/\/www.wallendorff.com\/belogue\/2018\/12\/31\/2018\/","url_meta":{"origin":50409,"position":4},"title":"2018.","author":"dpc","date":"31 d\u00e9cembre 2018","format":false,"excerpt":"Metz, 27 d\u00e9cembre 2018. Into the wide #164 The years go by so fast, Let's hope the next beats the last. [Les pr\u00e9c\u00e9dentes l\u00e0 et l\u00e0 et l\u00e0 et l\u00e0 et l\u00e0 et l\u00e0 et l\u00e0 et l\u00e0 et l\u00e0 et l\u00e0 aussi.] Et encore une. Bon r\u00e9veillon \u00e0 tous.\u2026","rel":"","context":"Dans &quot;Into the wide&quot;","block_context":{"text":"Into the wide","link":"https:\/\/www.wallendorff.com\/belogue\/category\/into-the-wide\/"},"img":{"alt_text":"","src":"https:\/\/i0.wp.com\/www.wallendorff.com\/belogue\/wp-content\/uploads\/2018\/12\/20181231.jpg?resize=350%2C200&ssl=1","width":350,"height":200,"srcset":"https:\/\/i0.wp.com\/www.wallendorff.com\/belogue\/wp-content\/uploads\/2018\/12\/20181231.jpg?resize=350%2C200&ssl=1 1x, https:\/\/i0.wp.com\/www.wallendorff.com\/belogue\/wp-content\/uploads\/2018\/12\/20181231.jpg?resize=525%2C300&ssl=1 1.5x, https:\/\/i0.wp.com\/www.wallendorff.com\/belogue\/wp-content\/uploads\/2018\/12\/20181231.jpg?resize=700%2C400&ssl=1 2x, https:\/\/i0.wp.com\/www.wallendorff.com\/belogue\/wp-content\/uploads\/2018\/12\/20181231.jpg?resize=1050%2C600&ssl=1 3x"},"classes":[]},{"id":44570,"url":"https:\/\/www.wallendorff.com\/belogue\/2019\/12\/31\/2019\/","url_meta":{"origin":50409,"position":5},"title":"2019.","author":"dpc","date":"31 d\u00e9cembre 2019","format":false,"excerpt":"Metz, 23 d\u00e9cembre 2019. Into the wide #192 The years go by so fast, Let's hope the next beats the last. [Les pr\u00e9c\u00e9dentes l\u00e0 et l\u00e0 et l\u00e0 et l\u00e0 et l\u00e0 et l\u00e0 et l\u00e0 et l\u00e0 et l\u00e0 et l\u00e0 et l\u00e0 aussi.] Je refais cette photo chaque\u2026","rel":"","context":"Dans &quot;Into the wide&quot;","block_context":{"text":"Into the wide","link":"https:\/\/www.wallendorff.com\/belogue\/category\/into-the-wide\/"},"img":{"alt_text":"Metz, 23 d&eacute;cembre 2019. Into the wide #192","src":"https:\/\/i0.wp.com\/www.wallendorff.com\/belogue\/wp-content\/uploads\/2019\/12\/20191231.jpg?resize=350%2C200&ssl=1","width":350,"height":200,"srcset":"https:\/\/i0.wp.com\/www.wallendorff.com\/belogue\/wp-content\/uploads\/2019\/12\/20191231.jpg?resize=350%2C200&ssl=1 1x, https:\/\/i0.wp.com\/www.wallendorff.com\/belogue\/wp-content\/uploads\/2019\/12\/20191231.jpg?resize=525%2C300&ssl=1 1.5x, https:\/\/i0.wp.com\/www.wallendorff.com\/belogue\/wp-content\/uploads\/2019\/12\/20191231.jpg?resize=700%2C400&ssl=1 2x, https:\/\/i0.wp.com\/www.wallendorff.com\/belogue\/wp-content\/uploads\/2019\/12\/20191231.jpg?resize=1050%2C600&ssl=1 3x"},"classes":[]}],"_links":{"self":[{"href":"https:\/\/www.wallendorff.com\/belogue\/wp-json\/wp\/v2\/posts\/50409","targetHints":{"allow":["GET"]}}],"collection":[{"href":"https:\/\/www.wallendorff.com\/belogue\/wp-json\/wp\/v2\/posts"}],"about":[{"href":"https:\/\/www.wallendorff.com\/belogue\/wp-json\/wp\/v2\/types\/post"}],"author":[{"embeddable":true,"href":"https:\/\/www.wallendorff.com\/belogue\/wp-json\/wp\/v2\/users\/1"}],"replies":[{"embeddable":true,"href":"https:\/\/www.wallendorff.com\/belogue\/wp-json\/wp\/v2\/comments?post=50409"}],"version-history":[{"count":2,"href":"https:\/\/www.wallendorff.com\/belogue\/wp-json\/wp\/v2\/posts\/50409\/revisions"}],"predecessor-version":[{"id":50412,"href":"https:\/\/www.wallendorff.com\/belogue\/wp-json\/wp\/v2\/posts\/50409\/revisions\/50412"}],"wp:featuredmedia":[{"embeddable":true,"href":"https:\/\/www.wallendorff.com\/belogue\/wp-json\/wp\/v2\/media\/50411"}],"wp:attachment":[{"href":"https:\/\/www.wallendorff.com\/belogue\/wp-json\/wp\/v2\/media?parent=50409"}],"wp:term":[{"taxonomy":"category","embeddable":true,"href":"https:\/\/www.wallendorff.com\/belogue\/wp-json\/wp\/v2\/categories?post=50409"},{"taxonomy":"post_tag","embeddable":true,"href":"https:\/\/www.wallendorff.com\/belogue\/wp-json\/wp\/v2\/tags?post=50409"}],"curies":[{"name":"wp","href":"https:\/\/api.w.org\/{rel}","templated":true}]}}