{"id":5034,"date":"2009-11-15T11:09:00","date_gmt":"2009-11-15T10:09:00","guid":{"rendered":"http:\/\/www.po-l.com\/belogue\/?p=5034"},"modified":"2012-08-07T11:46:30","modified_gmt":"2012-08-07T09:46:30","slug":"cryptique","status":"publish","type":"post","link":"https:\/\/www.wallendorff.com\/belogue\/2009\/11\/15\/cryptique\/","title":{"rendered":"Cryptique."},"content":{"rendered":"<div id=\"photo\">\n<p><img decoding=\"async\" src=\"https:\/\/www.wallendorff.com\/belogue\/photo\/2009\/11\/20091115.jpg\" \/><br \/>\nColl&egrave;ge des Bernardins, Paris, 25 juillet.<\/p>\n<\/div>\n<div id=\"bandeson\">\n<p><img decoding=\"async\" src=\"https:\/\/www.wallendorff.com\/belogue\/photo\/pochettes\/t\/twilight_new_moon-ost.jpg\" align=\"left\" \/>&nbsp;<a href=\"http:\/\/www.deathcabforcutie.com\/\">Death Cab for Cutie<\/a> &ndash; <em>Meet Me on the Equinox<\/em><\/p>\n<\/div>\n","protected":false},"excerpt":{"rendered":"<p>Coll&egrave;ge des Bernardins, Paris, 25 juillet. &nbsp;Death Cab for Cutie &ndash; Meet Me on the Equinox<\/p>\n","protected":false},"author":1,"featured_media":25594,"comment_status":"open","ping_status":"open","sticky":false,"template":"","format":"standard","meta":{"_acf_changed":false,"ngg_post_thumbnail":0,"jetpack_post_was_ever_published":false,"_jetpack_newsletter_access":"","_jetpack_dont_email_post_to_subs":false,"_jetpack_newsletter_tier_id":0,"_jetpack_memberships_contains_paywalled_content":false,"_jetpack_memberships_contains_paid_content":false,"footnotes":"","jetpack_publicize_message":"","jetpack_publicize_feature_enabled":true,"jetpack_social_post_already_shared":false,"jetpack_social_options":{"image_generator_settings":{"template":"highway","default_image_id":0,"font":"","enabled":false},"version":2}},"categories":[3],"tags":[10239,2571,2615,3227,215,10307,10120,10121,3228,143,10098,10261],"class_list":["post-5034","post","type-post","status-publish","format-standard","has-post-thumbnail","hentry","category-dpc","tag-10239","tag-ef-16-35-mm-f28l-ii-usm","tag-eos-5d-mark-ii","tag-college-des-bernardins","tag-death-cab-for-cutie","tag-fenetre","tag-france","tag-ile-de-france","tag-meet-me-on-the-equinox","tag-noir-et-blanc","tag-paris","tag-voute"],"acf":[],"geo":{"latitude":48.848999,"longitude":2.3522007,"description":"14-24 Rue de Poissy, 75005 Paris, France"},"jetpack_publicize_connections":[],"jetpack_featured_media_url":"https:\/\/www.wallendorff.com\/belogue\/wp-content\/uploads\/2015\/04\/200911151.jpg","jetpack_shortlink":"https:\/\/wp.me\/p3b35P-1jc","jetpack_sharing_enabled":true,"jetpack-related-posts":[{"id":6783,"url":"https:\/\/www.wallendorff.com\/belogue\/2010\/02\/11\/i-know-that-you-bid-last-bummer\/","url_meta":{"origin":5034,"position":0},"title":"I know that you bid last. Bummer.","author":"dpc","date":"11 f\u00e9vrier 2010","format":false,"excerpt":"Coll\u00e8ge des Bernardins, Paris, 4 janvier. 2\u00a0000 ans d'\u00e9volution technologique et de d\u00e9veloppement des outils de communication pour finalement constater que je suis la seule personne de mon entourage cybern\u00e9tique ou non \u00e0 trouver qu'Heligoland de Massive Attack est une bouse. C'est beau, le XXIe si\u00e8cle. \u00a0I'm From Barcelona \u2013\u2026","rel":"","context":"Dans &quot;DPC&quot;","block_context":{"text":"DPC","link":"https:\/\/www.wallendorff.com\/belogue\/category\/dpc\/"},"img":{"alt_text":"","src":"https:\/\/i0.wp.com\/www.wallendorff.com\/belogue\/wp-content\/uploads\/2015\/04\/201002111.jpg?resize=350%2C200&ssl=1","width":350,"height":200},"classes":[]},{"id":33626,"url":"https:\/\/www.wallendorff.com\/belogue\/2017\/02\/14\/vague-a-lames\/","url_meta":{"origin":5034,"position":1},"title":"Vague \u00e0 lames.","author":"dpc","date":"14 f\u00e9vrier 2017","format":false,"excerpt":"Coll\u00e8ge des Bernardins, Paris, 12 novembre 2016. . Gamma Knife King Gizzard & the Lizard Wizard","rel":"","context":"Dans &quot;DPC&quot;","block_context":{"text":"DPC","link":"https:\/\/www.wallendorff.com\/belogue\/category\/dpc\/"},"img":{"alt_text":"","src":"https:\/\/i0.wp.com\/www.wallendorff.com\/belogue\/wp-content\/uploads\/2017\/02\/20170214.jpg?resize=350%2C200&ssl=1","width":350,"height":200,"srcset":"https:\/\/i0.wp.com\/www.wallendorff.com\/belogue\/wp-content\/uploads\/2017\/02\/20170214.jpg?resize=350%2C200&ssl=1 1x, https:\/\/i0.wp.com\/www.wallendorff.com\/belogue\/wp-content\/uploads\/2017\/02\/20170214.jpg?resize=525%2C300&ssl=1 1.5x, https:\/\/i0.wp.com\/www.wallendorff.com\/belogue\/wp-content\/uploads\/2017\/02\/20170214.jpg?resize=700%2C400&ssl=1 2x"},"classes":[]},{"id":13041,"url":"https:\/\/www.wallendorff.com\/belogue\/2011\/07\/21\/coude-a-retz\/","url_meta":{"origin":5034,"position":2},"title":"Coude \u00e0 Retz.","author":"dpc","date":"21 juillet 2011","format":false,"excerpt":"Paris, 12 juin. \u00a0Death Cab for Cutie \u2013 St. Peter's Cathedral","rel":"","context":"Dans &quot;DPC&quot;","block_context":{"text":"DPC","link":"https:\/\/www.wallendorff.com\/belogue\/category\/dpc\/"},"img":{"alt_text":"","src":"https:\/\/i0.wp.com\/www.wallendorff.com\/belogue\/wp-content\/uploads\/2015\/04\/201107211.jpg?resize=350%2C200&ssl=1","width":350,"height":200},"classes":[]},{"id":126,"url":"https:\/\/www.wallendorff.com\/belogue\/2006\/04\/16\/who-let-paques-hard\/","url_meta":{"origin":5034,"position":3},"title":"Who let P&acirc;ques hard?","author":"dpc","date":"16 avril 2006","format":false,"excerpt":"Rue des Bernardins, Paris, 09 avril. Pfoulala oulalalala C'est dans mon cr\u00e2ne qu'elles sont revenues, dis donc, les cloches. \u00a0The Dandy Warhols \u2013 All the Money or the Simple Life Honey","rel":"","context":"Dans &quot;DPC&quot;","block_context":{"text":"DPC","link":"https:\/\/www.wallendorff.com\/belogue\/category\/dpc\/"},"img":{"alt_text":"","src":"https:\/\/i0.wp.com\/www.wallendorff.com\/belogue\/wp-content\/uploads\/2015\/04\/200604161.jpg?resize=350%2C200&ssl=1","width":350,"height":200},"classes":[]},{"id":11585,"url":"https:\/\/www.wallendorff.com\/belogue\/2011\/01\/13\/parc-mont-seau\/","url_meta":{"origin":5034,"position":4},"title":"Parc mont-seau.","author":"dpc","date":"13 janvier 2011","format":false,"excerpt":"Rue du Mont-Cenis, Paris, 20 novembre 2010. \u00ab\u00a0Mont-seau\u00a0\u00bb parce qu'au milieu du square il y a un ch\u00e2teau d'eau et que \u00e7a sonne comme Monceau. D'o\u00f9 dr\u00f4le, d'o\u00f9 lol mdr rophlmao poney poney. Enfin normalement. Hum. \u00a0Amanda Palmer \u2013 I Will Follow You into the Dark (Death Cab for Cutie\u2026","rel":"","context":"Dans &quot;DPC&quot;","block_context":{"text":"DPC","link":"https:\/\/www.wallendorff.com\/belogue\/category\/dpc\/"},"img":{"alt_text":"","src":"https:\/\/i0.wp.com\/www.wallendorff.com\/belogue\/wp-content\/uploads\/2015\/04\/201101131.jpg?resize=350%2C200&ssl=1","width":350,"height":200},"classes":[]},{"id":1402,"url":"https:\/\/www.wallendorff.com\/belogue\/2008\/07\/14\/there-is-a-light-that-never-goes-out-2\/","url_meta":{"origin":5034,"position":5},"title":"There Is a Light That Never Goes Out.","author":"dpc","date":"14 juillet 2008","format":false,"excerpt":"Paris, 13 juillet. \u00a0 Death Cab for Cutie \u2013 There Is a Light That Never Goes Out (The Smiths cover, Radio 104.5 session)","rel":"","context":"Dans &quot;DPC&quot;","block_context":{"text":"DPC","link":"https:\/\/www.wallendorff.com\/belogue\/category\/dpc\/"},"img":{"alt_text":"","src":"https:\/\/i0.wp.com\/www.wallendorff.com\/belogue\/wp-content\/uploads\/2015\/04\/200807141.jpg?resize=350%2C200&ssl=1","width":350,"height":200,"srcset":"https:\/\/i0.wp.com\/www.wallendorff.com\/belogue\/wp-content\/uploads\/2015\/04\/200807141.jpg?resize=350%2C200&ssl=1 1x, https:\/\/i0.wp.com\/www.wallendorff.com\/belogue\/wp-content\/uploads\/2015\/04\/200807141.jpg?resize=525%2C300&ssl=1 1.5x, https:\/\/i0.wp.com\/www.wallendorff.com\/belogue\/wp-content\/uploads\/2015\/04\/200807141.jpg?resize=700%2C400&ssl=1 2x"},"classes":[]}],"_links":{"self":[{"href":"https:\/\/www.wallendorff.com\/belogue\/wp-json\/wp\/v2\/posts\/5034","targetHints":{"allow":["GET"]}}],"collection":[{"href":"https:\/\/www.wallendorff.com\/belogue\/wp-json\/wp\/v2\/posts"}],"about":[{"href":"https:\/\/www.wallendorff.com\/belogue\/wp-json\/wp\/v2\/types\/post"}],"author":[{"embeddable":true,"href":"https:\/\/www.wallendorff.com\/belogue\/wp-json\/wp\/v2\/users\/1"}],"replies":[{"embeddable":true,"href":"https:\/\/www.wallendorff.com\/belogue\/wp-json\/wp\/v2\/comments?post=5034"}],"version-history":[{"count":1,"href":"https:\/\/www.wallendorff.com\/belogue\/wp-json\/wp\/v2\/posts\/5034\/revisions"}],"predecessor-version":[{"id":18518,"href":"https:\/\/www.wallendorff.com\/belogue\/wp-json\/wp\/v2\/posts\/5034\/revisions\/18518"}],"wp:featuredmedia":[{"embeddable":true,"href":"https:\/\/www.wallendorff.com\/belogue\/wp-json\/wp\/v2\/media\/25594"}],"wp:attachment":[{"href":"https:\/\/www.wallendorff.com\/belogue\/wp-json\/wp\/v2\/media?parent=5034"}],"wp:term":[{"taxonomy":"category","embeddable":true,"href":"https:\/\/www.wallendorff.com\/belogue\/wp-json\/wp\/v2\/categories?post=5034"},{"taxonomy":"post_tag","embeddable":true,"href":"https:\/\/www.wallendorff.com\/belogue\/wp-json\/wp\/v2\/tags?post=5034"}],"curies":[{"name":"wp","href":"https:\/\/api.w.org\/{rel}","templated":true}]}}