{"id":50312,"date":"2021-12-18T15:35:19","date_gmt":"2021-12-18T13:35:19","guid":{"rendered":"https:\/\/www.wallendorff.com\/belogue\/?p=50312"},"modified":"2021-12-18T15:43:12","modified_gmt":"2021-12-18T13:43:12","slug":"into-the-wide-236","status":"publish","type":"post","link":"https:\/\/www.wallendorff.com\/belogue\/2021\/12\/18\/into-the-wide-236\/","title":{"rendered":"Into the wide #236."},"content":{"rendered":"\t\t<div data-elementor-type=\"wp-post\" data-elementor-id=\"50312\" class=\"elementor elementor-50312\" data-elementor-post-type=\"post\">\n\t\t\t\t\t\t<section class=\"elementor-section elementor-top-section elementor-element elementor-element-7bbd62f elementor-section-boxed elementor-section-height-default elementor-section-height-default\" data-id=\"7bbd62f\" data-element_type=\"section\" data-e-type=\"section\">\n\t\t\t\t\t\t<div class=\"elementor-container elementor-column-gap-default\">\n\t\t\t\t\t<div class=\"elementor-column elementor-col-100 elementor-top-column elementor-element elementor-element-7a479fb\" data-id=\"7a479fb\" data-element_type=\"column\" data-e-type=\"column\">\n\t\t\t<div class=\"elementor-widget-wrap elementor-element-populated\">\n\t\t\t\t\t\t<div class=\"elementor-element elementor-element-da7d0de elementor-widget elementor-widget-text-editor\" data-id=\"da7d0de\" data-element_type=\"widget\" data-e-type=\"widget\" data-widget_type=\"text-editor.default\">\n\t\t\t\t<div class=\"elementor-widget-container\">\n\t\t\t\t\t\t\t\t\t<div id=\"photo\"><img decoding=\"async\" src=\"https:\/\/www.wallendorff.com\/belogue\/wp-content\/uploads\/2021\/12\/20211211.jpg\"><br\/>\nPont Samuel Beckett, Dublin, 9 octobre 2021.<\/div>\t\t\t\t\t\t\t\t<\/div>\n\t\t\t\t<\/div>\n\t\t\t\t<div class=\"elementor-element elementor-element-ea54c93 elementor-widget elementor-widget-text-editor\" data-id=\"ea54c93\" data-element_type=\"widget\" data-e-type=\"widget\" data-widget_type=\"text-editor.default\">\n\t\t\t\t<div class=\"elementor-widget-container\">\n\t\t\t\t\t\t\t\t\t<div id=\"bandeson\"><img decoding=\"async\" src=\"https:\/\/www.wallendorff.com\/belogue\/photo\/pochettes\/l\/liminanas_the-de_pelicula.jpg\" align=\"left\" \/><a href=\"https:\/\/www.youtube.com\/watch?v=Hi_VoNHw1pI\"><em>Ne g\u00e2che pas l&rsquo;aventure humaine<\/em><\/a><br\/>\n<a href=\"http:\/\/www.theliminanas.com\/\">The Limi\u00f1anas<\/a> &#038; <a href=\"http:\/\/www.laurentgarnier.com\/\">Laurent Garnier<\/a><\/div>\t\t\t\t\t\t\t\t<\/div>\n\t\t\t\t<\/div>\n\t\t\t\t\t<\/div>\n\t\t<\/div>\n\t\t\t\t\t<\/div>\n\t\t<\/section>\n\t\t\t\t<\/div>\n\t\t","protected":false},"excerpt":{"rendered":"<p>Pont Samuel Beckett, Dublin, 9 octobre 2021.Ne g\u00e2che pas l&rsquo;aventure humaine The Limi\u00f1anas &amp; Laurent Garnier<\/p>\n","protected":false},"author":1,"featured_media":50321,"comment_status":"open","ping_status":"open","sticky":false,"template":"","format":"standard","meta":{"_acf_changed":false,"ngg_post_thumbnail":0,"jetpack_post_was_ever_published":false,"_jetpack_newsletter_access":"","_jetpack_dont_email_post_to_subs":false,"_jetpack_newsletter_tier_id":0,"_jetpack_memberships_contains_paywalled_content":false,"_jetpack_memberships_contains_paid_content":false,"footnotes":"","jetpack_publicize_message":"","jetpack_publicize_feature_enabled":true,"jetpack_social_post_already_shared":true,"jetpack_social_options":{"image_generator_settings":{"template":"highway","default_image_id":0,"font":"","enabled":false},"version":2}},"categories":[7356],"tags":[10271,11310,10326,10311,15878,17569,17570,10147,11323,10689,4519,10592,14274,13411],"class_list":["post-50312","post","type-post","status-publish","format-standard","has-post-thumbnail","hentry","category-into-the-wide","tag-10271","tag-autoportrait","tag-crepuscule","tag-dos","tag-fujifilm-x-t3","tag-laurent-garnier","tag-ne-gache-pas-laventure-humaine","tag-nuit","tag-panoramique","tag-passerelle","tag-passerelle-mornay","tag-pose-longue","tag-samyang-8-mm-f2-8-umc-fisheye-ii","tag-the-liminanas"],"acf":[],"geo":{"latitude":48.8492088,"longitude":2.3671515,"description":"Paris 11, \u00cele-de-France, 75011, FR"},"jetpack_publicize_connections":[],"jetpack_featured_media_url":"https:\/\/www.wallendorff.com\/belogue\/wp-content\/uploads\/2021\/12\/20211218.jpg","jetpack_shortlink":"https:\/\/wp.me\/p3b35P-d5u","jetpack_sharing_enabled":true,"jetpack-related-posts":[{"id":50660,"url":"https:\/\/www.wallendorff.com\/belogue\/2022\/01\/28\/into-the-wide-239\/","url_meta":{"origin":50312,"position":0},"title":"Into the wide #239.","author":"dpc","date":"28 janvier 2022","format":false,"excerpt":"Place Saint-Marc, Venise, 7 d\u00e9cembre 2021.Promenade oblique The Limi\u00f1anas & Laurent Garnier","rel":"","context":"Dans &quot;Into the wide&quot;","block_context":{"text":"Into the wide","link":"https:\/\/www.wallendorff.com\/belogue\/category\/into-the-wide\/"},"img":{"alt_text":"","src":"https:\/\/i0.wp.com\/www.wallendorff.com\/belogue\/wp-content\/uploads\/2022\/01\/20220128.jpg?resize=350%2C200&ssl=1","width":350,"height":200,"srcset":"https:\/\/i0.wp.com\/www.wallendorff.com\/belogue\/wp-content\/uploads\/2022\/01\/20220128.jpg?resize=350%2C200&ssl=1 1x, https:\/\/i0.wp.com\/www.wallendorff.com\/belogue\/wp-content\/uploads\/2022\/01\/20220128.jpg?resize=525%2C300&ssl=1 1.5x, https:\/\/i0.wp.com\/www.wallendorff.com\/belogue\/wp-content\/uploads\/2022\/01\/20220128.jpg?resize=700%2C400&ssl=1 2x, https:\/\/i0.wp.com\/www.wallendorff.com\/belogue\/wp-content\/uploads\/2022\/01\/20220128.jpg?resize=1050%2C600&ssl=1 3x"},"classes":[]},{"id":51084,"url":"https:\/\/www.wallendorff.com\/belogue\/2022\/03\/16\/mais-trop-metro-metreint-mes-trains\/","url_meta":{"origin":50312,"position":1},"title":"Mais trop m\u00e9tro [m&rsquo;\u00e9treint mes trains].","author":"dpc","date":"16 mars 2022","format":false,"excerpt":"Place Saint-Marc, Venise, 7 d\u00e9cembre 2021.Je rentrais par le bois... BB The Limi\u00f1anas & Laurent Garnier","rel":"","context":"Dans &quot;DPC&quot;","block_context":{"text":"DPC","link":"https:\/\/www.wallendorff.com\/belogue\/category\/dpc\/"},"img":{"alt_text":"","src":"https:\/\/i0.wp.com\/www.wallendorff.com\/belogue\/wp-content\/uploads\/2022\/03\/20220316.jpg?resize=350%2C200&ssl=1","width":350,"height":200,"srcset":"https:\/\/i0.wp.com\/www.wallendorff.com\/belogue\/wp-content\/uploads\/2022\/03\/20220316.jpg?resize=350%2C200&ssl=1 1x, https:\/\/i0.wp.com\/www.wallendorff.com\/belogue\/wp-content\/uploads\/2022\/03\/20220316.jpg?resize=525%2C300&ssl=1 1.5x, https:\/\/i0.wp.com\/www.wallendorff.com\/belogue\/wp-content\/uploads\/2022\/03\/20220316.jpg?resize=700%2C400&ssl=1 2x, https:\/\/i0.wp.com\/www.wallendorff.com\/belogue\/wp-content\/uploads\/2022\/03\/20220316.jpg?resize=1050%2C600&ssl=1 3x"},"classes":[]},{"id":49918,"url":"https:\/\/www.wallendorff.com\/belogue\/2021\/10\/31\/octobre-2021\/","url_meta":{"origin":50312,"position":2},"title":"Octobre 2021.","author":"dpc","date":"31 octobre 2021","format":false,"excerpt":"Un train, un resto, un spectacle, une passerelle, un spectacle, une bo\u00eete, un bar, un nuage, un lac, un train, un coucher de soleil, une lecture, un buste, un clocher, un ap\u00e9ro, un RER, un a\u00e9roport, un avion, un a\u00e9roport, un hurling, un handball ga\u00e9lique, un pub, un mur, un\u2026","rel":"","context":"Dans &quot;Blog-note&quot;","block_context":{"text":"Blog-note","link":"https:\/\/www.wallendorff.com\/belogue\/category\/blog-note\/"},"img":{"alt_text":"","src":"https:\/\/i0.wp.com\/www.wallendorff.com\/belogue\/wp-content\/uploads\/2021\/11\/20211115-60.jpg?resize=350%2C200&ssl=1","width":350,"height":200,"srcset":"https:\/\/i0.wp.com\/www.wallendorff.com\/belogue\/wp-content\/uploads\/2021\/11\/20211115-60.jpg?resize=350%2C200&ssl=1 1x, https:\/\/i0.wp.com\/www.wallendorff.com\/belogue\/wp-content\/uploads\/2021\/11\/20211115-60.jpg?resize=525%2C300&ssl=1 1.5x, https:\/\/i0.wp.com\/www.wallendorff.com\/belogue\/wp-content\/uploads\/2021\/11\/20211115-60.jpg?resize=700%2C400&ssl=1 2x, https:\/\/i0.wp.com\/www.wallendorff.com\/belogue\/wp-content\/uploads\/2021\/11\/20211115-60.jpg?resize=1050%2C600&ssl=1 3x"},"classes":[]},{"id":32660,"url":"https:\/\/www.wallendorff.com\/belogue\/2016\/10\/19\/vaudou-game-the-liminanas-le-nouveau-rendez-vous-maison-de-la-radio-paris\/","url_meta":{"origin":50312,"position":3},"title":"Vaudou Game \/ The Limi\u00f1anas @ le Nouveau Rendez-vous, Maison de la Radio, Paris.","author":"dpc","date":"19 octobre 2016","format":false,"excerpt":"\u00c9mission \u00e0 [r\u00e9]\u00e9couter sur le site de France Inter. Vaudou Game The Limi\u00f1anas","rel":"","context":"Dans &quot;Alive&quot;","block_context":{"text":"Alive","link":"https:\/\/www.wallendorff.com\/belogue\/category\/alive\/"},"img":{"alt_text":"","src":"https:\/\/i0.wp.com\/www.wallendorff.com\/belogue\/wp-content\/uploads\/2016\/10\/20161019-22-1.jpg?resize=350%2C200&ssl=1","width":350,"height":200,"srcset":"https:\/\/i0.wp.com\/www.wallendorff.com\/belogue\/wp-content\/uploads\/2016\/10\/20161019-22-1.jpg?resize=350%2C200&ssl=1 1x, https:\/\/i0.wp.com\/www.wallendorff.com\/belogue\/wp-content\/uploads\/2016\/10\/20161019-22-1.jpg?resize=525%2C300&ssl=1 1.5x, https:\/\/i0.wp.com\/www.wallendorff.com\/belogue\/wp-content\/uploads\/2016\/10\/20161019-22-1.jpg?resize=700%2C400&ssl=1 2x"},"classes":[]},{"id":23337,"url":"https:\/\/www.wallendorff.com\/belogue\/2014\/08\/29\/into-the-wide-31-32-x-pis-a-prismes-37-38\/","url_meta":{"origin":50312,"position":4},"title":"Into the wide #31, 32 \u00d7 Pis \u00e0 prismes #37, 38.","author":"dpc","date":"29 ao\u00fbt 2014","format":false,"excerpt":"Passerelle Debilly, Paris, 14 juin. Passerelle Debilly, Paris, 14 juin. Passerelle parisienne pr\u00e9f\u00e9r\u00e9e. Break Your Heart The Gaslight Anthem","rel":"","context":"Dans &quot;Into the wide&quot;","block_context":{"text":"Into the wide","link":"https:\/\/www.wallendorff.com\/belogue\/category\/into-the-wide\/"},"img":{"alt_text":"","src":"https:\/\/i0.wp.com\/www.wallendorff.com\/belogue\/wp-content\/uploads\/2015\/04\/201408291.jpg?resize=350%2C200&ssl=1","width":350,"height":200,"srcset":"https:\/\/i0.wp.com\/www.wallendorff.com\/belogue\/wp-content\/uploads\/2015\/04\/201408291.jpg?resize=350%2C200&ssl=1 1x, https:\/\/i0.wp.com\/www.wallendorff.com\/belogue\/wp-content\/uploads\/2015\/04\/201408291.jpg?resize=525%2C300&ssl=1 1.5x, https:\/\/i0.wp.com\/www.wallendorff.com\/belogue\/wp-content\/uploads\/2015\/04\/201408291.jpg?resize=700%2C400&ssl=1 2x"},"classes":[]},{"id":49101,"url":"https:\/\/www.wallendorff.com\/belogue\/2021\/08\/11\/into-the-wide-227\/","url_meta":{"origin":50312,"position":5},"title":"Into the wide #227","author":"dpc","date":"11 ao\u00fbt 2021","format":false,"excerpt":"Passerelle Debilly, Paris, 12 mai 2021. Lord It's a Feeling London Grammar\u00a0","rel":"","context":"Dans &quot;Into the wide&quot;","block_context":{"text":"Into the wide","link":"https:\/\/www.wallendorff.com\/belogue\/category\/into-the-wide\/"},"img":{"alt_text":"","src":"https:\/\/i0.wp.com\/www.wallendorff.com\/belogue\/wp-content\/uploads\/2021\/08\/20210811.jpg?resize=350%2C200&ssl=1","width":350,"height":200,"srcset":"https:\/\/i0.wp.com\/www.wallendorff.com\/belogue\/wp-content\/uploads\/2021\/08\/20210811.jpg?resize=350%2C200&ssl=1 1x, https:\/\/i0.wp.com\/www.wallendorff.com\/belogue\/wp-content\/uploads\/2021\/08\/20210811.jpg?resize=525%2C300&ssl=1 1.5x, https:\/\/i0.wp.com\/www.wallendorff.com\/belogue\/wp-content\/uploads\/2021\/08\/20210811.jpg?resize=700%2C400&ssl=1 2x"},"classes":[]}],"_links":{"self":[{"href":"https:\/\/www.wallendorff.com\/belogue\/wp-json\/wp\/v2\/posts\/50312","targetHints":{"allow":["GET"]}}],"collection":[{"href":"https:\/\/www.wallendorff.com\/belogue\/wp-json\/wp\/v2\/posts"}],"about":[{"href":"https:\/\/www.wallendorff.com\/belogue\/wp-json\/wp\/v2\/types\/post"}],"author":[{"embeddable":true,"href":"https:\/\/www.wallendorff.com\/belogue\/wp-json\/wp\/v2\/users\/1"}],"replies":[{"embeddable":true,"href":"https:\/\/www.wallendorff.com\/belogue\/wp-json\/wp\/v2\/comments?post=50312"}],"version-history":[{"count":8,"href":"https:\/\/www.wallendorff.com\/belogue\/wp-json\/wp\/v2\/posts\/50312\/revisions"}],"predecessor-version":[{"id":50322,"href":"https:\/\/www.wallendorff.com\/belogue\/wp-json\/wp\/v2\/posts\/50312\/revisions\/50322"}],"wp:featuredmedia":[{"embeddable":true,"href":"https:\/\/www.wallendorff.com\/belogue\/wp-json\/wp\/v2\/media\/50321"}],"wp:attachment":[{"href":"https:\/\/www.wallendorff.com\/belogue\/wp-json\/wp\/v2\/media?parent=50312"}],"wp:term":[{"taxonomy":"category","embeddable":true,"href":"https:\/\/www.wallendorff.com\/belogue\/wp-json\/wp\/v2\/categories?post=50312"},{"taxonomy":"post_tag","embeddable":true,"href":"https:\/\/www.wallendorff.com\/belogue\/wp-json\/wp\/v2\/tags?post=50312"}],"curies":[{"name":"wp","href":"https:\/\/api.w.org\/{rel}","templated":true}]}}