{"id":503,"date":"2005-01-12T00:06:12","date_gmt":"2005-01-12T00:06:12","guid":{"rendered":"http:\/\/www.po-l.com\/wordpress\/?p=503"},"modified":"2012-01-11T10:47:28","modified_gmt":"2012-01-11T08:47:28","slug":"l-hagard-demeure","status":"publish","type":"post","link":"https:\/\/www.wallendorff.com\/belogue\/2005\/01\/12\/l-hagard-demeure\/","title":{"rendered":"L&rsquo;hagard demeure."},"content":{"rendered":"\n<div id=\"photo\">\n<p><img decoding=\"async\" src=\"http:\/\/www.po-L.com\/belogue\/photo\/2005\/01\/20050112-hangar.jpg\" \/><br \/>\n          Lac Sainte-Claire, 8 janvier.<\/p>\n<\/p><\/div>\n<p>[\/Edit&nbsp;: plus je regarde cette s&eacute;rie de photos, plus j&rsquo;ai l&rsquo;impression d&rsquo;avoir &eacute;t&eacute; en Norv&egrave;ge samedi dernier.]<\/p>\n<p>[\/Edit 2&nbsp;: Quand l&rsquo;art te suce le sang, &ccedil;a devient de l&rsquo;art-tique.]<\/p>\n<p>[\/Edit 3&nbsp;: Ah ah.]<\/p>\n<div id=\"bandeson\">\n<p><img decoding=\"async\" src=\"https:\/\/www.wallendorff.com\/belogue\/photo\/pochettes\/d\/dresden_dolls_the-the_dresden_dolls.jpg\" align=\"left\" \/>&nbsp;<a href=\"http:\/\/www.dresdendolls.com\/\">The Dresden Dolls<\/a> &ndash; <em>Good Day<\/em><\/p>\n<\/div>\n","protected":false},"excerpt":{"rendered":"<p>Lac Sainte-Claire, 8 janvier. [\/Edit&nbsp;: plus je regarde cette s&eacute;rie de photos, plus j&rsquo;ai l&rsquo;impression d&rsquo;avoir &eacute;t&eacute; en Norv&egrave;ge samedi dernier.] [\/Edit 2&nbsp;: Quand l&rsquo;art te suce le sang, &ccedil;a devient de l&rsquo;art-tique.] [\/Edit 3&nbsp;: Ah ah.] &nbsp;The Dresden Dolls &ndash; Good Day<\/p>\n","protected":false},"author":1,"featured_media":24442,"comment_status":"open","ping_status":"open","sticky":false,"template":"","format":"standard","meta":{"_acf_changed":false,"ngg_post_thumbnail":0,"jetpack_post_was_ever_published":false,"_jetpack_newsletter_access":"","_jetpack_dont_email_post_to_subs":false,"_jetpack_newsletter_tier_id":0,"_jetpack_memberships_contains_paywalled_content":false,"_jetpack_memberships_contains_paid_content":false,"footnotes":"","jetpack_publicize_message":"","jetpack_publicize_feature_enabled":true,"jetpack_social_post_already_shared":false,"jetpack_social_options":{"image_generator_settings":{"template":"highway","default_image_id":0,"font":"","enabled":false},"version":2}},"categories":[3],"tags":[737,155,132,463,55,759,10667,752,54,10211,10334],"class_list":["post-503","post","type-post","status-publish","format-standard","has-post-thumbnail","hentry","category-dpc","tag-bleu","tag-ef-s-18-55-mm-f35-56-ii","tag-eos-20d","tag-dresden-dolls","tag-etats-unis","tag-good-day","tag-lac","tag-lac-sainte-claire","tag-michigan","tag-neige","tag-table"],"acf":[],"geo":{"latitude":42.5718498,"longitude":-82.7996597,"description":null},"jetpack_publicize_connections":[],"jetpack_featured_media_url":"https:\/\/www.wallendorff.com\/belogue\/wp-content\/uploads\/2015\/04\/20050112-hangar1.jpg","jetpack_shortlink":"https:\/\/wp.me\/p3b35P-87","jetpack_sharing_enabled":true,"jetpack-related-posts":[{"id":505,"url":"https:\/\/www.wallendorff.com\/belogue\/2005\/01\/11\/tres-pieds\/","url_meta":{"origin":503,"position":0},"title":"Tr&egrave;s pieds.","author":"dpc","date":"11 janvier 2005","format":false,"excerpt":"Lac Sainte-Claire, 8 janvier. [Oui oui, encore le lac Sainte-Claire] [Cette semaine, du lac Sainte-Claire, il y en aura plein.] [Enlevez pas\u00a0vos maillots de bain] \u00a0L\u00e6titia Sh\u00e9riff \u2014 Music Box","rel":"","context":"Dans &quot;DPC&quot;","block_context":{"text":"DPC","link":"https:\/\/www.wallendorff.com\/belogue\/category\/dpc\/"},"img":{"alt_text":"","src":"https:\/\/i0.wp.com\/www.wallendorff.com\/belogue\/wp-content\/uploads\/2015\/04\/20050111-pieds1.jpg?resize=350%2C200&ssl=1","width":350,"height":200,"srcset":"https:\/\/i0.wp.com\/www.wallendorff.com\/belogue\/wp-content\/uploads\/2015\/04\/20050111-pieds1.jpg?resize=350%2C200&ssl=1 1x, https:\/\/i0.wp.com\/www.wallendorff.com\/belogue\/wp-content\/uploads\/2015\/04\/20050111-pieds1.jpg?resize=525%2C300&ssl=1 1.5x, https:\/\/i0.wp.com\/www.wallendorff.com\/belogue\/wp-content\/uploads\/2015\/04\/20050111-pieds1.jpg?resize=700%2C400&ssl=1 2x"},"classes":[]},{"id":377,"url":"https:\/\/www.wallendorff.com\/belogue\/2005\/05\/12\/et-pendant-ce-temps-a-santa-claruz\/","url_meta":{"origin":503,"position":1},"title":"Et pendant ce temps, \u00e0 Santa-Claruz.","author":"dpc","date":"12 mai 2005","format":false,"excerpt":"Lac Sainte-Claire, D\u00e9troit, 8 janvier. [mais si, vous vous souvenez. C'\u00e9tait l\u00e0] Lac Sainte-Claire, D\u00e9troit, 8 mai. [photo pas moi] Conclusion: Quand vient le mois de mai, la neige, elle fond. [et l'arbre, il fleurit.] [et le bateau, il vogue.] [\u00c7a se voit, que je m'emmerde\u00a0?] \u00a0The Subways \u2013 1am","rel":"","context":"Dans &quot;DPC&quot;","block_context":{"text":"DPC","link":"https:\/\/www.wallendorff.com\/belogue\/category\/dpc\/"},"img":{"alt_text":"","src":"https:\/\/i0.wp.com\/www.wallendorff.com\/belogue\/wp-content\/uploads\/2015\/04\/20050512-31.jpg?resize=350%2C200&ssl=1","width":350,"height":200},"classes":[]},{"id":508,"url":"https:\/\/www.wallendorff.com\/belogue\/2005\/01\/09\/banc-crise\/","url_meta":{"origin":503,"position":2},"title":"Banc crise.","author":"dpc","date":"9 janvier 2005","format":false,"excerpt":"Lac Sainte-Claire, 8 janvier. \u00a0\u00c0 part \u00e7a, tout va bien. \u00a0Radiohead \u2013 Fake Plastic Trees","rel":"","context":"Dans &quot;DPC&quot;","block_context":{"text":"DPC","link":"https:\/\/www.wallendorff.com\/belogue\/category\/dpc\/"},"img":{"alt_text":"","src":"https:\/\/i0.wp.com\/www.wallendorff.com\/belogue\/wp-content\/uploads\/2015\/04\/20050109-banc1.jpg?resize=350%2C200&ssl=1","width":350,"height":200,"srcset":"https:\/\/i0.wp.com\/www.wallendorff.com\/belogue\/wp-content\/uploads\/2015\/04\/20050109-banc1.jpg?resize=350%2C200&ssl=1 1x, https:\/\/i0.wp.com\/www.wallendorff.com\/belogue\/wp-content\/uploads\/2015\/04\/20050109-banc1.jpg?resize=525%2C300&ssl=1 1.5x, https:\/\/i0.wp.com\/www.wallendorff.com\/belogue\/wp-content\/uploads\/2015\/04\/20050109-banc1.jpg?resize=700%2C400&ssl=1 2x"},"classes":[]},{"id":494,"url":"https:\/\/www.wallendorff.com\/belogue\/2005\/01\/19\/ares-comptant-pour-un\/","url_meta":{"origin":503,"position":3},"title":"Ares comptant pour un.","author":"dpc","date":"19 janvier 2005","format":false,"excerpt":"Lac Sainte-Claire, 8 janvier [Je vous ai bien eus, hein?] \u00a0Tom McRae \u2013 Bloodless","rel":"","context":"Dans &quot;DPC&quot;","block_context":{"text":"DPC","link":"https:\/\/www.wallendorff.com\/belogue\/category\/dpc\/"},"img":{"alt_text":"","src":"https:\/\/i0.wp.com\/www.wallendorff.com\/belogue\/wp-content\/uploads\/2015\/04\/20050119-barrieres1.jpg?resize=350%2C200&ssl=1","width":350,"height":200,"srcset":"https:\/\/i0.wp.com\/www.wallendorff.com\/belogue\/wp-content\/uploads\/2015\/04\/20050119-barrieres1.jpg?resize=350%2C200&ssl=1 1x, https:\/\/i0.wp.com\/www.wallendorff.com\/belogue\/wp-content\/uploads\/2015\/04\/20050119-barrieres1.jpg?resize=525%2C300&ssl=1 1.5x"},"classes":[]},{"id":495,"url":"https:\/\/www.wallendorff.com\/belogue\/2005\/01\/18\/quatre-glacons-dans-le-vent\/","url_meta":{"origin":503,"position":4},"title":"Quatre gla&ccedil;ons dans le vent.","author":"dpc","date":"18 janvier 2005","format":false,"excerpt":"[Allez, c'est la derni\u00e8re:] Lac Sainte-Claire, 8 janvier. \u00a0Kings of Leon \u2013 The Bucket","rel":"","context":"Dans &quot;DPC&quot;","block_context":{"text":"DPC","link":"https:\/\/www.wallendorff.com\/belogue\/category\/dpc\/"},"img":{"alt_text":"","src":"https:\/\/i0.wp.com\/www.wallendorff.com\/belogue\/wp-content\/uploads\/2015\/04\/20050118-lac1.jpg?resize=350%2C200&ssl=1","width":350,"height":200,"srcset":"https:\/\/i0.wp.com\/www.wallendorff.com\/belogue\/wp-content\/uploads\/2015\/04\/20050118-lac1.jpg?resize=350%2C200&ssl=1 1x, https:\/\/i0.wp.com\/www.wallendorff.com\/belogue\/wp-content\/uploads\/2015\/04\/20050118-lac1.jpg?resize=525%2C300&ssl=1 1.5x"},"classes":[]},{"id":500,"url":"https:\/\/www.wallendorff.com\/belogue\/2005\/01\/14\/sentiers-bons-heurts-j-entends-nos-curs\/","url_meta":{"origin":503,"position":5},"title":"Sentiers, bons heurts, j&rsquo;entends nos c&oelig;urs.","author":"dpc","date":"14 janvier 2005","format":false,"excerpt":"Lac Sainte-Claire, 8 janvier. \u00a0Depeche Mode \u2013 Little 15","rel":"","context":"Dans &quot;DPC&quot;","block_context":{"text":"DPC","link":"https:\/\/www.wallendorff.com\/belogue\/category\/dpc\/"},"img":{"alt_text":"","src":"https:\/\/i0.wp.com\/www.wallendorff.com\/belogue\/wp-content\/uploads\/2015\/04\/20050114-sentier1.jpg?resize=350%2C200&ssl=1","width":350,"height":200},"classes":[]}],"_links":{"self":[{"href":"https:\/\/www.wallendorff.com\/belogue\/wp-json\/wp\/v2\/posts\/503","targetHints":{"allow":["GET"]}}],"collection":[{"href":"https:\/\/www.wallendorff.com\/belogue\/wp-json\/wp\/v2\/posts"}],"about":[{"href":"https:\/\/www.wallendorff.com\/belogue\/wp-json\/wp\/v2\/types\/post"}],"author":[{"embeddable":true,"href":"https:\/\/www.wallendorff.com\/belogue\/wp-json\/wp\/v2\/users\/1"}],"replies":[{"embeddable":true,"href":"https:\/\/www.wallendorff.com\/belogue\/wp-json\/wp\/v2\/comments?post=503"}],"version-history":[{"count":1,"href":"https:\/\/www.wallendorff.com\/belogue\/wp-json\/wp\/v2\/posts\/503\/revisions"}],"predecessor-version":[{"id":15299,"href":"https:\/\/www.wallendorff.com\/belogue\/wp-json\/wp\/v2\/posts\/503\/revisions\/15299"}],"wp:featuredmedia":[{"embeddable":true,"href":"https:\/\/www.wallendorff.com\/belogue\/wp-json\/wp\/v2\/media\/24442"}],"wp:attachment":[{"href":"https:\/\/www.wallendorff.com\/belogue\/wp-json\/wp\/v2\/media?parent=503"}],"wp:term":[{"taxonomy":"category","embeddable":true,"href":"https:\/\/www.wallendorff.com\/belogue\/wp-json\/wp\/v2\/categories?post=503"},{"taxonomy":"post_tag","embeddable":true,"href":"https:\/\/www.wallendorff.com\/belogue\/wp-json\/wp\/v2\/tags?post=503"}],"curies":[{"name":"wp","href":"https:\/\/api.w.org\/{rel}","templated":true}]}}