{"id":50209,"date":"2021-12-14T10:59:34","date_gmt":"2021-12-14T08:59:34","guid":{"rendered":"https:\/\/www.wallendorff.com\/belogue\/?p=50209"},"modified":"2021-12-14T12:46:22","modified_gmt":"2021-12-14T10:46:22","slug":"pyramide-du-lferme","status":"publish","type":"post","link":"https:\/\/www.wallendorff.com\/belogue\/2021\/12\/14\/pyramide-du-lferme\/","title":{"rendered":"Pyramide du L&rsquo;ferme."},"content":{"rendered":"<div id=\"photo\"><img decoding=\"async\" src=\"https:\/\/www.wallendorff.com\/belogue\/wp-content\/uploads\/2021\/12\/20211214.jpg\"><br \/>\nPalais du Louvre, Paris, 19 octobre 2021.<\/div>\n<div id=\"bandeson\"><img decoding=\"async\" src=\"https:\/\/www.wallendorff.com\/belogue\/photo\/pochettes\/l\/lorde-solar_power.jpg\" align=\"left\"><a href=\"https:\/\/www.youtube.com\/watch?v=Cxt6EdHJrwA\"><em>The Path<\/em><\/a><br \/>\n<a href=\"https:\/\/www.lorde.co.nz\/\">Lorde<\/a>&nbsp;<\/div>\n","protected":false},"excerpt":{"rendered":"<p>Palais du Louvre, Paris, 19 octobre 2021. The Path Lorde&nbsp;<\/p>\n","protected":false},"author":1,"featured_media":50211,"comment_status":"open","ping_status":"open","sticky":false,"template":"","format":"standard","meta":{"_acf_changed":false,"ngg_post_thumbnail":0,"jetpack_post_was_ever_published":false,"_jetpack_newsletter_access":"","_jetpack_dont_email_post_to_subs":false,"_jetpack_newsletter_tier_id":0,"_jetpack_memberships_contains_paywalled_content":false,"_jetpack_memberships_contains_paid_content":false,"footnotes":"","jetpack_publicize_message":"","jetpack_publicize_feature_enabled":true,"jetpack_social_post_already_shared":true,"jetpack_social_options":{"image_generator_settings":{"template":"highway","default_image_id":0,"font":"","enabled":false},"version":2}},"categories":[3],"tags":[10182,11022,10359,13754,10311,10120,17279,14268,11024,10121,8280,11237,10098,16143,916,17530],"class_list":["post-50209","post","type-post","status-publish","format-standard","has-post-thumbnail","hentry","category-dpc","tag-10182","tag-coucher-de-soleil","tag-couple","tag-cour-carree-du-louvre","tag-dos","tag-france","tag-fujifilm-x-e4","tag-fujinon-xf-18-mm-f2-0","tag-grille","tag-ile-de-france","tag-lorde","tag-palais-du-louvre","tag-paris","tag-photo-de-rue","tag-pyramide-du-louvre","tag-the-path"],"acf":[],"geo":{"latitude":48.8608017,"longitude":2.3367727,"description":"Paris 01, \u00cele-de-France, 75001, FR"},"jetpack_publicize_connections":[],"jetpack_featured_media_url":"https:\/\/www.wallendorff.com\/belogue\/wp-content\/uploads\/2021\/12\/20211214.jpg","jetpack_shortlink":"https:\/\/wp.me\/p3b35P-d3P","jetpack_sharing_enabled":true,"jetpack-related-posts":[{"id":125717,"url":"https:\/\/www.wallendorff.com\/belogue\/2023\/07\/28\/losanges-laissent\/","url_meta":{"origin":50209,"position":0},"title":"Losanges laissent.","author":"dpc","date":"28 juillet 2023","format":false,"excerpt":"Palais du Louvre, Paris, 12 mai 2023.","rel":"","context":"Dans &quot;DPC&quot;","block_context":{"text":"DPC","link":"https:\/\/www.wallendorff.com\/belogue\/category\/dpc-en\/"},"img":{"alt_text":"","src":"https:\/\/i0.wp.com\/www.wallendorff.com\/belogue\/wp-content\/uploads\/2023\/07\/20230728.jpg?resize=350%2C200&ssl=1","width":350,"height":200,"srcset":"https:\/\/i0.wp.com\/www.wallendorff.com\/belogue\/wp-content\/uploads\/2023\/07\/20230728.jpg?resize=350%2C200&ssl=1 1x, https:\/\/i0.wp.com\/www.wallendorff.com\/belogue\/wp-content\/uploads\/2023\/07\/20230728.jpg?resize=525%2C300&ssl=1 1.5x, https:\/\/i0.wp.com\/www.wallendorff.com\/belogue\/wp-content\/uploads\/2023\/07\/20230728.jpg?resize=700%2C400&ssl=1 2x, https:\/\/i0.wp.com\/www.wallendorff.com\/belogue\/wp-content\/uploads\/2023\/07\/20230728.jpg?resize=1050%2C600&ssl=1 3x"},"classes":[]},{"id":127662,"url":"https:\/\/www.wallendorff.com\/belogue\/2024\/04\/02\/lueur-des-soirs-2\/","url_meta":{"origin":50209,"position":1},"title":"Lueur des soirs.","author":"dpc","date":"2 avril 2024","format":false,"excerpt":"Palais du Louvre, Paris, 8 f\u00e9vrier 2024.Toujours pris de toujours la m\u00eame flaque.","rel":"","context":"Dans &quot;DPC&quot;","block_context":{"text":"DPC","link":"https:\/\/www.wallendorff.com\/belogue\/category\/dpc\/"},"img":{"alt_text":"","src":"https:\/\/i0.wp.com\/www.wallendorff.com\/belogue\/wp-content\/uploads\/2024\/04\/20240402-scaled.jpg?resize=350%2C200&ssl=1","width":350,"height":200,"srcset":"https:\/\/i0.wp.com\/www.wallendorff.com\/belogue\/wp-content\/uploads\/2024\/04\/20240402-scaled.jpg?resize=350%2C200&ssl=1 1x, https:\/\/i0.wp.com\/www.wallendorff.com\/belogue\/wp-content\/uploads\/2024\/04\/20240402-scaled.jpg?resize=525%2C300&ssl=1 1.5x, https:\/\/i0.wp.com\/www.wallendorff.com\/belogue\/wp-content\/uploads\/2024\/04\/20240402-scaled.jpg?resize=700%2C400&ssl=1 2x, https:\/\/i0.wp.com\/www.wallendorff.com\/belogue\/wp-content\/uploads\/2024\/04\/20240402-scaled.jpg?resize=1050%2C600&ssl=1 3x, https:\/\/i0.wp.com\/www.wallendorff.com\/belogue\/wp-content\/uploads\/2024\/04\/20240402-scaled.jpg?resize=1400%2C800&ssl=1 4x"},"classes":[]},{"id":127197,"url":"https:\/\/www.wallendorff.com\/belogue\/2024\/01\/29\/pis-kepis-cake-collegue-rame\/","url_meta":{"origin":50209,"position":2},"title":"Pis k\u00e9pis, cake, coll\u00e8gue rame.","author":"dpc","date":"29 janvier 2024","format":false,"excerpt":"Palais du Louvre, 11 d\u00e9cembre 2023. Toujours depuis la m\u00eame flaque. Un jour, je ferai une s\u00e9rie rien que sur elle.","rel":"","context":"Dans &quot;DPC&quot;","block_context":{"text":"DPC","link":"https:\/\/www.wallendorff.com\/belogue\/category\/dpc\/"},"img":{"alt_text":"","src":"https:\/\/i0.wp.com\/www.wallendorff.com\/belogue\/wp-content\/uploads\/2024\/01\/20240129.jpg?resize=350%2C200&ssl=1","width":350,"height":200,"srcset":"https:\/\/i0.wp.com\/www.wallendorff.com\/belogue\/wp-content\/uploads\/2024\/01\/20240129.jpg?resize=350%2C200&ssl=1 1x, https:\/\/i0.wp.com\/www.wallendorff.com\/belogue\/wp-content\/uploads\/2024\/01\/20240129.jpg?resize=525%2C300&ssl=1 1.5x, https:\/\/i0.wp.com\/www.wallendorff.com\/belogue\/wp-content\/uploads\/2024\/01\/20240129.jpg?resize=700%2C400&ssl=1 2x, https:\/\/i0.wp.com\/www.wallendorff.com\/belogue\/wp-content\/uploads\/2024\/01\/20240129.jpg?resize=1050%2C600&ssl=1 3x"},"classes":[]},{"id":43810,"url":"https:\/\/www.wallendorff.com\/belogue\/2019\/09\/30\/nuits-bleues\/","url_meta":{"origin":50209,"position":3},"title":"Nuits bleues.","author":"dpc","date":"30 septembre 2019","format":false,"excerpt":"Palais du Louvre, Paris, 7 ao\u00fbt 2019. U (Man Like) Bon Iver","rel":"","context":"Dans &quot;DPC&quot;","block_context":{"text":"DPC","link":"https:\/\/www.wallendorff.com\/belogue\/category\/dpc\/"},"img":{"alt_text":"Palais du Louvre, Paris, 7 ao\u00fbt 2019.","src":"https:\/\/i0.wp.com\/www.wallendorff.com\/belogue\/wp-content\/uploads\/2019\/09\/20190930.jpg?resize=350%2C200&ssl=1","width":350,"height":200,"srcset":"https:\/\/i0.wp.com\/www.wallendorff.com\/belogue\/wp-content\/uploads\/2019\/09\/20190930.jpg?resize=350%2C200&ssl=1 1x, https:\/\/i0.wp.com\/www.wallendorff.com\/belogue\/wp-content\/uploads\/2019\/09\/20190930.jpg?resize=525%2C300&ssl=1 1.5x, https:\/\/i0.wp.com\/www.wallendorff.com\/belogue\/wp-content\/uploads\/2019\/09\/20190930.jpg?resize=700%2C400&ssl=1 2x"},"classes":[]},{"id":45704,"url":"https:\/\/www.wallendorff.com\/belogue\/2020\/05\/11\/into-the-wide-196\/","url_meta":{"origin":50209,"position":4},"title":"Into the wide #196.","author":"dpc","date":"11 mai 2020","format":false,"excerpt":"Palais du Louvre, Paris, 17 f\u00e9vrier 2020. How to Disappear Lana Del Rey","rel":"","context":"Dans &quot;Into the wide&quot;","block_context":{"text":"Into the wide","link":"https:\/\/www.wallendorff.com\/belogue\/category\/into-the-wide\/"},"img":{"alt_text":"Palais du Louvre, Paris, 17 f\u00e9vrier 2020.","src":"https:\/\/i0.wp.com\/www.wallendorff.com\/belogue\/wp-content\/uploads\/2020\/05\/20200511.jpg?resize=350%2C200&ssl=1","width":350,"height":200,"srcset":"https:\/\/i0.wp.com\/www.wallendorff.com\/belogue\/wp-content\/uploads\/2020\/05\/20200511.jpg?resize=350%2C200&ssl=1 1x, https:\/\/i0.wp.com\/www.wallendorff.com\/belogue\/wp-content\/uploads\/2020\/05\/20200511.jpg?resize=525%2C300&ssl=1 1.5x, https:\/\/i0.wp.com\/www.wallendorff.com\/belogue\/wp-content\/uploads\/2020\/05\/20200511.jpg?resize=700%2C400&ssl=1 2x, https:\/\/i0.wp.com\/www.wallendorff.com\/belogue\/wp-content\/uploads\/2020\/05\/20200511.jpg?resize=1050%2C600&ssl=1 3x"},"classes":[]},{"id":45708,"url":"https:\/\/www.wallendorff.com\/belogue\/2020\/05\/13\/into-the-wide-197\/","url_meta":{"origin":50209,"position":5},"title":"Into the wide #197.","author":"dpc","date":"13 mai 2020","format":false,"excerpt":"Palais du Louvre, Paris, 17 f\u00e9vrier 2020. Bonny Light Horseman Bonny Light Horseman","rel":"","context":"Dans &quot;Into the wide&quot;","block_context":{"text":"Into the wide","link":"https:\/\/www.wallendorff.com\/belogue\/category\/into-the-wide\/"},"img":{"alt_text":"Palais du Louvre, Paris, 17 f\u00e9vrier 2020.","src":"https:\/\/i0.wp.com\/www.wallendorff.com\/belogue\/wp-content\/uploads\/2020\/05\/20200513.jpg?resize=350%2C200&ssl=1","width":350,"height":200,"srcset":"https:\/\/i0.wp.com\/www.wallendorff.com\/belogue\/wp-content\/uploads\/2020\/05\/20200513.jpg?resize=350%2C200&ssl=1 1x, https:\/\/i0.wp.com\/www.wallendorff.com\/belogue\/wp-content\/uploads\/2020\/05\/20200513.jpg?resize=525%2C300&ssl=1 1.5x, https:\/\/i0.wp.com\/www.wallendorff.com\/belogue\/wp-content\/uploads\/2020\/05\/20200513.jpg?resize=700%2C400&ssl=1 2x, https:\/\/i0.wp.com\/www.wallendorff.com\/belogue\/wp-content\/uploads\/2020\/05\/20200513.jpg?resize=1050%2C600&ssl=1 3x"},"classes":[]}],"_links":{"self":[{"href":"https:\/\/www.wallendorff.com\/belogue\/wp-json\/wp\/v2\/posts\/50209","targetHints":{"allow":["GET"]}}],"collection":[{"href":"https:\/\/www.wallendorff.com\/belogue\/wp-json\/wp\/v2\/posts"}],"about":[{"href":"https:\/\/www.wallendorff.com\/belogue\/wp-json\/wp\/v2\/types\/post"}],"author":[{"embeddable":true,"href":"https:\/\/www.wallendorff.com\/belogue\/wp-json\/wp\/v2\/users\/1"}],"replies":[{"embeddable":true,"href":"https:\/\/www.wallendorff.com\/belogue\/wp-json\/wp\/v2\/comments?post=50209"}],"version-history":[{"count":2,"href":"https:\/\/www.wallendorff.com\/belogue\/wp-json\/wp\/v2\/posts\/50209\/revisions"}],"predecessor-version":[{"id":50212,"href":"https:\/\/www.wallendorff.com\/belogue\/wp-json\/wp\/v2\/posts\/50209\/revisions\/50212"}],"wp:featuredmedia":[{"embeddable":true,"href":"https:\/\/www.wallendorff.com\/belogue\/wp-json\/wp\/v2\/media\/50211"}],"wp:attachment":[{"href":"https:\/\/www.wallendorff.com\/belogue\/wp-json\/wp\/v2\/media?parent=50209"}],"wp:term":[{"taxonomy":"category","embeddable":true,"href":"https:\/\/www.wallendorff.com\/belogue\/wp-json\/wp\/v2\/categories?post=50209"},{"taxonomy":"post_tag","embeddable":true,"href":"https:\/\/www.wallendorff.com\/belogue\/wp-json\/wp\/v2\/tags?post=50209"}],"curies":[{"name":"wp","href":"https:\/\/api.w.org\/{rel}","templated":true}]}}