{"id":50196,"date":"2021-12-11T18:48:13","date_gmt":"2021-12-11T16:48:13","guid":{"rendered":"https:\/\/www.wallendorff.com\/belogue\/?p=50196"},"modified":"2021-12-11T18:48:16","modified_gmt":"2021-12-11T16:48:16","slug":"into-the-wide-235","status":"publish","type":"post","link":"https:\/\/www.wallendorff.com\/belogue\/2021\/12\/11\/into-the-wide-235\/","title":{"rendered":"Into the wide #235"},"content":{"rendered":"\t\t<div data-elementor-type=\"wp-post\" data-elementor-id=\"50196\" class=\"elementor elementor-50196\" data-elementor-post-type=\"post\">\n\t\t\t\t\t\t<section class=\"elementor-section elementor-top-section elementor-element elementor-element-7bbd62f elementor-section-boxed elementor-section-height-default elementor-section-height-default\" data-id=\"7bbd62f\" data-element_type=\"section\" data-e-type=\"section\">\n\t\t\t\t\t\t<div class=\"elementor-container elementor-column-gap-default\">\n\t\t\t\t\t<div class=\"elementor-column elementor-col-100 elementor-top-column elementor-element elementor-element-7a479fb\" data-id=\"7a479fb\" data-element_type=\"column\" data-e-type=\"column\">\n\t\t\t<div class=\"elementor-widget-wrap elementor-element-populated\">\n\t\t\t\t\t\t<div class=\"elementor-element elementor-element-da7d0de elementor-widget elementor-widget-text-editor\" data-id=\"da7d0de\" data-element_type=\"widget\" data-e-type=\"widget\" data-widget_type=\"text-editor.default\">\n\t\t\t\t<div class=\"elementor-widget-container\">\n\t\t\t\t\t\t\t\t\t<div id=\"photo\"><img decoding=\"async\" src=\"https:\/\/www.wallendorff.com\/belogue\/wp-content\/uploads\/2021\/12\/20211211.jpg\"><br\/>\nPont Samuel Beckett, Dublin, 9 octobre 2021.<\/div>\t\t\t\t\t\t\t\t<\/div>\n\t\t\t\t<\/div>\n\t\t\t\t<div class=\"elementor-element elementor-element-ea54c93 elementor-widget elementor-widget-text-editor\" data-id=\"ea54c93\" data-element_type=\"widget\" data-e-type=\"widget\" data-widget_type=\"text-editor.default\">\n\t\t\t\t<div class=\"elementor-widget-container\">\n\t\t\t\t\t\t\t\t\t<div id=\"bandeson\"><img decoding=\"async\" src=\"https:\/\/www.wallendorff.com\/belogue\/photo\/pochettes\/w\/wolf_alice-blue_weekend.jpg\" align=\"left\"><a href=\"https:\/\/www.youtube.com\/watch?v=Y1kqqqZF8cs\"><em>The Beach II<\/em><\/a><br \/>\n<a href=\"https:\/\/www.wolfalice.co.uk\/\">Wolf Alice<\/a>&nbsp;<\/div>\t\t\t\t\t\t\t\t<\/div>\n\t\t\t\t<\/div>\n\t\t\t\t\t<\/div>\n\t\t<\/div>\n\t\t\t\t\t<\/div>\n\t\t<\/section>\n\t\t\t\t<\/div>\n\t\t","protected":false},"excerpt":{"rendered":"<p>Pont Samuel Beckett, Dublin, 9 octobre 2021.The Beach II Wolf Alice&nbsp;<\/p>\n","protected":false},"author":1,"featured_media":50198,"comment_status":"open","ping_status":"open","sticky":false,"template":"","format":"standard","meta":{"_acf_changed":false,"ngg_post_thumbnail":0,"jetpack_post_was_ever_published":false,"_jetpack_newsletter_access":"","_jetpack_dont_email_post_to_subs":false,"_jetpack_newsletter_tier_id":0,"_jetpack_memberships_contains_paywalled_content":false,"_jetpack_memberships_contains_paid_content":false,"footnotes":"","jetpack_publicize_message":"","jetpack_publicize_feature_enabled":true,"jetpack_social_post_already_shared":true,"jetpack_social_options":{"image_generator_settings":{"template":"highway","default_image_id":0,"font":"","enabled":false},"version":2}},"categories":[7356],"tags":[11897,10326,8538,15878,14890,10116,11323,10592,17528,17529,12510],"class_list":["post-50196","post","type-post","status-publish","format-standard","has-post-thumbnail","hentry","category-into-the-wide","tag-comte-de-dublin","tag-crepuscule","tag-dublin","tag-fujifilm-x-t3","tag-fujinon-xf-10-24-mm-f-4-r-ois","tag-irlande","tag-panoramique","tag-pose-longue","tag-samuel-beckett-bridge","tag-the-beach-ii","tag-wolf-alice"],"acf":[],"geo":{"latitude":53.3461266,"longitude":-6.2399125,"description":null},"jetpack_publicize_connections":[],"jetpack_featured_media_url":"https:\/\/www.wallendorff.com\/belogue\/wp-content\/uploads\/2021\/12\/20211211.jpg","jetpack_shortlink":"https:\/\/wp.me\/p3b35P-d3C","jetpack_sharing_enabled":true,"jetpack-related-posts":[{"id":50413,"url":"https:\/\/www.wallendorff.com\/belogue\/2022\/01\/03\/into-the-wide-238\/","url_meta":{"origin":50196,"position":0},"title":"Into the wide #238.","author":"dpc","date":"3 janvier 2022","format":false,"excerpt":"Pont Samuel Beckett, Dublin, 9 octobre 2021.Mood Ring Lorde\u00a0","rel":"","context":"Dans &quot;Into the wide&quot;","block_context":{"text":"Into the wide","link":"https:\/\/www.wallendorff.com\/belogue\/category\/into-the-wide\/"},"img":{"alt_text":"","src":"https:\/\/i0.wp.com\/www.wallendorff.com\/belogue\/wp-content\/uploads\/2022\/01\/20220103.jpg?resize=350%2C200&ssl=1","width":350,"height":200,"srcset":"https:\/\/i0.wp.com\/www.wallendorff.com\/belogue\/wp-content\/uploads\/2022\/01\/20220103.jpg?resize=350%2C200&ssl=1 1x, https:\/\/i0.wp.com\/www.wallendorff.com\/belogue\/wp-content\/uploads\/2022\/01\/20220103.jpg?resize=525%2C300&ssl=1 1.5x, https:\/\/i0.wp.com\/www.wallendorff.com\/belogue\/wp-content\/uploads\/2022\/01\/20220103.jpg?resize=700%2C400&ssl=1 2x, https:\/\/i0.wp.com\/www.wallendorff.com\/belogue\/wp-content\/uploads\/2022\/01\/20220103.jpg?resize=1050%2C600&ssl=1 3x"},"classes":[]},{"id":50312,"url":"https:\/\/www.wallendorff.com\/belogue\/2021\/12\/18\/into-the-wide-236\/","url_meta":{"origin":50196,"position":1},"title":"Into the wide #236.","author":"dpc","date":"18 d\u00e9cembre 2021","format":false,"excerpt":"Pont Samuel Beckett, Dublin, 9 octobre 2021.Ne g\u00e2che pas l'aventure humaine The Limi\u00f1anas & Laurent Garnier","rel":"","context":"Dans &quot;Into the wide&quot;","block_context":{"text":"Into the wide","link":"https:\/\/www.wallendorff.com\/belogue\/category\/into-the-wide\/"},"img":{"alt_text":"","src":"https:\/\/i0.wp.com\/www.wallendorff.com\/belogue\/wp-content\/uploads\/2021\/12\/20211218.jpg?resize=350%2C200&ssl=1","width":350,"height":200,"srcset":"https:\/\/i0.wp.com\/www.wallendorff.com\/belogue\/wp-content\/uploads\/2021\/12\/20211218.jpg?resize=350%2C200&ssl=1 1x, https:\/\/i0.wp.com\/www.wallendorff.com\/belogue\/wp-content\/uploads\/2021\/12\/20211218.jpg?resize=525%2C300&ssl=1 1.5x, https:\/\/i0.wp.com\/www.wallendorff.com\/belogue\/wp-content\/uploads\/2021\/12\/20211218.jpg?resize=700%2C400&ssl=1 2x, https:\/\/i0.wp.com\/www.wallendorff.com\/belogue\/wp-content\/uploads\/2021\/12\/20211218.jpg?resize=1050%2C600&ssl=1 3x"},"classes":[]},{"id":50166,"url":"https:\/\/www.wallendorff.com\/belogue\/2021\/12\/07\/dublin-by-night\/","url_meta":{"origin":50196,"position":2},"title":"Dublin by night","author":"dpc","date":"7 d\u00e9cembre 2021","format":false,"excerpt":"","rel":"","context":"Dans &quot;DPC&quot;","block_context":{"text":"DPC","link":"https:\/\/www.wallendorff.com\/belogue\/category\/dpc\/"},"img":{"alt_text":"","src":"https:\/\/i0.wp.com\/www.wallendorff.com\/belogue\/wp-content\/uploads\/2021\/12\/20211207-09.jpg?resize=350%2C200&ssl=1","width":350,"height":200,"srcset":"https:\/\/i0.wp.com\/www.wallendorff.com\/belogue\/wp-content\/uploads\/2021\/12\/20211207-09.jpg?resize=350%2C200&ssl=1 1x, https:\/\/i0.wp.com\/www.wallendorff.com\/belogue\/wp-content\/uploads\/2021\/12\/20211207-09.jpg?resize=525%2C300&ssl=1 1.5x, https:\/\/i0.wp.com\/www.wallendorff.com\/belogue\/wp-content\/uploads\/2021\/12\/20211207-09.jpg?resize=700%2C400&ssl=1 2x, https:\/\/i0.wp.com\/www.wallendorff.com\/belogue\/wp-content\/uploads\/2021\/12\/20211207-09.jpg?resize=1050%2C600&ssl=1 3x"},"classes":[]},{"id":130999,"url":"https:\/\/www.wallendorff.com\/belogue\/2024\/11\/04\/pearl-jam-marlay-park-rathfarnham-x-slainte-dublin\/","url_meta":{"origin":50196,"position":3},"title":"Pearl Jam @ Marlay Park, Rathfarnham \u00d7 Sl\u00e1inte Dublin, 21 \u2013 23 juin 2024.","author":"dpc","date":"4 novembre 2024","format":false,"excerpt":"Release | Low Light | Elderly Woman Behind the Counter in a Small Town | Corduroy | Given to Fly | Scared of Fear | Eruption (Van Halen cover) (Mike McCready solo instrumental) | React, Respond | Wreckage | Wishlist | Even Flow | Dark Matter | Daughter \/ Give\u2026","rel":"","context":"Dans &quot;Alive&quot;","block_context":{"text":"Alive","link":"https:\/\/www.wallendorff.com\/belogue\/category\/alive\/"},"img":{"alt_text":"","src":"https:\/\/i0.wp.com\/www.wallendorff.com\/belogue\/wp-content\/uploads\/2024\/11\/20241104-24.jpg?resize=350%2C200&ssl=1","width":350,"height":200,"srcset":"https:\/\/i0.wp.com\/www.wallendorff.com\/belogue\/wp-content\/uploads\/2024\/11\/20241104-24.jpg?resize=350%2C200&ssl=1 1x, https:\/\/i0.wp.com\/www.wallendorff.com\/belogue\/wp-content\/uploads\/2024\/11\/20241104-24.jpg?resize=525%2C300&ssl=1 1.5x, https:\/\/i0.wp.com\/www.wallendorff.com\/belogue\/wp-content\/uploads\/2024\/11\/20241104-24.jpg?resize=700%2C400&ssl=1 2x, https:\/\/i0.wp.com\/www.wallendorff.com\/belogue\/wp-content\/uploads\/2024\/11\/20241104-24.jpg?resize=1050%2C600&ssl=1 3x"},"classes":[]},{"id":51203,"url":"https:\/\/www.wallendorff.com\/belogue\/2022\/04\/04\/into-the-wide-245\/","url_meta":{"origin":50196,"position":4},"title":"Into the wide #245.","author":"dpc","date":"4 avril 2022","format":false,"excerpt":"Schinkelplatz, Berlin, 18 f\u00e9vrier 2022.The Last Man on Earth Wolf Alice","rel":"","context":"Dans &quot;Into the wide&quot;","block_context":{"text":"Into the wide","link":"https:\/\/www.wallendorff.com\/belogue\/category\/into-the-wide\/"},"img":{"alt_text":"","src":"https:\/\/i0.wp.com\/www.wallendorff.com\/belogue\/wp-content\/uploads\/2022\/04\/20220404.jpg?resize=350%2C200&ssl=1","width":350,"height":200,"srcset":"https:\/\/i0.wp.com\/www.wallendorff.com\/belogue\/wp-content\/uploads\/2022\/04\/20220404.jpg?resize=350%2C200&ssl=1 1x, https:\/\/i0.wp.com\/www.wallendorff.com\/belogue\/wp-content\/uploads\/2022\/04\/20220404.jpg?resize=525%2C300&ssl=1 1.5x, https:\/\/i0.wp.com\/www.wallendorff.com\/belogue\/wp-content\/uploads\/2022\/04\/20220404.jpg?resize=700%2C400&ssl=1 2x, https:\/\/i0.wp.com\/www.wallendorff.com\/belogue\/wp-content\/uploads\/2022\/04\/20220404.jpg?resize=1050%2C600&ssl=1 3x"},"classes":[]},{"id":22817,"url":"https:\/\/www.wallendorff.com\/belogue\/2014\/05\/23\/into-the-wide-28\/","url_meta":{"origin":50196,"position":5},"title":"Into the wide #28.","author":"dpc","date":"23 mai 2014","format":false,"excerpt":"Trinity College, Dublin, 12 avril. Into Gold Matthew and the Atlas","rel":"","context":"Dans &quot;Into the wide&quot;","block_context":{"text":"Into the wide","link":"https:\/\/www.wallendorff.com\/belogue\/category\/into-the-wide\/"},"img":{"alt_text":"","src":"https:\/\/i0.wp.com\/www.wallendorff.com\/belogue\/wp-content\/uploads\/2015\/04\/201405231.jpg?resize=350%2C200&ssl=1","width":350,"height":200,"srcset":"https:\/\/i0.wp.com\/www.wallendorff.com\/belogue\/wp-content\/uploads\/2015\/04\/201405231.jpg?resize=350%2C200&ssl=1 1x, https:\/\/i0.wp.com\/www.wallendorff.com\/belogue\/wp-content\/uploads\/2015\/04\/201405231.jpg?resize=525%2C300&ssl=1 1.5x, https:\/\/i0.wp.com\/www.wallendorff.com\/belogue\/wp-content\/uploads\/2015\/04\/201405231.jpg?resize=700%2C400&ssl=1 2x"},"classes":[]}],"_links":{"self":[{"href":"https:\/\/www.wallendorff.com\/belogue\/wp-json\/wp\/v2\/posts\/50196","targetHints":{"allow":["GET"]}}],"collection":[{"href":"https:\/\/www.wallendorff.com\/belogue\/wp-json\/wp\/v2\/posts"}],"about":[{"href":"https:\/\/www.wallendorff.com\/belogue\/wp-json\/wp\/v2\/types\/post"}],"author":[{"embeddable":true,"href":"https:\/\/www.wallendorff.com\/belogue\/wp-json\/wp\/v2\/users\/1"}],"replies":[{"embeddable":true,"href":"https:\/\/www.wallendorff.com\/belogue\/wp-json\/wp\/v2\/comments?post=50196"}],"version-history":[{"count":11,"href":"https:\/\/www.wallendorff.com\/belogue\/wp-json\/wp\/v2\/posts\/50196\/revisions"}],"predecessor-version":[{"id":50208,"href":"https:\/\/www.wallendorff.com\/belogue\/wp-json\/wp\/v2\/posts\/50196\/revisions\/50208"}],"wp:featuredmedia":[{"embeddable":true,"href":"https:\/\/www.wallendorff.com\/belogue\/wp-json\/wp\/v2\/media\/50198"}],"wp:attachment":[{"href":"https:\/\/www.wallendorff.com\/belogue\/wp-json\/wp\/v2\/media?parent=50196"}],"wp:term":[{"taxonomy":"category","embeddable":true,"href":"https:\/\/www.wallendorff.com\/belogue\/wp-json\/wp\/v2\/categories?post=50196"},{"taxonomy":"post_tag","embeddable":true,"href":"https:\/\/www.wallendorff.com\/belogue\/wp-json\/wp\/v2\/tags?post=50196"}],"curies":[{"name":"wp","href":"https:\/\/api.w.org\/{rel}","templated":true}]}}