{"id":5019,"date":"2009-11-10T10:45:11","date_gmt":"2009-11-10T09:45:11","guid":{"rendered":"http:\/\/www.po-l.com\/belogue\/?p=5019"},"modified":"2012-01-19T12:51:38","modified_gmt":"2012-01-19T10:51:38","slug":"oh-blue-show-me-something-new","status":"publish","type":"post","link":"https:\/\/www.wallendorff.com\/belogue\/2009\/11\/10\/oh-blue-show-me-something-new\/","title":{"rendered":"Oh blue show me something new."},"content":{"rendered":"<div id=\"photo\">\n<p><img decoding=\"async\" src=\"https:\/\/www.wallendorff.com\/belogue\/photo\/2009\/11\/20091110.jpg\" \/><br \/>\nClo\u00eetre des Billettes, Paris, 27 juin.<\/p>\n<\/div>\n<p>Et en revoyant <a href=\"http:\/\/www.youtube.com\/watch?v=S7wFpMJr_hQ\">&ccedil;a<\/a> je r&eacute;alise que si <em>Empire Records<\/em> semble subitement tout vieux ce n&rsquo;est pas &agrave; cause d&rsquo;Anthony LaPaglia avec plein de cheveux, Liv Tyler et Ren&eacute;e Zellwegger toutes jeunes ou le fait que la tenue cool en vigueur est un djine trou&eacute; avec le pull que Kurt Cobain portait pour l&rsquo;Unplugged de Nirvana&nbsp;; c&rsquo;est qu&rsquo;&agrave; la fin de la sc&egrave;ne on voit clairement <em>des gens faire la queue pour acheter des disques<\/em>. Mon dieu comme c&rsquo;est loin le XX<sup>e<\/sup> si&egrave;cle.<\/p>\n<div id=\"bandeson\">\n<p><img decoding=\"async\" src=\"https:\/\/www.wallendorff.com\/belogue\/photo\/pochettes\/v\/verve_the-a_storm_in_heaven.jpg\" align=\"left\" \/>&nbsp;<a href=\"http:\/\/www.theverve.co.uk\/\">The Verve<\/a> &ndash; <em>Blue<\/em><\/p>\n<\/div>\n","protected":false},"excerpt":{"rendered":"<p>Clo\u00eetre des Billettes, Paris, 27 juin. Et en revoyant &ccedil;a je r&eacute;alise que si Empire Records semble subitement tout vieux ce n&rsquo;est pas &agrave; cause d&rsquo;Anthony LaPaglia avec plein de cheveux, Liv Tyler et Ren&eacute;e Zellwegger toutes jeunes ou le fait que la tenue cool en vigueur est un djine trou&eacute; avec le pull que&hellip;<\/p>\n","protected":false},"author":1,"featured_media":25585,"comment_status":"open","ping_status":"open","sticky":false,"template":"","format":"standard","meta":{"_acf_changed":false,"ngg_post_thumbnail":0,"jetpack_post_was_ever_published":false,"_jetpack_newsletter_access":"","_jetpack_dont_email_post_to_subs":false,"_jetpack_newsletter_tier_id":0,"_jetpack_memberships_contains_paywalled_content":false,"_jetpack_memberships_contains_paid_content":false,"footnotes":"","jetpack_publicize_message":"","jetpack_publicize_feature_enabled":true,"jetpack_social_post_already_shared":false,"jetpack_social_options":{"image_generator_settings":{"template":"highway","default_image_id":0,"font":"","enabled":false},"version":2}},"categories":[3],"tags":[10277,737,3217,2571,2615,10144,3700,3701,3218,10120,10121,10599,10098,10360,10227,2182],"class_list":["post-5019","post","type-post","status-publish","format-standard","has-post-thumbnail","hentry","category-dpc","tag-10277","tag-bleu","tag-blue","tag-ef-16-35-mm-f28l-ii-usm","tag-eos-5d-mark-ii","tag-ciel","tag-cloitre","tag-cloitre-des-billettes","tag-empire-records","tag-france","tag-ile-de-france","tag-nuage","tag-paris","tag-rue-des-archives","tag-statue","tag-the-verve"],"acf":[],"geo":{"latitude":48.8580933,"longitude":2.3551781,"description":null},"jetpack_publicize_connections":[],"jetpack_featured_media_url":"https:\/\/www.wallendorff.com\/belogue\/wp-content\/uploads\/2015\/04\/200911101.jpg","jetpack_shortlink":"https:\/\/wp.me\/p3b35P-1iX","jetpack_sharing_enabled":true,"jetpack-related-posts":[{"id":3918,"url":"https:\/\/www.wallendorff.com\/belogue\/2009\/02\/18\/grandes-sorgues\/","url_meta":{"origin":5019,"position":0},"title":"Grandes sorgues.","author":"dpc","date":"18 f\u00e9vrier 2009","format":false,"excerpt":"Rue du Clo\u00eetre Notre-Dame, Paris, 13 janvier. Y a quand m\u00eame des gens, dans la vie, \u00e7a fait du bien de les entendre \u00e0 nouveau . \u00a0Ghinzu \u2013 Cold Love","rel":"","context":"Dans &quot;DPC&quot;","block_context":{"text":"DPC","link":"https:\/\/www.wallendorff.com\/belogue\/category\/dpc\/"},"img":{"alt_text":"","src":"https:\/\/i0.wp.com\/www.wallendorff.com\/belogue\/wp-content\/uploads\/2015\/04\/200902181.jpg?resize=350%2C200&ssl=1","width":350,"height":200,"srcset":"https:\/\/i0.wp.com\/www.wallendorff.com\/belogue\/wp-content\/uploads\/2015\/04\/200902181.jpg?resize=350%2C200&ssl=1 1x, https:\/\/i0.wp.com\/www.wallendorff.com\/belogue\/wp-content\/uploads\/2015\/04\/200902181.jpg?resize=525%2C300&ssl=1 1.5x"},"classes":[]},{"id":111,"url":"https:\/\/www.wallendorff.com\/belogue\/2006\/03\/30\/monte-et-des-entre\/","url_meta":{"origin":5019,"position":1},"title":"Monte et d\u00e9s-entre.","author":"dpc","date":"30 mars 2006","format":false,"excerpt":"Rue du Four du Clo\u00eetre, Metz, 25 mars. Se lever \u00e0 5h30, Se faire arr\u00eater pour photographiage de m\u00e9tro sauvage \u00e0 6h15, \u00catre rendu malade par une jambe perdue \u00e0 6h51, Entamer un voyage \u00e0 7h01, Repenser \u00e0 la jambe \u00e0 12h16, Continuer le voyage \u00e0 13h02, R\u00e9aliser qu'\u00eatre rock\u2026","rel":"","context":"Dans &quot;DPC&quot;","block_context":{"text":"DPC","link":"https:\/\/www.wallendorff.com\/belogue\/category\/dpc\/"},"img":{"alt_text":"","src":"https:\/\/i0.wp.com\/www.wallendorff.com\/belogue\/wp-content\/uploads\/2015\/04\/200603301.jpg?resize=350%2C200&ssl=1","width":350,"height":200},"classes":[]},{"id":21937,"url":"https:\/\/www.wallendorff.com\/belogue\/2013\/10\/29\/ni-puce-ni-sous-mite\/","url_meta":{"origin":5019,"position":2},"title":"Ni puce, ni sous-mite.","author":"dpc","date":"29 octobre 2013","format":false,"excerpt":"Clo\u00eetre des R\u00e9collets, Metz, 14 septembre. Warm\/Happy The Lonely Forest","rel":"","context":"Dans &quot;DPC&quot;","block_context":{"text":"DPC","link":"https:\/\/www.wallendorff.com\/belogue\/category\/dpc\/"},"img":{"alt_text":"","src":"https:\/\/i0.wp.com\/www.wallendorff.com\/belogue\/wp-content\/uploads\/2015\/04\/201310291.jpg?resize=350%2C200&ssl=1","width":350,"height":200,"srcset":"https:\/\/i0.wp.com\/www.wallendorff.com\/belogue\/wp-content\/uploads\/2015\/04\/201310291.jpg?resize=350%2C200&ssl=1 1x, https:\/\/i0.wp.com\/www.wallendorff.com\/belogue\/wp-content\/uploads\/2015\/04\/201310291.jpg?resize=525%2C300&ssl=1 1.5x, https:\/\/i0.wp.com\/www.wallendorff.com\/belogue\/wp-content\/uploads\/2015\/04\/201310291.jpg?resize=700%2C400&ssl=1 2x"},"classes":[]},{"id":184,"url":"https:\/\/www.wallendorff.com\/belogue\/2006\/06\/29\/j-ai-beau-etre-matinal-j-ai-mal\/","url_meta":{"origin":5019,"position":3},"title":"J&rsquo;ai beau &ecirc;tre matinal, j&rsquo;ai mal.","author":"dpc","date":"29 juin 2006","format":false,"excerpt":"Rue du Clo\u00eetre Notre-Dame, Paris, 28 juin. Maintenant je sais pourquoi je n'avais plus fait d'ap\u00e9ro du mercredi soir depuis 6 mois. Le probl\u00e8me de l'ap\u00e9ro du mercredi soir, au final, c'est le jeudi matin. Enfin au moins j'aurai parl\u00e9 anglais. Avec la meilleure copine de l'ex-colloc de Chris Martin,\u2026","rel":"","context":"Dans &quot;DPC&quot;","block_context":{"text":"DPC","link":"https:\/\/www.wallendorff.com\/belogue\/category\/dpc\/"},"img":{"alt_text":"","src":"https:\/\/i0.wp.com\/www.wallendorff.com\/belogue\/wp-content\/uploads\/2015\/04\/200606291.jpg?resize=350%2C200&ssl=1","width":350,"height":200},"classes":[]},{"id":3371,"url":"https:\/\/www.wallendorff.com\/belogue\/2008\/09\/03\/rock-en-seine-2008-3\/","url_meta":{"origin":5019,"position":4},"title":"Rock en Seine 2008 #3.","author":"dpc","date":"3 septembre 2008","format":false,"excerpt":"En attendant Jamie Leaderprice, sc\u00e8ne de la Cascade, 29 ao\u00fbt. Salut le toi. Si comme Jean-Jean et K\u00e9vin, tu aimes voir le monde sans bouger de la verte pelouse qui tapisse ton repaire, \u00e7a tombe bien, j'ai officiellement termin\u00e91 la constitution de la carte du monde d\u00e9p\u00e9cien, une carte super-longue\u2026","rel":"","context":"Dans &quot;Alive&quot;","block_context":{"text":"Alive","link":"https:\/\/www.wallendorff.com\/belogue\/category\/alive\/"},"img":{"alt_text":"","src":"https:\/\/i0.wp.com\/www.wallendorff.com\/belogue\/wp-content\/uploads\/2015\/04\/200809031.jpg?resize=350%2C200&ssl=1","width":350,"height":200,"srcset":"https:\/\/i0.wp.com\/www.wallendorff.com\/belogue\/wp-content\/uploads\/2015\/04\/200809031.jpg?resize=350%2C200&ssl=1 1x, https:\/\/i0.wp.com\/www.wallendorff.com\/belogue\/wp-content\/uploads\/2015\/04\/200809031.jpg?resize=525%2C300&ssl=1 1.5x, https:\/\/i0.wp.com\/www.wallendorff.com\/belogue\/wp-content\/uploads\/2015\/04\/200809031.jpg?resize=700%2C400&ssl=1 2x"},"classes":[]},{"id":21964,"url":"https:\/\/www.wallendorff.com\/belogue\/2013\/11\/06\/ghosts-in-the-shelves\/","url_meta":{"origin":5019,"position":5},"title":"Ghosts in the shelves.","author":"dpc","date":"6 novembre 2013","format":false,"excerpt":"Archives Municipales, Metz, 14 septembre. We Sink Chvrches","rel":"","context":"Dans &quot;DPC&quot;","block_context":{"text":"DPC","link":"https:\/\/www.wallendorff.com\/belogue\/category\/dpc\/"},"img":{"alt_text":"","src":"https:\/\/i0.wp.com\/www.wallendorff.com\/belogue\/wp-content\/uploads\/2015\/04\/201311061.jpg?resize=350%2C200&ssl=1","width":350,"height":200},"classes":[]}],"_links":{"self":[{"href":"https:\/\/www.wallendorff.com\/belogue\/wp-json\/wp\/v2\/posts\/5019","targetHints":{"allow":["GET"]}}],"collection":[{"href":"https:\/\/www.wallendorff.com\/belogue\/wp-json\/wp\/v2\/posts"}],"about":[{"href":"https:\/\/www.wallendorff.com\/belogue\/wp-json\/wp\/v2\/types\/post"}],"author":[{"embeddable":true,"href":"https:\/\/www.wallendorff.com\/belogue\/wp-json\/wp\/v2\/users\/1"}],"replies":[{"embeddable":true,"href":"https:\/\/www.wallendorff.com\/belogue\/wp-json\/wp\/v2\/comments?post=5019"}],"version-history":[{"count":1,"href":"https:\/\/www.wallendorff.com\/belogue\/wp-json\/wp\/v2\/posts\/5019\/revisions"}],"predecessor-version":[{"id":15445,"href":"https:\/\/www.wallendorff.com\/belogue\/wp-json\/wp\/v2\/posts\/5019\/revisions\/15445"}],"wp:featuredmedia":[{"embeddable":true,"href":"https:\/\/www.wallendorff.com\/belogue\/wp-json\/wp\/v2\/media\/25585"}],"wp:attachment":[{"href":"https:\/\/www.wallendorff.com\/belogue\/wp-json\/wp\/v2\/media?parent=5019"}],"wp:term":[{"taxonomy":"category","embeddable":true,"href":"https:\/\/www.wallendorff.com\/belogue\/wp-json\/wp\/v2\/categories?post=5019"},{"taxonomy":"post_tag","embeddable":true,"href":"https:\/\/www.wallendorff.com\/belogue\/wp-json\/wp\/v2\/tags?post=5019"}],"curies":[{"name":"wp","href":"https:\/\/api.w.org\/{rel}","templated":true}]}}