{"id":50122,"date":"2021-12-01T10:11:48","date_gmt":"2021-12-01T08:11:48","guid":{"rendered":"https:\/\/www.wallendorff.com\/belogue\/?p=50122"},"modified":"2021-12-14T11:05:20","modified_gmt":"2021-12-14T09:05:20","slug":"au-lac-etale","status":"publish","type":"post","link":"https:\/\/www.wallendorff.com\/belogue\/2021\/12\/01\/au-lac-etale\/","title":{"rendered":"Au lac, \u00e9tale."},"content":{"rendered":"<div id=\"photo\"><img decoding=\"async\" src=\"https:\/\/www.wallendorff.com\/belogue\/wp-content\/uploads\/2021\/12\/20211201.jpg\"><br \/>\nPort d&rsquo;Ouchy, Lausanne, 3 octobre 2021.<\/div>\n<div id=\"bandeson\"><img decoding=\"async\" src=\"https:\/\/www.wallendorff.com\/belogue\/photo\/pochettes\/i\/ider-shame.jpg\" align=\"left\"><a href=\"https:\/\/www.youtube.com\/watch?v=0mrXTJZtee8\"><em>Waiting 17 03<\/em><\/a><br \/>\n<a href=\"https:\/\/weareider.com\/\">IDER<\/a>&nbsp;<\/div>\n","protected":false},"excerpt":{"rendered":"<p>Port d&rsquo;Ouchy, Lausanne, 3 octobre 2021. Waiting 17 03 IDER&nbsp;<\/p>\n","protected":false},"author":1,"featured_media":50123,"comment_status":"open","ping_status":"open","sticky":false,"template":"","format":"standard","meta":{"_acf_changed":false,"ngg_post_thumbnail":0,"jetpack_post_was_ever_published":false,"_jetpack_newsletter_access":"","_jetpack_dont_email_post_to_subs":false,"_jetpack_newsletter_tier_id":0,"_jetpack_memberships_contains_paywalled_content":false,"_jetpack_memberships_contains_paid_content":false,"footnotes":"","jetpack_publicize_message":"","jetpack_publicize_feature_enabled":true,"jetpack_social_post_already_shared":true,"jetpack_social_options":{"image_generator_settings":{"template":"highway","default_image_id":0,"font":"","enabled":false},"version":2}},"categories":[3],"tags":[10887,10484,17279,14272,17345,10667,11041,10885,10426,17493,10592,10886,17494],"class_list":["post-50122","post","type-post","status-publish","format-standard","has-post-thumbnail","hentry","category-dpc","tag-canton-de-vaud","tag-eau","tag-fujifilm-x-e4","tag-fujinon-xf-18-55-mm-f2-8-4-r-lm-ois","tag-ider","tag-lac","tag-lac-leman","tag-lausanne","tag-montagne","tag-port-douchy-2","tag-pose-longue","tag-suisse","tag-waiting-17-03"],"acf":[],"geo":{"latitude":46.5050774,"longitude":6.6284466,"description":"Lausanne, Canton de Vaud, 1002, CH"},"jetpack_publicize_connections":[],"jetpack_featured_media_url":"https:\/\/www.wallendorff.com\/belogue\/wp-content\/uploads\/2021\/12\/20211201.jpg","jetpack_shortlink":"https:\/\/wp.me\/p3b35P-d2q","jetpack_sharing_enabled":true,"jetpack-related-posts":[{"id":31021,"url":"https:\/\/www.wallendorff.com\/belogue\/2016\/05\/25\/etape-sur-des-bancs-bouees-aisselles-nues-mer-au-loin-2\/","url_meta":{"origin":50122,"position":0},"title":"\u00c9tape sur des bancs-bou\u00e9es, aisselles nues, mer au loin.","author":"dpc","date":"25 mai 2016","format":false,"excerpt":"Port d'Ouchy, Lausanne, 19 mars. Clearest Blue CHVRCHES","rel":"","context":"Dans &quot;DPC&quot;","block_context":{"text":"DPC","link":"https:\/\/www.wallendorff.com\/belogue\/category\/dpc\/"},"img":{"alt_text":"","src":"https:\/\/i0.wp.com\/www.wallendorff.com\/belogue\/wp-content\/uploads\/2016\/05\/20160525.jpg?resize=350%2C200&ssl=1","width":350,"height":200,"srcset":"https:\/\/i0.wp.com\/www.wallendorff.com\/belogue\/wp-content\/uploads\/2016\/05\/20160525.jpg?resize=350%2C200&ssl=1 1x, https:\/\/i0.wp.com\/www.wallendorff.com\/belogue\/wp-content\/uploads\/2016\/05\/20160525.jpg?resize=525%2C300&ssl=1 1.5x, https:\/\/i0.wp.com\/www.wallendorff.com\/belogue\/wp-content\/uploads\/2016\/05\/20160525.jpg?resize=700%2C400&ssl=1 2x"},"classes":[]},{"id":30651,"url":"https:\/\/www.wallendorff.com\/belogue\/2016\/03\/31\/mars-2016\/","url_meta":{"origin":50122,"position":1},"title":"Mars 2016.","author":"dpc","date":"31 mars 2016","format":false,"excerpt":"Un concert, une soir\u00e9e \u00ab\u00a0vin et litt\u00e9rature sanitaire\u00a0\u00bb, un week-end enneig\u00e9, un concert, un Alhambra \u00e0 l'envers, une coulisse, un concert, une place vide, des chaises, des cadres, un grand nid, un d\u00e9m\u00e9nagement, une vue imprenable, un anniversaire, un num\u00e9ro, une fen\u00eatre, un spectacle, un vernissage, un concert, un train,\u2026","rel":"","context":"Dans &quot;Blog-note&quot;","block_context":{"text":"Blog-note","link":"https:\/\/www.wallendorff.com\/belogue\/category\/blog-note\/"},"img":{"alt_text":"","src":"https:\/\/i0.wp.com\/www.wallendorff.com\/belogue\/wp-content\/uploads\/2016\/04\/20160417-67.jpg?resize=350%2C200&ssl=1","width":350,"height":200,"srcset":"https:\/\/i0.wp.com\/www.wallendorff.com\/belogue\/wp-content\/uploads\/2016\/04\/20160417-67.jpg?resize=350%2C200&ssl=1 1x, https:\/\/i0.wp.com\/www.wallendorff.com\/belogue\/wp-content\/uploads\/2016\/04\/20160417-67.jpg?resize=525%2C300&ssl=1 1.5x, https:\/\/i0.wp.com\/www.wallendorff.com\/belogue\/wp-content\/uploads\/2016\/04\/20160417-67.jpg?resize=700%2C400&ssl=1 2x"},"classes":[]},{"id":49918,"url":"https:\/\/www.wallendorff.com\/belogue\/2021\/10\/31\/octobre-2021\/","url_meta":{"origin":50122,"position":2},"title":"Octobre 2021.","author":"dpc","date":"31 octobre 2021","format":false,"excerpt":"Un train, un resto, un spectacle, une passerelle, un spectacle, une bo\u00eete, un bar, un nuage, un lac, un train, un coucher de soleil, une lecture, un buste, un clocher, un ap\u00e9ro, un RER, un a\u00e9roport, un avion, un a\u00e9roport, un hurling, un handball ga\u00e9lique, un pub, un mur, un\u2026","rel":"","context":"Dans &quot;Blog-note&quot;","block_context":{"text":"Blog-note","link":"https:\/\/www.wallendorff.com\/belogue\/category\/blog-note\/"},"img":{"alt_text":"","src":"https:\/\/i0.wp.com\/www.wallendorff.com\/belogue\/wp-content\/uploads\/2021\/11\/20211115-60.jpg?resize=350%2C200&ssl=1","width":350,"height":200,"srcset":"https:\/\/i0.wp.com\/www.wallendorff.com\/belogue\/wp-content\/uploads\/2021\/11\/20211115-60.jpg?resize=350%2C200&ssl=1 1x, https:\/\/i0.wp.com\/www.wallendorff.com\/belogue\/wp-content\/uploads\/2021\/11\/20211115-60.jpg?resize=525%2C300&ssl=1 1.5x, https:\/\/i0.wp.com\/www.wallendorff.com\/belogue\/wp-content\/uploads\/2021\/11\/20211115-60.jpg?resize=700%2C400&ssl=1 2x, https:\/\/i0.wp.com\/www.wallendorff.com\/belogue\/wp-content\/uploads\/2021\/11\/20211115-60.jpg?resize=1050%2C600&ssl=1 3x"},"classes":[]},{"id":126922,"url":"https:\/\/www.wallendorff.com\/belogue\/2023\/12\/14\/tcho-lausanne\/","url_meta":{"origin":50122,"position":3},"title":"Tch\u00f4 Lausanne.","author":"dpc","date":"14 d\u00e9cembre 2023","format":false,"excerpt":"","rel":"","context":"Dans &quot;DPC&quot;","block_context":{"text":"DPC","link":"https:\/\/www.wallendorff.com\/belogue\/category\/dpc\/"},"img":{"alt_text":"","src":"https:\/\/i0.wp.com\/www.wallendorff.com\/belogue\/wp-content\/uploads\/2023\/12\/20231214-09.jpg?resize=350%2C200&ssl=1","width":350,"height":200,"srcset":"https:\/\/i0.wp.com\/www.wallendorff.com\/belogue\/wp-content\/uploads\/2023\/12\/20231214-09.jpg?resize=350%2C200&ssl=1 1x, https:\/\/i0.wp.com\/www.wallendorff.com\/belogue\/wp-content\/uploads\/2023\/12\/20231214-09.jpg?resize=525%2C300&ssl=1 1.5x, https:\/\/i0.wp.com\/www.wallendorff.com\/belogue\/wp-content\/uploads\/2023\/12\/20231214-09.jpg?resize=700%2C400&ssl=1 2x, https:\/\/i0.wp.com\/www.wallendorff.com\/belogue\/wp-content\/uploads\/2023\/12\/20231214-09.jpg?resize=1050%2C600&ssl=1 3x"},"classes":[]},{"id":12698,"url":"https:\/\/www.wallendorff.com\/belogue\/2011\/05\/02\/devian-droit-banne-art\/","url_meta":{"origin":50122,"position":4},"title":"D&rsquo;\u00c9vian droit banne art.","author":"dpc","date":"2 mai 2011","format":false,"excerpt":"Lausanne, 3 avril. \u00a0Chris Bathgate \u2014 No Silver","rel":"","context":"Dans &quot;DPC&quot;","block_context":{"text":"DPC","link":"https:\/\/www.wallendorff.com\/belogue\/category\/dpc\/"},"img":{"alt_text":"","src":"https:\/\/i0.wp.com\/www.wallendorff.com\/belogue\/wp-content\/uploads\/2015\/04\/201105021.jpg?resize=350%2C200&ssl=1","width":350,"height":200,"srcset":"https:\/\/i0.wp.com\/www.wallendorff.com\/belogue\/wp-content\/uploads\/2015\/04\/201105021.jpg?resize=350%2C200&ssl=1 1x, https:\/\/i0.wp.com\/www.wallendorff.com\/belogue\/wp-content\/uploads\/2015\/04\/201105021.jpg?resize=525%2C300&ssl=1 1.5x"},"classes":[]},{"id":49744,"url":"https:\/\/www.wallendorff.com\/belogue\/2021\/10\/13\/into-the-wide-232\/","url_meta":{"origin":50122,"position":5},"title":"Into the wide #232.","author":"dpc","date":"13 octobre 2021","format":false,"excerpt":"Universit\u00e9 de Vienne, 26 juin 2021. Cross Yourself IDER","rel":"","context":"Dans &quot;Into the wide&quot;","block_context":{"text":"Into the wide","link":"https:\/\/www.wallendorff.com\/belogue\/category\/into-the-wide\/"},"img":{"alt_text":"","src":"https:\/\/i0.wp.com\/www.wallendorff.com\/belogue\/wp-content\/uploads\/2021\/10\/20211013.jpg?resize=350%2C200&ssl=1","width":350,"height":200,"srcset":"https:\/\/i0.wp.com\/www.wallendorff.com\/belogue\/wp-content\/uploads\/2021\/10\/20211013.jpg?resize=350%2C200&ssl=1 1x, https:\/\/i0.wp.com\/www.wallendorff.com\/belogue\/wp-content\/uploads\/2021\/10\/20211013.jpg?resize=525%2C300&ssl=1 1.5x, https:\/\/i0.wp.com\/www.wallendorff.com\/belogue\/wp-content\/uploads\/2021\/10\/20211013.jpg?resize=700%2C400&ssl=1 2x"},"classes":[]}],"_links":{"self":[{"href":"https:\/\/www.wallendorff.com\/belogue\/wp-json\/wp\/v2\/posts\/50122","targetHints":{"allow":["GET"]}}],"collection":[{"href":"https:\/\/www.wallendorff.com\/belogue\/wp-json\/wp\/v2\/posts"}],"about":[{"href":"https:\/\/www.wallendorff.com\/belogue\/wp-json\/wp\/v2\/types\/post"}],"author":[{"embeddable":true,"href":"https:\/\/www.wallendorff.com\/belogue\/wp-json\/wp\/v2\/users\/1"}],"replies":[{"embeddable":true,"href":"https:\/\/www.wallendorff.com\/belogue\/wp-json\/wp\/v2\/comments?post=50122"}],"version-history":[{"count":4,"href":"https:\/\/www.wallendorff.com\/belogue\/wp-json\/wp\/v2\/posts\/50122\/revisions"}],"predecessor-version":[{"id":50213,"href":"https:\/\/www.wallendorff.com\/belogue\/wp-json\/wp\/v2\/posts\/50122\/revisions\/50213"}],"wp:featuredmedia":[{"embeddable":true,"href":"https:\/\/www.wallendorff.com\/belogue\/wp-json\/wp\/v2\/media\/50123"}],"wp:attachment":[{"href":"https:\/\/www.wallendorff.com\/belogue\/wp-json\/wp\/v2\/media?parent=50122"}],"wp:term":[{"taxonomy":"category","embeddable":true,"href":"https:\/\/www.wallendorff.com\/belogue\/wp-json\/wp\/v2\/categories?post=50122"},{"taxonomy":"post_tag","embeddable":true,"href":"https:\/\/www.wallendorff.com\/belogue\/wp-json\/wp\/v2\/tags?post=50122"}],"curies":[{"name":"wp","href":"https:\/\/api.w.org\/{rel}","templated":true}]}}