{"id":50049,"date":"2021-11-25T10:26:15","date_gmt":"2021-11-25T08:26:15","guid":{"rendered":"https:\/\/www.wallendorff.com\/belogue\/?p=50049"},"modified":"2021-11-27T10:48:49","modified_gmt":"2021-11-27T08:48:49","slug":"le-mediatique-emballement-ii-matage","status":"publish","type":"post","link":"https:\/\/www.wallendorff.com\/belogue\/2021\/11\/25\/le-mediatique-emballement-ii-matage\/","title":{"rendered":"Le m\u00e9diatique emballement II : matage."},"content":{"rendered":"<figure class=\"gallery-item\">\n\t\t\t\t<a data-elementor-open-lightbox=\"yes\" data-elementor-lightbox-slideshow=\"337252e\" data-elementor-lightbox-title=\"L'Arc de Triomphe Wrapped\" href=\"https:\/\/www.wallendorff.com\/belogue\/wp-content\/uploads\/2021\/11\/20211122-20.jpg\"><img loading=\"lazy\" decoding=\"async\" width=\"1170\" height=\"780\" src=\"https:\/\/www.wallendorff.com\/belogue\/wp-content\/uploads\/2021\/11\/20211122-20.jpg\" alt=\"\" loading=\"lazy\" srcset=\"https:\/\/www.wallendorff.com\/belogue\/wp-content\/uploads\/2021\/11\/20211122-20.jpg 1170w, https:\/\/www.wallendorff.com\/belogue\/wp-content\/uploads\/2021\/11\/20211122-20-1116x744.jpg 1116w, https:\/\/www.wallendorff.com\/belogue\/wp-content\/uploads\/2021\/11\/20211122-20-806x537.jpg 806w, https:\/\/www.wallendorff.com\/belogue\/wp-content\/uploads\/2021\/11\/20211122-20-558x372.jpg 558w, https:\/\/www.wallendorff.com\/belogue\/wp-content\/uploads\/2021\/11\/20211122-20-655x437.jpg 655w, https:\/\/www.wallendorff.com\/belogue\/wp-content\/uploads\/2021\/11\/20211122-20-820x547.jpg 820w\" sizes=\"auto, (max-width: 1170px) 100vw, 1170px\"><\/a><\/figure>\n<figure class=\"gallery-item\">\n\t\t\t\t<a data-elementor-open-lightbox=\"yes\" data-elementor-lightbox-slideshow=\"337252e\" data-elementor-lightbox-title=\"20211122-21\" href=\"https:\/\/www.wallendorff.com\/belogue\/wp-content\/uploads\/2021\/11\/20211122-21.jpg\"><img loading=\"lazy\" decoding=\"async\" width=\"1170\" height=\"780\" src=\"https:\/\/www.wallendorff.com\/belogue\/wp-content\/uploads\/2021\/11\/20211122-21.jpg\" alt=\"\" loading=\"lazy\" srcset=\"https:\/\/www.wallendorff.com\/belogue\/wp-content\/uploads\/2021\/11\/20211122-21.jpg 1170w, https:\/\/www.wallendorff.com\/belogue\/wp-content\/uploads\/2021\/11\/20211122-21-1116x744.jpg 1116w, https:\/\/www.wallendorff.com\/belogue\/wp-content\/uploads\/2021\/11\/20211122-21-806x537.jpg 806w, https:\/\/www.wallendorff.com\/belogue\/wp-content\/uploads\/2021\/11\/20211122-21-558x372.jpg 558w, https:\/\/www.wallendorff.com\/belogue\/wp-content\/uploads\/2021\/11\/20211122-21-655x437.jpg 655w, https:\/\/www.wallendorff.com\/belogue\/wp-content\/uploads\/2021\/11\/20211122-21-820x547.jpg 820w\" sizes=\"auto, (max-width: 1170px) 100vw, 1170px\"><\/a><\/figure>\n<figure class=\"gallery-item\">\n\t\t\t\t<a data-elementor-open-lightbox=\"yes\" data-elementor-lightbox-slideshow=\"337252e\" data-elementor-lightbox-title=\"L'Arc de Triomphe Wrapped\" href=\"https:\/\/www.wallendorff.com\/belogue\/wp-content\/uploads\/2021\/11\/20211122-22.jpg\"><img loading=\"lazy\" decoding=\"async\" width=\"1170\" height=\"780\" src=\"https:\/\/www.wallendorff.com\/belogue\/wp-content\/uploads\/2021\/11\/20211122-22.jpg\" alt=\"\" loading=\"lazy\" srcset=\"https:\/\/www.wallendorff.com\/belogue\/wp-content\/uploads\/2021\/11\/20211122-22.jpg 1170w, https:\/\/www.wallendorff.com\/belogue\/wp-content\/uploads\/2021\/11\/20211122-22-1116x744.jpg 1116w, https:\/\/www.wallendorff.com\/belogue\/wp-content\/uploads\/2021\/11\/20211122-22-806x537.jpg 806w, https:\/\/www.wallendorff.com\/belogue\/wp-content\/uploads\/2021\/11\/20211122-22-558x372.jpg 558w, https:\/\/www.wallendorff.com\/belogue\/wp-content\/uploads\/2021\/11\/20211122-22-655x437.jpg 655w, https:\/\/www.wallendorff.com\/belogue\/wp-content\/uploads\/2021\/11\/20211122-22-820x547.jpg 820w\" sizes=\"auto, (max-width: 1170px) 100vw, 1170px\"><\/a><\/figure>\n<figure class=\"gallery-item\">\n\t\t\t\t<a data-elementor-open-lightbox=\"yes\" data-elementor-lightbox-slideshow=\"337252e\" data-elementor-lightbox-title=\"L'Arc de Triomphe Wrapped\" href=\"https:\/\/www.wallendorff.com\/belogue\/wp-content\/uploads\/2021\/11\/20211122-23.jpg\"><img loading=\"lazy\" decoding=\"async\" width=\"780\" height=\"1170\" src=\"https:\/\/www.wallendorff.com\/belogue\/wp-content\/uploads\/2021\/11\/20211122-23.jpg\" alt=\"\" loading=\"lazy\" srcset=\"https:\/\/www.wallendorff.com\/belogue\/wp-content\/uploads\/2021\/11\/20211122-23.jpg 780w, https:\/\/www.wallendorff.com\/belogue\/wp-content\/uploads\/2021\/11\/20211122-23-558x837.jpg 558w, https:\/\/www.wallendorff.com\/belogue\/wp-content\/uploads\/2021\/11\/20211122-23-655x983.jpg 655w\" sizes=\"auto, (max-width: 780px) 100vw, 780px\"><\/a><\/figure>\n<figure class=\"gallery-item\">\n\t\t\t\t<a data-elementor-open-lightbox=\"yes\" data-elementor-lightbox-slideshow=\"337252e\" data-elementor-lightbox-title=\"L'Arc de Triomphe Wrapped\" href=\"https:\/\/www.wallendorff.com\/belogue\/wp-content\/uploads\/2021\/11\/20211122-24.jpg\"><img loading=\"lazy\" decoding=\"async\" width=\"1170\" height=\"780\" src=\"https:\/\/www.wallendorff.com\/belogue\/wp-content\/uploads\/2021\/11\/20211122-24.jpg\" alt=\"\" loading=\"lazy\" srcset=\"https:\/\/www.wallendorff.com\/belogue\/wp-content\/uploads\/2021\/11\/20211122-24.jpg 1170w, https:\/\/www.wallendorff.com\/belogue\/wp-content\/uploads\/2021\/11\/20211122-24-1116x744.jpg 1116w, https:\/\/www.wallendorff.com\/belogue\/wp-content\/uploads\/2021\/11\/20211122-24-806x537.jpg 806w, https:\/\/www.wallendorff.com\/belogue\/wp-content\/uploads\/2021\/11\/20211122-24-558x372.jpg 558w, https:\/\/www.wallendorff.com\/belogue\/wp-content\/uploads\/2021\/11\/20211122-24-655x437.jpg 655w, https:\/\/www.wallendorff.com\/belogue\/wp-content\/uploads\/2021\/11\/20211122-24-820x547.jpg 820w\" sizes=\"auto, (max-width: 1170px) 100vw, 1170px\"><\/a><\/figure>\n<figure class=\"gallery-item\">\n\t\t\t\t<a data-elementor-open-lightbox=\"yes\" data-elementor-lightbox-slideshow=\"337252e\" data-elementor-lightbox-title=\"L'Arc de Triomphe Wrapped\" href=\"https:\/\/www.wallendorff.com\/belogue\/wp-content\/uploads\/2021\/11\/20211122-25.jpg\"><img loading=\"lazy\" decoding=\"async\" width=\"780\" height=\"1170\" src=\"https:\/\/www.wallendorff.com\/belogue\/wp-content\/uploads\/2021\/11\/20211122-25.jpg\" alt=\"\" loading=\"lazy\" srcset=\"https:\/\/www.wallendorff.com\/belogue\/wp-content\/uploads\/2021\/11\/20211122-25.jpg 780w, https:\/\/www.wallendorff.com\/belogue\/wp-content\/uploads\/2021\/11\/20211122-25-558x837.jpg 558w, https:\/\/www.wallendorff.com\/belogue\/wp-content\/uploads\/2021\/11\/20211122-25-655x983.jpg 655w\" sizes=\"auto, (max-width: 780px) 100vw, 780px\"><\/a><\/figure>\n<figure class=\"gallery-item\">\n\t\t\t\t<a data-elementor-open-lightbox=\"yes\" data-elementor-lightbox-slideshow=\"337252e\" data-elementor-lightbox-title=\"L'Arc de Triomphe Wrapped\" href=\"https:\/\/www.wallendorff.com\/belogue\/wp-content\/uploads\/2021\/11\/20211122-26.jpg\"><img loading=\"lazy\" decoding=\"async\" width=\"1170\" height=\"780\" src=\"https:\/\/www.wallendorff.com\/belogue\/wp-content\/uploads\/2021\/11\/20211122-26.jpg\" alt=\"\" loading=\"lazy\" srcset=\"https:\/\/www.wallendorff.com\/belogue\/wp-content\/uploads\/2021\/11\/20211122-26.jpg 1170w, https:\/\/www.wallendorff.com\/belogue\/wp-content\/uploads\/2021\/11\/20211122-26-1116x744.jpg 1116w, https:\/\/www.wallendorff.com\/belogue\/wp-content\/uploads\/2021\/11\/20211122-26-806x537.jpg 806w, https:\/\/www.wallendorff.com\/belogue\/wp-content\/uploads\/2021\/11\/20211122-26-558x372.jpg 558w, https:\/\/www.wallendorff.com\/belogue\/wp-content\/uploads\/2021\/11\/20211122-26-655x437.jpg 655w, https:\/\/www.wallendorff.com\/belogue\/wp-content\/uploads\/2021\/11\/20211122-26-820x547.jpg 820w\" sizes=\"auto, (max-width: 1170px) 100vw, 1170px\"><\/a><\/figure>\n<figure class=\"gallery-item\">\n\t\t\t\t<a data-elementor-open-lightbox=\"yes\" data-elementor-lightbox-slideshow=\"337252e\" data-elementor-lightbox-title=\"20211122-27\" href=\"https:\/\/www.wallendorff.com\/belogue\/wp-content\/uploads\/2021\/11\/20211122-27.jpg\"><img loading=\"lazy\" decoding=\"async\" width=\"1170\" height=\"780\" src=\"https:\/\/www.wallendorff.com\/belogue\/wp-content\/uploads\/2021\/11\/20211122-27.jpg\" alt=\"\" loading=\"lazy\" srcset=\"https:\/\/www.wallendorff.com\/belogue\/wp-content\/uploads\/2021\/11\/20211122-27.jpg 1170w, https:\/\/www.wallendorff.com\/belogue\/wp-content\/uploads\/2021\/11\/20211122-27-1116x744.jpg 1116w, https:\/\/www.wallendorff.com\/belogue\/wp-content\/uploads\/2021\/11\/20211122-27-806x537.jpg 806w, https:\/\/www.wallendorff.com\/belogue\/wp-content\/uploads\/2021\/11\/20211122-27-558x372.jpg 558w, https:\/\/www.wallendorff.com\/belogue\/wp-content\/uploads\/2021\/11\/20211122-27-655x437.jpg 655w, https:\/\/www.wallendorff.com\/belogue\/wp-content\/uploads\/2021\/11\/20211122-27-820x547.jpg 820w\" sizes=\"auto, (max-width: 1170px) 100vw, 1170px\"><\/a><\/figure>\n<figure class=\"gallery-item\">\n\t\t\t\t<a data-elementor-open-lightbox=\"yes\" data-elementor-lightbox-slideshow=\"337252e\" data-elementor-lightbox-title=\"Place Charles-de-Gaulle, Paris\" href=\"https:\/\/www.wallendorff.com\/belogue\/wp-content\/uploads\/2021\/11\/20211122-31-1.jpg\"><img loading=\"lazy\" decoding=\"async\" width=\"1170\" height=\"780\" src=\"https:\/\/www.wallendorff.com\/belogue\/wp-content\/uploads\/2021\/11\/20211122-31-1.jpg\" alt=\"\" loading=\"lazy\" srcset=\"https:\/\/www.wallendorff.com\/belogue\/wp-content\/uploads\/2021\/11\/20211122-31-1.jpg 1170w, https:\/\/www.wallendorff.com\/belogue\/wp-content\/uploads\/2021\/11\/20211122-31-1-1116x744.jpg 1116w, https:\/\/www.wallendorff.com\/belogue\/wp-content\/uploads\/2021\/11\/20211122-31-1-806x537.jpg 806w, https:\/\/www.wallendorff.com\/belogue\/wp-content\/uploads\/2021\/11\/20211122-31-1-558x372.jpg 558w, https:\/\/www.wallendorff.com\/belogue\/wp-content\/uploads\/2021\/11\/20211122-31-1-655x437.jpg 655w, https:\/\/www.wallendorff.com\/belogue\/wp-content\/uploads\/2021\/11\/20211122-31-1-820x547.jpg 820w\" sizes=\"auto, (max-width: 1170px) 100vw, 1170px\"><\/a><\/figure>\n<figure class=\"gallery-item\">\n\t\t\t\t<a data-elementor-open-lightbox=\"yes\" data-elementor-lightbox-slideshow=\"337252e\" data-elementor-lightbox-title=\"Place Charles-de-Gaulle, Paris\" href=\"https:\/\/www.wallendorff.com\/belogue\/wp-content\/uploads\/2021\/11\/20211122-32.jpg\"><img loading=\"lazy\" decoding=\"async\" width=\"1170\" height=\"780\" src=\"https:\/\/www.wallendorff.com\/belogue\/wp-content\/uploads\/2021\/11\/20211122-32.jpg\" alt=\"\" loading=\"lazy\" srcset=\"https:\/\/www.wallendorff.com\/belogue\/wp-content\/uploads\/2021\/11\/20211122-32.jpg 1170w, https:\/\/www.wallendorff.com\/belogue\/wp-content\/uploads\/2021\/11\/20211122-32-1116x744.jpg 1116w, https:\/\/www.wallendorff.com\/belogue\/wp-content\/uploads\/2021\/11\/20211122-32-806x537.jpg 806w, https:\/\/www.wallendorff.com\/belogue\/wp-content\/uploads\/2021\/11\/20211122-32-558x372.jpg 558w, https:\/\/www.wallendorff.com\/belogue\/wp-content\/uploads\/2021\/11\/20211122-32-655x437.jpg 655w, https:\/\/www.wallendorff.com\/belogue\/wp-content\/uploads\/2021\/11\/20211122-32-820x547.jpg 820w\" sizes=\"auto, (max-width: 1170px) 100vw, 1170px\"><\/a><\/figure>\n<figure class=\"gallery-item\">\n\t\t\t\t<a data-elementor-open-lightbox=\"yes\" data-elementor-lightbox-slideshow=\"337252e\" data-elementor-lightbox-title=\"Place Charles-de-Gaulle, Paris\" href=\"https:\/\/www.wallendorff.com\/belogue\/wp-content\/uploads\/2021\/11\/20211122-33.jpg\"><img loading=\"lazy\" decoding=\"async\" width=\"780\" height=\"1170\" src=\"https:\/\/www.wallendorff.com\/belogue\/wp-content\/uploads\/2021\/11\/20211122-33.jpg\" alt=\"\" loading=\"lazy\" srcset=\"https:\/\/www.wallendorff.com\/belogue\/wp-content\/uploads\/2021\/11\/20211122-33.jpg 780w, https:\/\/www.wallendorff.com\/belogue\/wp-content\/uploads\/2021\/11\/20211122-33-558x837.jpg 558w, https:\/\/www.wallendorff.com\/belogue\/wp-content\/uploads\/2021\/11\/20211122-33-655x983.jpg 655w\" sizes=\"auto, (max-width: 780px) 100vw, 780px\"><\/a><\/figure>\n","protected":false},"excerpt":{"rendered":"","protected":false},"author":1,"featured_media":50060,"comment_status":"open","ping_status":"open","sticky":false,"template":"","format":"standard","meta":{"_acf_changed":false,"ngg_post_thumbnail":0,"jetpack_post_was_ever_published":false,"_jetpack_newsletter_access":"","_jetpack_dont_email_post_to_subs":false,"_jetpack_newsletter_tier_id":0,"_jetpack_memberships_contains_paywalled_content":false,"_jetpack_memberships_contains_paid_content":false,"footnotes":"","jetpack_publicize_message":"","jetpack_publicize_feature_enabled":true,"jetpack_social_post_already_shared":true,"jetpack_social_options":{"image_generator_settings":{"template":"highway","default_image_id":0,"font":"","enabled":false},"version":2}},"categories":[3],"tags":[10237,708,8016,1103,17229,10326,10120,17279,14271,15878,14890,15309,14268,10121,17365,17368,16403,11323,10098,5416,10592],"class_list":["post-50049","post","type-post","status-publish","format-standard","has-post-thumbnail","hentry","category-dpc","tag-10237","tag-arc-de-triomphe","tag-arc-de-triomphe-de-letoile","tag-avenue-des-champs-elysees","tag-christo","tag-crepuscule","tag-france","tag-fujifilm-x-e4","tag-fujifilm-x-t2","tag-fujifilm-x-t3","tag-fujinon-xf-10-24-mm-f-4-r-ois","tag-fujinon-xf-16-55-mm-f-2-8-r-lm-wr","tag-fujinon-xf-18-mm-f2-0","tag-ile-de-france","tag-journee-sans-voiture","tag-larc-de-triomphe-wrapped","tag-laowa-9-mm-f-2-8-zero-d","tag-panoramique","tag-paris","tag-place-charles-de-gaulle","tag-pose-longue"],"acf":[],"geo":{"latitude":48.8733749,"longitude":2.2962499,"description":"Paris 08, \u00cele-de-France, 75008, FR"},"jetpack_publicize_connections":[],"jetpack_featured_media_url":"https:\/\/www.wallendorff.com\/belogue\/wp-content\/uploads\/2021\/11\/20211122-32.jpg","jetpack_shortlink":"https:\/\/wp.me\/p3b35P-d1f","jetpack_sharing_enabled":true,"jetpack-related-posts":[{"id":50020,"url":"https:\/\/www.wallendorff.com\/belogue\/2021\/11\/23\/le-mediatique-emballement-i-montage\/","url_meta":{"origin":50049,"position":0},"title":"Le m\u00e9diatique emballement I : montage.","author":"dpc","date":"23 novembre 2021","format":false,"excerpt":"","rel":"","context":"Dans &quot;DPC&quot;","block_context":{"text":"DPC","link":"https:\/\/www.wallendorff.com\/belogue\/category\/dpc\/"},"img":{"alt_text":"","src":"https:\/\/i0.wp.com\/www.wallendorff.com\/belogue\/wp-content\/uploads\/2021\/11\/20211122-04.jpg?resize=350%2C200&ssl=1","width":350,"height":200,"srcset":"https:\/\/i0.wp.com\/www.wallendorff.com\/belogue\/wp-content\/uploads\/2021\/11\/20211122-04.jpg?resize=350%2C200&ssl=1 1x, https:\/\/i0.wp.com\/www.wallendorff.com\/belogue\/wp-content\/uploads\/2021\/11\/20211122-04.jpg?resize=525%2C300&ssl=1 1.5x, https:\/\/i0.wp.com\/www.wallendorff.com\/belogue\/wp-content\/uploads\/2021\/11\/20211122-04.jpg?resize=700%2C400&ssl=1 2x, https:\/\/i0.wp.com\/www.wallendorff.com\/belogue\/wp-content\/uploads\/2021\/11\/20211122-04.jpg?resize=1050%2C600&ssl=1 3x"},"classes":[]},{"id":129867,"url":"https:\/\/www.wallendorff.com\/belogue\/2024\/08\/06\/bulle-tint-mais-tres-haut\/","url_meta":{"origin":50049,"position":1},"title":"Bulle tint [mais tr\u00e8s haut].","author":"dpc","date":"6 ao\u00fbt 2024","format":false,"excerpt":"Elle a de la gueule, cette vasque, et elle fait presque l'unanimit\u00e9. Sur place je n'ai vu que des gens heureux d'\u00eatre l\u00e0, sans aucune manifestation d\u00e9sapprobatoire des anti-vasques.[Pardon.]","rel":"","context":"Dans &quot;DPC&quot;","block_context":{"text":"DPC","link":"https:\/\/www.wallendorff.com\/belogue\/category\/dpc\/"},"img":{"alt_text":"","src":"https:\/\/i0.wp.com\/www.wallendorff.com\/belogue\/wp-content\/uploads\/2024\/08\/20240806-17.jpg?resize=350%2C200&ssl=1","width":350,"height":200,"srcset":"https:\/\/i0.wp.com\/www.wallendorff.com\/belogue\/wp-content\/uploads\/2024\/08\/20240806-17.jpg?resize=350%2C200&ssl=1 1x, https:\/\/i0.wp.com\/www.wallendorff.com\/belogue\/wp-content\/uploads\/2024\/08\/20240806-17.jpg?resize=525%2C300&ssl=1 1.5x, https:\/\/i0.wp.com\/www.wallendorff.com\/belogue\/wp-content\/uploads\/2024\/08\/20240806-17.jpg?resize=700%2C400&ssl=1 2x, https:\/\/i0.wp.com\/www.wallendorff.com\/belogue\/wp-content\/uploads\/2024\/08\/20240806-17.jpg?resize=1050%2C600&ssl=1 3x"},"classes":[]},{"id":38088,"url":"https:\/\/www.wallendorff.com\/belogue\/2018\/05\/07\/le-queux-roux-vert-rala-quaux-nues\/","url_meta":{"origin":50049,"position":2},"title":"Le queux roux-vert r\u00e2la qu&rsquo;aux nues.","author":"dpc","date":"7 mai 2018","format":false,"excerpt":"Avenue de Friedland, Paris, 12 mars. All My Love George Ezra","rel":"","context":"Dans &quot;DPC&quot;","block_context":{"text":"DPC","link":"https:\/\/www.wallendorff.com\/belogue\/category\/dpc\/"},"img":{"alt_text":"Avenue de Friedland, Paris, 12 mars.","src":"https:\/\/i0.wp.com\/www.wallendorff.com\/belogue\/wp-content\/uploads\/2018\/05\/20180507.jpg?resize=350%2C200&ssl=1","width":350,"height":200,"srcset":"https:\/\/i0.wp.com\/www.wallendorff.com\/belogue\/wp-content\/uploads\/2018\/05\/20180507.jpg?resize=350%2C200&ssl=1 1x, https:\/\/i0.wp.com\/www.wallendorff.com\/belogue\/wp-content\/uploads\/2018\/05\/20180507.jpg?resize=525%2C300&ssl=1 1.5x, https:\/\/i0.wp.com\/www.wallendorff.com\/belogue\/wp-content\/uploads\/2018\/05\/20180507.jpg?resize=700%2C400&ssl=1 2x, https:\/\/i0.wp.com\/www.wallendorff.com\/belogue\/wp-content\/uploads\/2018\/05\/20180507.jpg?resize=1050%2C600&ssl=1 3x"},"classes":[]},{"id":45371,"url":"https:\/\/www.wallendorff.com\/belogue\/2020\/03\/18\/hey-new-york-10-novembre-2019\/","url_meta":{"origin":50049,"position":3},"title":"Hey New York \u2013 10 novembre 2019.","author":"dpc","date":"18 mars 2020","format":false,"excerpt":"New York, 10 novembre 2019.","rel":"","context":"Dans &quot;DPC&quot;","block_context":{"text":"DPC","link":"https:\/\/www.wallendorff.com\/belogue\/category\/dpc\/"},"img":{"alt_text":"","src":"https:\/\/i0.wp.com\/www.wallendorff.com\/belogue\/wp-content\/uploads\/2020\/03\/20200318-24.jpg?resize=350%2C200&ssl=1","width":350,"height":200,"srcset":"https:\/\/i0.wp.com\/www.wallendorff.com\/belogue\/wp-content\/uploads\/2020\/03\/20200318-24.jpg?resize=350%2C200&ssl=1 1x, https:\/\/i0.wp.com\/www.wallendorff.com\/belogue\/wp-content\/uploads\/2020\/03\/20200318-24.jpg?resize=525%2C300&ssl=1 1.5x, https:\/\/i0.wp.com\/www.wallendorff.com\/belogue\/wp-content\/uploads\/2020\/03\/20200318-24.jpg?resize=700%2C400&ssl=1 2x, https:\/\/i0.wp.com\/www.wallendorff.com\/belogue\/wp-content\/uploads\/2020\/03\/20200318-24.jpg?resize=1050%2C600&ssl=1 3x"},"classes":[]},{"id":51484,"url":"https:\/\/www.wallendorff.com\/belogue\/2022\/05\/11\/21-h-02-min\/","url_meta":{"origin":50049,"position":4},"title":"21\u00a0h 02 min","author":"dpc","date":"11 mai 2022","format":false,"excerpt":"Hier, comme deux fois l'an, le soleil se couchait dans l'axe de l'Arc de Triomphe de l'\u00c9toile.En d\u00e9couvrant \u00e0 la sortie du m\u00e9tro la masse de corps h\u00e9riss\u00e9es d\u2019objectifs et la for\u00eat de tr\u00e9pieds qui avaient pouss\u00e9 l\u00e0, grouillant dangereusement en plein milieu du trafic, j\u2019ai pens\u00e9 deux choses :\u00a0S\u2019attendre\u2026","rel":"","context":"Dans &quot;DPC&quot;","block_context":{"text":"DPC","link":"https:\/\/www.wallendorff.com\/belogue\/category\/dpc\/"},"img":{"alt_text":"","src":"https:\/\/i0.wp.com\/www.wallendorff.com\/belogue\/wp-content\/uploads\/2022\/05\/20220511-04.jpg?resize=350%2C200&ssl=1","width":350,"height":200,"srcset":"https:\/\/i0.wp.com\/www.wallendorff.com\/belogue\/wp-content\/uploads\/2022\/05\/20220511-04.jpg?resize=350%2C200&ssl=1 1x, https:\/\/i0.wp.com\/www.wallendorff.com\/belogue\/wp-content\/uploads\/2022\/05\/20220511-04.jpg?resize=525%2C300&ssl=1 1.5x, https:\/\/i0.wp.com\/www.wallendorff.com\/belogue\/wp-content\/uploads\/2022\/05\/20220511-04.jpg?resize=700%2C400&ssl=1 2x, https:\/\/i0.wp.com\/www.wallendorff.com\/belogue\/wp-content\/uploads\/2022\/05\/20220511-04.jpg?resize=1050%2C600&ssl=1 3x"},"classes":[]},{"id":50970,"url":"https:\/\/www.wallendorff.com\/belogue\/2022\/03\/09\/intervalle-7\/","url_meta":{"origin":50049,"position":5},"title":"Intervalle #7","author":"dpc","date":"9 mars 2022","format":false,"excerpt":"Place Charles-de-Gaulle, Paris, 17 janvier 2022.","rel":"","context":"Dans &quot;DPC&quot;","block_context":{"text":"DPC","link":"https:\/\/www.wallendorff.com\/belogue\/category\/dpc\/"},"img":{"alt_text":"","src":"https:\/\/i0.wp.com\/www.wallendorff.com\/belogue\/wp-content\/uploads\/2022\/03\/20220309.jpg?resize=350%2C200&ssl=1","width":350,"height":200,"srcset":"https:\/\/i0.wp.com\/www.wallendorff.com\/belogue\/wp-content\/uploads\/2022\/03\/20220309.jpg?resize=350%2C200&ssl=1 1x, https:\/\/i0.wp.com\/www.wallendorff.com\/belogue\/wp-content\/uploads\/2022\/03\/20220309.jpg?resize=525%2C300&ssl=1 1.5x, https:\/\/i0.wp.com\/www.wallendorff.com\/belogue\/wp-content\/uploads\/2022\/03\/20220309.jpg?resize=700%2C400&ssl=1 2x, https:\/\/i0.wp.com\/www.wallendorff.com\/belogue\/wp-content\/uploads\/2022\/03\/20220309.jpg?resize=1050%2C600&ssl=1 3x"},"classes":[]}],"_links":{"self":[{"href":"https:\/\/www.wallendorff.com\/belogue\/wp-json\/wp\/v2\/posts\/50049","targetHints":{"allow":["GET"]}}],"collection":[{"href":"https:\/\/www.wallendorff.com\/belogue\/wp-json\/wp\/v2\/posts"}],"about":[{"href":"https:\/\/www.wallendorff.com\/belogue\/wp-json\/wp\/v2\/types\/post"}],"author":[{"embeddable":true,"href":"https:\/\/www.wallendorff.com\/belogue\/wp-json\/wp\/v2\/users\/1"}],"replies":[{"embeddable":true,"href":"https:\/\/www.wallendorff.com\/belogue\/wp-json\/wp\/v2\/comments?post=50049"}],"version-history":[{"count":9,"href":"https:\/\/www.wallendorff.com\/belogue\/wp-json\/wp\/v2\/posts\/50049\/revisions"}],"predecessor-version":[{"id":50072,"href":"https:\/\/www.wallendorff.com\/belogue\/wp-json\/wp\/v2\/posts\/50049\/revisions\/50072"}],"wp:featuredmedia":[{"embeddable":true,"href":"https:\/\/www.wallendorff.com\/belogue\/wp-json\/wp\/v2\/media\/50060"}],"wp:attachment":[{"href":"https:\/\/www.wallendorff.com\/belogue\/wp-json\/wp\/v2\/media?parent=50049"}],"wp:term":[{"taxonomy":"category","embeddable":true,"href":"https:\/\/www.wallendorff.com\/belogue\/wp-json\/wp\/v2\/categories?post=50049"},{"taxonomy":"post_tag","embeddable":true,"href":"https:\/\/www.wallendorff.com\/belogue\/wp-json\/wp\/v2\/tags?post=50049"}],"curies":[{"name":"wp","href":"https:\/\/api.w.org\/{rel}","templated":true}]}}